{"id":2235,"date":"2021-01-31T10:20:54","date_gmt":"2021-01-31T13:20:54","guid":{"rendered":"https:\/\/tribunadapraia.com.br\/?p=2235"},"modified":"2021-01-31T10:20:54","modified_gmt":"2021-01-31T13:20:54","slug":"existe-um-lugar-chamado-brejo-do-cajueiro-um-paraiso-abencoado-por-deus-e-abandonado-por-propria","status":"publish","type":"post","link":"https:\/\/tribunadapraia.com.br\/?p=2235","title":{"rendered":"Existe um lugar chamado Brejo do Cajueiro, um para\u00edso aben\u00e7oado por Deus e abandonado por Propri\u00e1"},"content":{"rendered":"<p>Localizado entre \u00e0s sedes dos munic\u00edpios de Japoat\u00e3, S\u00e3o Francisco e Propri\u00e1, em cujo territ\u00f3rio est\u00e1 localizado e a 10 km de cada uma delas,, o povoado Brejo do Cajueiro est\u00e1 em um est\u00e1gio espiritual diferenciado, ao tempo em que n\u00e3o alcan\u00e7ado pelas sempre escassas pol\u00edticas p\u00fablicas da Princesinha do S\u00e3o Francisco.<\/p>\n<p>Ao longo dos \u00faltimos 18 anos temos levantado as demandas e defendido bandeiras daquela comunidade, mas a miopia e a surdez das \u00faltimas administra\u00e7\u00f5es n\u00e3o t\u00e8m dado a devida aten\u00e7\u00e3o, o que s\u00f3 n\u00e3o t\u00eam sido pior pela m\u00e3o estendida do munic\u00edpio de S\u00e3o Francisco que compartilha solidariamente o abastecimento de \u00e1gua para gasto, banho e consumo humano.<\/p>\n<p>Elencado como o principal problema, a defici\u00eancia do abastecimento de \u00e1gua lidera com folga, principalmente nas resid\u00eancias localizadas em pontos mais elevados, como Estiva e Alto. Assim, apelamos mais uma vez para a Prefeitura de Propri\u00e1 no sentido de atender ao clamor da comunidade, afinal &#8220;existe um lugar chamado Brejo do Cajueiro&#8221;, se me entendem!<\/p>\n<p>por ClaudOmir Herzog<\/p>\n","protected":false},"excerpt":{"rendered":"<p>Localizado entre \u00e0s sedes dos munic\u00edpios de Japoat\u00e3, S\u00e3o Francisco e Propri\u00e1, em cujo territ\u00f3rio est\u00e1 localizado e a 10 km de cada uma delas,, o povoado Brejo do Cajueiro est\u00e1 em um est\u00e1gio espiritual diferenciado, ao tempo em que n\u00e3o alcan\u00e7ado pelas sempre escassas pol\u00edticas p\u00fablicas da Princesinha do S\u00e3o Francisco. Ao longo dos \u00faltimos 18 anos temos levantado as demandas e defendido bandeiras daquela comunidade, mas a miopia<\/p>\n","protected":false},"author":3,"featured_media":2236,"comment_status":"open","ping_status":"open","sticky":false,"template":"","format":"standard","meta":[],"categories":[18],"tags":[],"yoast_head":"<!-- This site is optimized with the Yoast SEO plugin v16.3 - https:\/\/yoast.com\/wordpress\/plugins\/seo\/ -->\n<title>Existe um lugar chamado Brejo do Cajueiro, um para\u00edso aben\u00e7oado por Deus e abandonado por Propri\u00e1 - TRIBUNA DA PRAIA<\/title>\n<meta name=\"robots\" content=\"index, follow, max-snippet:-1, max-image-preview:large, max-video-preview:-1\" \/>\n<link rel=\"canonical\" href=\"https:\/\/tribunadapraia.com.br\/?p=2235\" \/>\n<meta property=\"og:locale\" content=\"pt_BR\" \/>\n<meta property=\"og:type\" content=\"article\" \/>\n<meta property=\"og:title\" content=\"Existe um lugar chamado Brejo do Cajueiro, um para\u00edso aben\u00e7oado por Deus e abandonado por Propri\u00e1 - TRIBUNA DA PRAIA\" \/>\n<meta property=\"og:description\" content=\"Localizado entre \u00e0s sedes dos munic\u00edpios de Japoat\u00e3, S\u00e3o Francisco e Propri\u00e1, em cujo territ\u00f3rio est\u00e1 localizado e a 10 km de cada uma delas,, o povoado Brejo do Cajueiro est\u00e1 em um est\u00e1gio espiritual diferenciado, ao tempo em que n\u00e3o alcan\u00e7ado pelas sempre escassas pol\u00edticas p\u00fablicas da Princesinha do S\u00e3o Francisco. Ao longo dos \u00faltimos 18 anos temos levantado as demandas e defendido bandeiras daquela comunidade, mas a miopia\" \/>\n<meta property=\"og:url\" content=\"https:\/\/tribunadapraia.com.br\/?p=2235\" \/>\n<meta property=\"og:site_name\" content=\"TRIBUNA DA PRAIA\" \/>\n<meta property=\"article:publisher\" content=\"https:\/\/www.facebook.com\/tribunadapraiaonline\/\" \/>\n<meta property=\"article:published_time\" content=\"2021-01-31T13:20:54+00:00\" \/>\n<meta property=\"og:image\" content=\"https:\/\/tribunadapraia.com.br\/wp-content\/uploads\/2021\/01\/IMG-20210131-WA0012.jpg\" \/>\n\t<meta property=\"og:image:width\" content=\"1040\" \/>\n\t<meta property=\"og:image:height\" content=\"780\" \/>\n<meta name=\"twitter:card\" content=\"summary_large_image\" \/>\n<meta name=\"twitter:creator\" content=\"@Claudomir21\" \/>\n<meta name=\"twitter:site\" content=\"@Claudomir21\" \/>\n<meta name=\"twitter:label1\" content=\"Est. tempo de leitura\">\n\t<meta name=\"twitter:data1\" content=\"1 minuto\">\n<script type=\"application\/ld+json\" class=\"yoast-schema-graph\">{\"@context\":\"https:\/\/schema.org\",\"@graph\":[{\"@type\":\"Organization\",\"@id\":\"https:\/\/tribunadapraia.com.br\/#organization\",\"name\":\"Tribuna da Praia\",\"url\":\"https:\/\/tribunadapraia.com.br\/\",\"sameAs\":[\"https:\/\/www.facebook.com\/tribunadapraiaonline\/\",\"https:\/\/www.instagram.com\/claudomirtavares\/\",\"https:\/\/www.youtube.com\/channel\/UCwQf80nxiMzCefAyjbp53Rw\",\"https:\/\/twitter.com\/Claudomir21\"],\"logo\":{\"@type\":\"ImageObject\",\"@id\":\"https:\/\/tribunadapraia.com.br\/#logo\",\"inLanguage\":\"pt-BR\",\"url\":\"https:\/\/tribunadapraia.com.br\/wp-content\/uploads\/2020\/02\/logo.png\",\"contentUrl\":\"https:\/\/tribunadapraia.com.br\/wp-content\/uploads\/2020\/02\/logo.png\",\"width\":501,\"height\":121,\"caption\":\"Tribuna da Praia\"},\"image\":{\"@id\":\"https:\/\/tribunadapraia.com.br\/#logo\"}},{\"@type\":\"WebSite\",\"@id\":\"https:\/\/tribunadapraia.com.br\/#website\",\"url\":\"https:\/\/tribunadapraia.com.br\/\",\"name\":\"TRIBUNA DA PRAIA\",\"description\":\"O 1\\u00ba jornal do interior de Sergipe na internet\",\"publisher\":{\"@id\":\"https:\/\/tribunadapraia.com.br\/#organization\"},\"potentialAction\":[{\"@type\":\"SearchAction\",\"target\":\"https:\/\/tribunadapraia.com.br\/?s={search_term_string}\",\"query-input\":\"required name=search_term_string\"}],\"inLanguage\":\"pt-BR\"},{\"@type\":\"ImageObject\",\"@id\":\"https:\/\/tribunadapraia.com.br\/?p=2235#primaryimage\",\"inLanguage\":\"pt-BR\",\"url\":\"https:\/\/tribunadapraia.com.br\/wp-content\/uploads\/2021\/01\/IMG-20210131-WA0012.jpg\",\"contentUrl\":\"https:\/\/tribunadapraia.com.br\/wp-content\/uploads\/2021\/01\/IMG-20210131-WA0012.jpg\",\"width\":1040,\"height\":780},{\"@type\":\"WebPage\",\"@id\":\"https:\/\/tribunadapraia.com.br\/?p=2235#webpage\",\"url\":\"https:\/\/tribunadapraia.com.br\/?p=2235\",\"name\":\"Existe um lugar chamado Brejo do Cajueiro, um para\\u00edso aben\\u00e7oado por Deus e abandonado por Propri\\u00e1 - TRIBUNA DA PRAIA\",\"isPartOf\":{\"@id\":\"https:\/\/tribunadapraia.com.br\/#website\"},\"primaryImageOfPage\":{\"@id\":\"https:\/\/tribunadapraia.com.br\/?p=2235#primaryimage\"},\"datePublished\":\"2021-01-31T13:20:54+00:00\",\"dateModified\":\"2021-01-31T13:20:54+00:00\",\"breadcrumb\":{\"@id\":\"https:\/\/tribunadapraia.com.br\/?p=2235#breadcrumb\"},\"inLanguage\":\"pt-BR\",\"potentialAction\":[{\"@type\":\"ReadAction\",\"target\":[\"https:\/\/tribunadapraia.com.br\/?p=2235\"]}]},{\"@type\":\"BreadcrumbList\",\"@id\":\"https:\/\/tribunadapraia.com.br\/?p=2235#breadcrumb\",\"itemListElement\":[{\"@type\":\"ListItem\",\"position\":1,\"item\":{\"@type\":\"WebPage\",\"@id\":\"https:\/\/tribunadapraia.com.br\/\",\"url\":\"https:\/\/tribunadapraia.com.br\/\",\"name\":\"In\\u00edcio\"}},{\"@type\":\"ListItem\",\"position\":2,\"item\":{\"@id\":\"https:\/\/tribunadapraia.com.br\/?p=2235#webpage\"}}]},{\"@type\":\"Article\",\"@id\":\"https:\/\/tribunadapraia.com.br\/?p=2235#article\",\"isPartOf\":{\"@id\":\"https:\/\/tribunadapraia.com.br\/?p=2235#webpage\"},\"author\":{\"@id\":\"https:\/\/tribunadapraia.com.br\/#\/schema\/person\/099fbbf59acc5895c0d7d52b4fc46c97\"},\"headline\":\"Existe um lugar chamado Brejo do Cajueiro, um para\\u00edso aben\\u00e7oado por Deus e abandonado por Propri\\u00e1\",\"datePublished\":\"2021-01-31T13:20:54+00:00\",\"dateModified\":\"2021-01-31T13:20:54+00:00\",\"mainEntityOfPage\":{\"@id\":\"https:\/\/tribunadapraia.com.br\/?p=2235#webpage\"},\"wordCount\":204,\"commentCount\":0,\"publisher\":{\"@id\":\"https:\/\/tribunadapraia.com.br\/#organization\"},\"image\":{\"@id\":\"https:\/\/tribunadapraia.com.br\/?p=2235#primaryimage\"},\"thumbnailUrl\":\"https:\/\/tribunadapraia.com.br\/wp-content\/uploads\/2021\/01\/IMG-20210131-WA0012.jpg\",\"articleSection\":[\"Not\\u00edcias\"],\"inLanguage\":\"pt-BR\",\"potentialAction\":[{\"@type\":\"CommentAction\",\"name\":\"Comment\",\"target\":[\"https:\/\/tribunadapraia.com.br\/?p=2235#respond\"]}]},{\"@type\":\"Person\",\"@id\":\"https:\/\/tribunadapraia.com.br\/#\/schema\/person\/099fbbf59acc5895c0d7d52b4fc46c97\",\"name\":\"Reda\\u00e7\\u00e3o\",\"image\":{\"@type\":\"ImageObject\",\"@id\":\"https:\/\/tribunadapraia.com.br\/#personlogo\",\"inLanguage\":\"pt-BR\",\"url\":\"https:\/\/secure.gravatar.com\/avatar\/91c8b91d2bfd7784eac5c3e055361f64?s=96&d=identicon&r=g\",\"contentUrl\":\"https:\/\/secure.gravatar.com\/avatar\/91c8b91d2bfd7784eac5c3e055361f64?s=96&d=identicon&r=g\",\"caption\":\"Reda\\u00e7\\u00e3o\"}}]}<\/script>\n<!-- \/ Yoast SEO plugin. -->","wps_subtitle":"","_links":{"self":[{"href":"https:\/\/tribunadapraia.com.br\/index.php?rest_route=\/wp\/v2\/posts\/2235"}],"collection":[{"href":"https:\/\/tribunadapraia.com.br\/index.php?rest_route=\/wp\/v2\/posts"}],"about":[{"href":"https:\/\/tribunadapraia.com.br\/index.php?rest_route=\/wp\/v2\/types\/post"}],"author":[{"embeddable":true,"href":"https:\/\/tribunadapraia.com.br\/index.php?rest_route=\/wp\/v2\/users\/3"}],"replies":[{"embeddable":true,"href":"https:\/\/tribunadapraia.com.br\/index.php?rest_route=%2Fwp%2Fv2%2Fcomments&post=2235"}],"version-history":[{"count":1,"href":"https:\/\/tribunadapraia.com.br\/index.php?rest_route=\/wp\/v2\/posts\/2235\/revisions"}],"predecessor-version":[{"id":2237,"href":"https:\/\/tribunadapraia.com.br\/index.php?rest_route=\/wp\/v2\/posts\/2235\/revisions\/2237"}],"wp:featuredmedia":[{"embeddable":true,"href":"https:\/\/tribunadapraia.com.br\/index.php?rest_route=\/wp\/v2\/media\/2236"}],"wp:attachment":[{"href":"https:\/\/tribunadapraia.com.br\/index.php?rest_route=%2Fwp%2Fv2%2Fmedia&parent=2235"}],"wp:term":[{"taxonomy":"category","embeddable":true,"href":"https:\/\/tribunadapraia.com.br\/index.php?rest_route=%2Fwp%2Fv2%2Fcategories&post=2235"},{"taxonomy":"post_tag","embeddable":true,"href":"https:\/\/tribunadapraia.com.br\/index.php?rest_route=%2Fwp%2Fv2%2Ftags&post=2235"}],"curies":[{"name":"wp","href":"https:\/\/api.w.org\/{rel}","templated":true}]}}