{"id":2233,"date":"2021-01-30T13:52:01","date_gmt":"2021-01-30T16:52:01","guid":{"rendered":"https:\/\/tribunadapraia.com.br\/?p=2233"},"modified":"2021-01-30T14:00:48","modified_gmt":"2021-01-30T17:00:48","slug":"em-pirambu-2024-esta-logo-ali-mas-passa-por-2021-2022-e-2023-como-parametros","status":"publish","type":"post","link":"https:\/\/tribunadapraia.com.br\/?p=2233","title":{"rendered":"Em Pirambu: 2024 est\u00e1 logo al\u00ed, mas passa por 2021, 2022 e 2023 como par\u00e2metros"},"content":{"rendered":"<p>N\u00e3o refeita de seus agudos erros na elei\u00e7\u00e3o de 2020, a fragmentada oposi\u00e7\u00e3o &#8211; despida da racionalidade, estaria buscando &#8211; antes tarde &#8211; equacionar os recorrentes insucessos e poder alcan\u00e7ar a competitividade real que deixou escapar em 2012 e 2020. Naquele n\u00e3o t\u00e3o distante ano, a candidatura de Vado de Gago, ent\u00e3o no PT, foi a grande respons\u00e1vel pela Vit\u00f3ria de Elio Martins (PSC) e ano passado a insensibilidade pol\u00edtica de Cl\u00e9bio Gomes (PSD), S\u00edlvia Cruz (PSB) e seus &#8220;conselheiros&#8221; de fat\u00eddica ocasi\u00e3o, impediram a vit\u00f3ria de Niltinho Filho (MDB), sendo ambos in-diretamente os principais &#8220;cabos eleitorais&#8221; do atual prefrito Guilherme Melo (PSC), que se &#8220;papocou&#8221; de rir diante de in-suspeita tamanha insanidade pol\u00edtica.<\/p>\n<p>Para uns \u00e0s elei\u00e7\u00f5es de 2024 passam pelos blocos e posi\u00e7\u00f5es a serem assumidas em 2022, enquanto outros defendem como par\u00e2metros \u00e0s lutas e bandeiras desses atores sociais nos anos \u00edmpares (2021 e 2023). Al\u00e9m do nome natural e de maior visibilidade eleitoral e pol\u00edtica de Niltinho em 2020, \u00e0s nossas consultas resultaram em alguns novos e qualificados nomes, como a presidente do Sindicato dos Banc\u00e1rios de Sergipe, Iv\u00e2nia Pereira PCdoB (a primeira mulher eleita para um mandato em Pirambu,), o engemheiro de seguran\u00e7a da Petrobr\u00e1s, Daniel Filho, PT (um dos l\u00edderes do movimento estudantil em Pirambu) e o coronel da PM\/SE Moura Neto (sem partido).<\/p>\n<p>_por ClaudOmir Herzog_<\/p>\n","protected":false},"excerpt":{"rendered":"<p>N\u00e3o refeita de seus agudos erros na elei\u00e7\u00e3o de 2020, a fragmentada oposi\u00e7\u00e3o &#8211; despida da racionalidade, estaria buscando &#8211; antes tarde &#8211; equacionar os recorrentes insucessos e poder alcan\u00e7ar a competitividade real que deixou escapar em 2012 e 2020. Naquele n\u00e3o t\u00e3o distante ano, a candidatura de Vado de Gago, ent\u00e3o no PT, foi a grande respons\u00e1vel pela Vit\u00f3ria de Elio Martins (PSC) e ano passado a insensibilidade pol\u00edtica<\/p>\n","protected":false},"author":3,"featured_media":1503,"comment_status":"open","ping_status":"open","sticky":false,"template":"","format":"standard","meta":[],"categories":[18],"tags":[],"yoast_head":"<!-- This site is optimized with the Yoast SEO plugin v16.3 - https:\/\/yoast.com\/wordpress\/plugins\/seo\/ -->\n<title>Em Pirambu: 2024 est\u00e1 logo al\u00ed, mas passa por 2021, 2022 e 2023 como par\u00e2metros - TRIBUNA DA PRAIA<\/title>\n<meta name=\"robots\" content=\"index, follow, max-snippet:-1, max-image-preview:large, max-video-preview:-1\" \/>\n<link rel=\"canonical\" href=\"https:\/\/tribunadapraia.com.br\/?p=2233\" \/>\n<meta property=\"og:locale\" content=\"pt_BR\" \/>\n<meta property=\"og:type\" content=\"article\" \/>\n<meta property=\"og:title\" content=\"Em Pirambu: 2024 est\u00e1 logo al\u00ed, mas passa por 2021, 2022 e 2023 como par\u00e2metros - TRIBUNA DA PRAIA\" \/>\n<meta property=\"og:description\" content=\"N\u00e3o refeita de seus agudos erros na elei\u00e7\u00e3o de 2020, a fragmentada oposi\u00e7\u00e3o &#8211; despida da racionalidade, estaria buscando &#8211; antes tarde &#8211; equacionar os recorrentes insucessos e poder alcan\u00e7ar a competitividade real que deixou escapar em 2012 e 2020. Naquele n\u00e3o t\u00e3o distante ano, a candidatura de Vado de Gago, ent\u00e3o no PT, foi a grande respons\u00e1vel pela Vit\u00f3ria de Elio Martins (PSC) e ano passado a insensibilidade pol\u00edtica\" \/>\n<meta property=\"og:url\" content=\"https:\/\/tribunadapraia.com.br\/?p=2233\" \/>\n<meta property=\"og:site_name\" content=\"TRIBUNA DA PRAIA\" \/>\n<meta property=\"article:publisher\" content=\"https:\/\/www.facebook.com\/tribunadapraiaonline\/\" \/>\n<meta property=\"article:published_time\" content=\"2021-01-30T16:52:01+00:00\" \/>\n<meta property=\"article:modified_time\" content=\"2021-01-30T17:00:48+00:00\" \/>\n<meta property=\"og:image\" content=\"https:\/\/tribunadapraia.com.br\/wp-content\/uploads\/2020\/07\/tres-pecas-domino.jpg\" \/>\n\t<meta property=\"og:image:width\" content=\"1280\" \/>\n\t<meta property=\"og:image:height\" content=\"912\" \/>\n<meta name=\"twitter:card\" content=\"summary_large_image\" \/>\n<meta name=\"twitter:creator\" content=\"@Claudomir21\" \/>\n<meta name=\"twitter:site\" content=\"@Claudomir21\" \/>\n<meta name=\"twitter:label1\" content=\"Est. tempo de leitura\">\n\t<meta name=\"twitter:data1\" content=\"1 minuto\">\n<script type=\"application\/ld+json\" class=\"yoast-schema-graph\">{\"@context\":\"https:\/\/schema.org\",\"@graph\":[{\"@type\":\"Organization\",\"@id\":\"https:\/\/tribunadapraia.com.br\/#organization\",\"name\":\"Tribuna da Praia\",\"url\":\"https:\/\/tribunadapraia.com.br\/\",\"sameAs\":[\"https:\/\/www.facebook.com\/tribunadapraiaonline\/\",\"https:\/\/www.instagram.com\/claudomirtavares\/\",\"https:\/\/www.youtube.com\/channel\/UCwQf80nxiMzCefAyjbp53Rw\",\"https:\/\/twitter.com\/Claudomir21\"],\"logo\":{\"@type\":\"ImageObject\",\"@id\":\"https:\/\/tribunadapraia.com.br\/#logo\",\"inLanguage\":\"pt-BR\",\"url\":\"https:\/\/tribunadapraia.com.br\/wp-content\/uploads\/2020\/02\/logo.png\",\"contentUrl\":\"https:\/\/tribunadapraia.com.br\/wp-content\/uploads\/2020\/02\/logo.png\",\"width\":501,\"height\":121,\"caption\":\"Tribuna da Praia\"},\"image\":{\"@id\":\"https:\/\/tribunadapraia.com.br\/#logo\"}},{\"@type\":\"WebSite\",\"@id\":\"https:\/\/tribunadapraia.com.br\/#website\",\"url\":\"https:\/\/tribunadapraia.com.br\/\",\"name\":\"TRIBUNA DA PRAIA\",\"description\":\"O 1\\u00ba jornal do interior de Sergipe na internet\",\"publisher\":{\"@id\":\"https:\/\/tribunadapraia.com.br\/#organization\"},\"potentialAction\":[{\"@type\":\"SearchAction\",\"target\":\"https:\/\/tribunadapraia.com.br\/?s={search_term_string}\",\"query-input\":\"required name=search_term_string\"}],\"inLanguage\":\"pt-BR\"},{\"@type\":\"ImageObject\",\"@id\":\"https:\/\/tribunadapraia.com.br\/?p=2233#primaryimage\",\"inLanguage\":\"pt-BR\",\"url\":\"https:\/\/tribunadapraia.com.br\/wp-content\/uploads\/2020\/07\/tres-pecas-domino.jpg\",\"contentUrl\":\"https:\/\/tribunadapraia.com.br\/wp-content\/uploads\/2020\/07\/tres-pecas-domino.jpg\",\"width\":1280,\"height\":912},{\"@type\":\"WebPage\",\"@id\":\"https:\/\/tribunadapraia.com.br\/?p=2233#webpage\",\"url\":\"https:\/\/tribunadapraia.com.br\/?p=2233\",\"name\":\"Em Pirambu: 2024 est\\u00e1 logo al\\u00ed, mas passa por 2021, 2022 e 2023 como par\\u00e2metros - TRIBUNA DA PRAIA\",\"isPartOf\":{\"@id\":\"https:\/\/tribunadapraia.com.br\/#website\"},\"primaryImageOfPage\":{\"@id\":\"https:\/\/tribunadapraia.com.br\/?p=2233#primaryimage\"},\"datePublished\":\"2021-01-30T16:52:01+00:00\",\"dateModified\":\"2021-01-30T17:00:48+00:00\",\"breadcrumb\":{\"@id\":\"https:\/\/tribunadapraia.com.br\/?p=2233#breadcrumb\"},\"inLanguage\":\"pt-BR\",\"potentialAction\":[{\"@type\":\"ReadAction\",\"target\":[\"https:\/\/tribunadapraia.com.br\/?p=2233\"]}]},{\"@type\":\"BreadcrumbList\",\"@id\":\"https:\/\/tribunadapraia.com.br\/?p=2233#breadcrumb\",\"itemListElement\":[{\"@type\":\"ListItem\",\"position\":1,\"item\":{\"@type\":\"WebPage\",\"@id\":\"https:\/\/tribunadapraia.com.br\/\",\"url\":\"https:\/\/tribunadapraia.com.br\/\",\"name\":\"In\\u00edcio\"}},{\"@type\":\"ListItem\",\"position\":2,\"item\":{\"@id\":\"https:\/\/tribunadapraia.com.br\/?p=2233#webpage\"}}]},{\"@type\":\"Article\",\"@id\":\"https:\/\/tribunadapraia.com.br\/?p=2233#article\",\"isPartOf\":{\"@id\":\"https:\/\/tribunadapraia.com.br\/?p=2233#webpage\"},\"author\":{\"@id\":\"https:\/\/tribunadapraia.com.br\/#\/schema\/person\/099fbbf59acc5895c0d7d52b4fc46c97\"},\"headline\":\"Em Pirambu: 2024 est\\u00e1 logo al\\u00ed, mas passa por 2021, 2022 e 2023 como par\\u00e2metros\",\"datePublished\":\"2021-01-30T16:52:01+00:00\",\"dateModified\":\"2021-01-30T17:00:48+00:00\",\"mainEntityOfPage\":{\"@id\":\"https:\/\/tribunadapraia.com.br\/?p=2233#webpage\"},\"wordCount\":254,\"commentCount\":0,\"publisher\":{\"@id\":\"https:\/\/tribunadapraia.com.br\/#organization\"},\"image\":{\"@id\":\"https:\/\/tribunadapraia.com.br\/?p=2233#primaryimage\"},\"thumbnailUrl\":\"https:\/\/tribunadapraia.com.br\/wp-content\/uploads\/2020\/07\/tres-pecas-domino.jpg\",\"articleSection\":[\"Not\\u00edcias\"],\"inLanguage\":\"pt-BR\",\"potentialAction\":[{\"@type\":\"CommentAction\",\"name\":\"Comment\",\"target\":[\"https:\/\/tribunadapraia.com.br\/?p=2233#respond\"]}]},{\"@type\":\"Person\",\"@id\":\"https:\/\/tribunadapraia.com.br\/#\/schema\/person\/099fbbf59acc5895c0d7d52b4fc46c97\",\"name\":\"Reda\\u00e7\\u00e3o\",\"image\":{\"@type\":\"ImageObject\",\"@id\":\"https:\/\/tribunadapraia.com.br\/#personlogo\",\"inLanguage\":\"pt-BR\",\"url\":\"https:\/\/secure.gravatar.com\/avatar\/91c8b91d2bfd7784eac5c3e055361f64?s=96&d=identicon&r=g\",\"contentUrl\":\"https:\/\/secure.gravatar.com\/avatar\/91c8b91d2bfd7784eac5c3e055361f64?s=96&d=identicon&r=g\",\"caption\":\"Reda\\u00e7\\u00e3o\"}}]}<\/script>\n<!-- \/ Yoast SEO plugin. -->","wps_subtitle":"","_links":{"self":[{"href":"https:\/\/tribunadapraia.com.br\/index.php?rest_route=\/wp\/v2\/posts\/2233"}],"collection":[{"href":"https:\/\/tribunadapraia.com.br\/index.php?rest_route=\/wp\/v2\/posts"}],"about":[{"href":"https:\/\/tribunadapraia.com.br\/index.php?rest_route=\/wp\/v2\/types\/post"}],"author":[{"embeddable":true,"href":"https:\/\/tribunadapraia.com.br\/index.php?rest_route=\/wp\/v2\/users\/3"}],"replies":[{"embeddable":true,"href":"https:\/\/tribunadapraia.com.br\/index.php?rest_route=%2Fwp%2Fv2%2Fcomments&post=2233"}],"version-history":[{"count":1,"href":"https:\/\/tribunadapraia.com.br\/index.php?rest_route=\/wp\/v2\/posts\/2233\/revisions"}],"predecessor-version":[{"id":2234,"href":"https:\/\/tribunadapraia.com.br\/index.php?rest_route=\/wp\/v2\/posts\/2233\/revisions\/2234"}],"wp:featuredmedia":[{"embeddable":true,"href":"https:\/\/tribunadapraia.com.br\/index.php?rest_route=\/wp\/v2\/media\/1503"}],"wp:attachment":[{"href":"https:\/\/tribunadapraia.com.br\/index.php?rest_route=%2Fwp%2Fv2%2Fmedia&parent=2233"}],"wp:term":[{"taxonomy":"category","embeddable":true,"href":"https:\/\/tribunadapraia.com.br\/index.php?rest_route=%2Fwp%2Fv2%2Fcategories&post=2233"},{"taxonomy":"post_tag","embeddable":true,"href":"https:\/\/tribunadapraia.com.br\/index.php?rest_route=%2Fwp%2Fv2%2Ftags&post=2233"}],"curies":[{"name":"wp","href":"https:\/\/api.w.org\/{rel}","templated":true}]}}