{"id":2227,"date":"2021-01-29T11:36:16","date_gmt":"2021-01-29T14:36:16","guid":{"rendered":"https:\/\/tribunadapraia.com.br\/?p=2227"},"modified":"2021-01-29T11:36:16","modified_gmt":"2021-01-29T14:36:16","slug":"fake-news-em-nota-valberto-lma-mente-em-relaca-a-gestao-iokanaan-santana","status":"publish","type":"post","link":"https:\/\/tribunadapraia.com.br\/?p=2227","title":{"rendered":"FAKE NEWS: Em nota, Valberto Lma mente em rela\u00e7\u00e3 a gest\u00e3o Iokanaan Santana"},"content":{"rendered":"<p>A Tribuna da Praia publicou no dia de ontem, 28 (e continuar\u00e1 publicando), nota da Ascom | Propri\u00e1, intitulada &#8220;Prefeitura de Propri\u00e1 pagou o sal\u00e1rio dos servidores nesta quinta, 28&#8221;, em que o prefeito Valberto Lima afirmou que \u201ch\u00e1 quase tr\u00eas anos a classe recebia entre os dias 10, 11 ou 12 do m\u00eas subsequente, ap\u00f3s o prazo legal\u201d, disse.<\/p>\n<p>O prefeito foi no m\u00ednimo deselegante para n\u00e3o cham\u00e1-lo leviano (acreditamos em ato de desinforma\u00e7\u00e3o), pois \u00e9 sabido que durante mais de 3\/4 da gest\u00e3o passada, os sal\u00e1rios foram efetuados dentro do m\u00eas trabalhado, s\u00f3 avan\u00e7ando para o m\u00eas seguinte em 2020 pelos motivos de dom\u00ednio p\u00fablico (queda acentuada de receitas, pandemia, entre outras anomalias imprevistas).<\/p>\n<p>Para que n\u00e3o pairem d\u00favidas no ar e cessem de vez a tentativa de imputar a falta de resultados neste in\u00edcio da atual gest\u00e3o ao antecessor Iokanaan Santana que tem at\u00e9 o final deste m\u00eas para apresentar o Relat\u00f3rip de Gest\u00e3o.<\/p>\n<p>At\u00e9 l\u00e1, qualquer coisa fora disso ser\u00e1 a quadratura do c\u00edrculo, se me entendem!<\/p>\n<p>por ClaudOmir Herzog<\/p>\n","protected":false},"excerpt":{"rendered":"<p>A Tribuna da Praia publicou no dia de ontem, 28 (e continuar\u00e1 publicando), nota da Ascom | Propri\u00e1, intitulada &#8220;Prefeitura de Propri\u00e1 pagou o sal\u00e1rio dos servidores nesta quinta, 28&#8221;, em que o prefeito Valberto Lima afirmou que \u201ch\u00e1 quase tr\u00eas anos a classe recebia entre os dias 10, 11 ou 12 do m\u00eas subsequente, ap\u00f3s o prazo legal\u201d, disse. O prefeito foi no m\u00ednimo deselegante para n\u00e3o cham\u00e1-lo leviano<\/p>\n","protected":false},"author":3,"featured_media":2228,"comment_status":"open","ping_status":"open","sticky":false,"template":"","format":"standard","meta":[],"categories":[18],"tags":[],"yoast_head":"<!-- This site is optimized with the Yoast SEO plugin v16.3 - https:\/\/yoast.com\/wordpress\/plugins\/seo\/ -->\n<title>FAKE NEWS: Em nota, Valberto Lma mente em rela\u00e7\u00e3 a gest\u00e3o Iokanaan Santana - TRIBUNA DA PRAIA<\/title>\n<meta name=\"robots\" content=\"index, follow, max-snippet:-1, max-image-preview:large, max-video-preview:-1\" \/>\n<link rel=\"canonical\" href=\"https:\/\/tribunadapraia.com.br\/?p=2227\" \/>\n<meta property=\"og:locale\" content=\"pt_BR\" \/>\n<meta property=\"og:type\" content=\"article\" \/>\n<meta property=\"og:title\" content=\"FAKE NEWS: Em nota, Valberto Lma mente em rela\u00e7\u00e3 a gest\u00e3o Iokanaan Santana - TRIBUNA DA PRAIA\" \/>\n<meta property=\"og:description\" content=\"A Tribuna da Praia publicou no dia de ontem, 28 (e continuar\u00e1 publicando), nota da Ascom | Propri\u00e1, intitulada &#8220;Prefeitura de Propri\u00e1 pagou o sal\u00e1rio dos servidores nesta quinta, 28&#8221;, em que o prefeito Valberto Lima afirmou que \u201ch\u00e1 quase tr\u00eas anos a classe recebia entre os dias 10, 11 ou 12 do m\u00eas subsequente, ap\u00f3s o prazo legal\u201d, disse. O prefeito foi no m\u00ednimo deselegante para n\u00e3o cham\u00e1-lo leviano\" \/>\n<meta property=\"og:url\" content=\"https:\/\/tribunadapraia.com.br\/?p=2227\" \/>\n<meta property=\"og:site_name\" content=\"TRIBUNA DA PRAIA\" \/>\n<meta property=\"article:publisher\" content=\"https:\/\/www.facebook.com\/tribunadapraiaonline\/\" \/>\n<meta property=\"article:published_time\" content=\"2021-01-29T14:36:16+00:00\" \/>\n<meta property=\"og:image\" content=\"https:\/\/tribunadapraia.com.br\/wp-content\/uploads\/2021\/01\/IMG-20210129-WA0026.jpg\" \/>\n\t<meta property=\"og:image:width\" content=\"940\" \/>\n\t<meta property=\"og:image:height\" content=\"788\" \/>\n<meta name=\"twitter:card\" content=\"summary_large_image\" \/>\n<meta name=\"twitter:creator\" content=\"@Claudomir21\" \/>\n<meta name=\"twitter:site\" content=\"@Claudomir21\" \/>\n<meta name=\"twitter:label1\" content=\"Est. tempo de leitura\">\n\t<meta name=\"twitter:data1\" content=\"1 minuto\">\n<script type=\"application\/ld+json\" class=\"yoast-schema-graph\">{\"@context\":\"https:\/\/schema.org\",\"@graph\":[{\"@type\":\"Organization\",\"@id\":\"https:\/\/tribunadapraia.com.br\/#organization\",\"name\":\"Tribuna da Praia\",\"url\":\"https:\/\/tribunadapraia.com.br\/\",\"sameAs\":[\"https:\/\/www.facebook.com\/tribunadapraiaonline\/\",\"https:\/\/www.instagram.com\/claudomirtavares\/\",\"https:\/\/www.youtube.com\/channel\/UCwQf80nxiMzCefAyjbp53Rw\",\"https:\/\/twitter.com\/Claudomir21\"],\"logo\":{\"@type\":\"ImageObject\",\"@id\":\"https:\/\/tribunadapraia.com.br\/#logo\",\"inLanguage\":\"pt-BR\",\"url\":\"https:\/\/tribunadapraia.com.br\/wp-content\/uploads\/2020\/02\/logo.png\",\"contentUrl\":\"https:\/\/tribunadapraia.com.br\/wp-content\/uploads\/2020\/02\/logo.png\",\"width\":501,\"height\":121,\"caption\":\"Tribuna da Praia\"},\"image\":{\"@id\":\"https:\/\/tribunadapraia.com.br\/#logo\"}},{\"@type\":\"WebSite\",\"@id\":\"https:\/\/tribunadapraia.com.br\/#website\",\"url\":\"https:\/\/tribunadapraia.com.br\/\",\"name\":\"TRIBUNA DA PRAIA\",\"description\":\"O 1\\u00ba jornal do interior de Sergipe na internet\",\"publisher\":{\"@id\":\"https:\/\/tribunadapraia.com.br\/#organization\"},\"potentialAction\":[{\"@type\":\"SearchAction\",\"target\":\"https:\/\/tribunadapraia.com.br\/?s={search_term_string}\",\"query-input\":\"required name=search_term_string\"}],\"inLanguage\":\"pt-BR\"},{\"@type\":\"ImageObject\",\"@id\":\"https:\/\/tribunadapraia.com.br\/?p=2227#primaryimage\",\"inLanguage\":\"pt-BR\",\"url\":\"https:\/\/tribunadapraia.com.br\/wp-content\/uploads\/2021\/01\/IMG-20210129-WA0026.jpg\",\"contentUrl\":\"https:\/\/tribunadapraia.com.br\/wp-content\/uploads\/2021\/01\/IMG-20210129-WA0026.jpg\",\"width\":940,\"height\":788},{\"@type\":\"WebPage\",\"@id\":\"https:\/\/tribunadapraia.com.br\/?p=2227#webpage\",\"url\":\"https:\/\/tribunadapraia.com.br\/?p=2227\",\"name\":\"FAKE NEWS: Em nota, Valberto Lma mente em rela\\u00e7\\u00e3 a gest\\u00e3o Iokanaan Santana - TRIBUNA DA PRAIA\",\"isPartOf\":{\"@id\":\"https:\/\/tribunadapraia.com.br\/#website\"},\"primaryImageOfPage\":{\"@id\":\"https:\/\/tribunadapraia.com.br\/?p=2227#primaryimage\"},\"datePublished\":\"2021-01-29T14:36:16+00:00\",\"dateModified\":\"2021-01-29T14:36:16+00:00\",\"breadcrumb\":{\"@id\":\"https:\/\/tribunadapraia.com.br\/?p=2227#breadcrumb\"},\"inLanguage\":\"pt-BR\",\"potentialAction\":[{\"@type\":\"ReadAction\",\"target\":[\"https:\/\/tribunadapraia.com.br\/?p=2227\"]}]},{\"@type\":\"BreadcrumbList\",\"@id\":\"https:\/\/tribunadapraia.com.br\/?p=2227#breadcrumb\",\"itemListElement\":[{\"@type\":\"ListItem\",\"position\":1,\"item\":{\"@type\":\"WebPage\",\"@id\":\"https:\/\/tribunadapraia.com.br\/\",\"url\":\"https:\/\/tribunadapraia.com.br\/\",\"name\":\"In\\u00edcio\"}},{\"@type\":\"ListItem\",\"position\":2,\"item\":{\"@id\":\"https:\/\/tribunadapraia.com.br\/?p=2227#webpage\"}}]},{\"@type\":\"Article\",\"@id\":\"https:\/\/tribunadapraia.com.br\/?p=2227#article\",\"isPartOf\":{\"@id\":\"https:\/\/tribunadapraia.com.br\/?p=2227#webpage\"},\"author\":{\"@id\":\"https:\/\/tribunadapraia.com.br\/#\/schema\/person\/099fbbf59acc5895c0d7d52b4fc46c97\"},\"headline\":\"FAKE NEWS: Em nota, Valberto Lma mente em rela\\u00e7\\u00e3 a gest\\u00e3o Iokanaan Santana\",\"datePublished\":\"2021-01-29T14:36:16+00:00\",\"dateModified\":\"2021-01-29T14:36:16+00:00\",\"mainEntityOfPage\":{\"@id\":\"https:\/\/tribunadapraia.com.br\/?p=2227#webpage\"},\"wordCount\":202,\"commentCount\":0,\"publisher\":{\"@id\":\"https:\/\/tribunadapraia.com.br\/#organization\"},\"image\":{\"@id\":\"https:\/\/tribunadapraia.com.br\/?p=2227#primaryimage\"},\"thumbnailUrl\":\"https:\/\/tribunadapraia.com.br\/wp-content\/uploads\/2021\/01\/IMG-20210129-WA0026.jpg\",\"articleSection\":[\"Not\\u00edcias\"],\"inLanguage\":\"pt-BR\",\"potentialAction\":[{\"@type\":\"CommentAction\",\"name\":\"Comment\",\"target\":[\"https:\/\/tribunadapraia.com.br\/?p=2227#respond\"]}]},{\"@type\":\"Person\",\"@id\":\"https:\/\/tribunadapraia.com.br\/#\/schema\/person\/099fbbf59acc5895c0d7d52b4fc46c97\",\"name\":\"Reda\\u00e7\\u00e3o\",\"image\":{\"@type\":\"ImageObject\",\"@id\":\"https:\/\/tribunadapraia.com.br\/#personlogo\",\"inLanguage\":\"pt-BR\",\"url\":\"https:\/\/secure.gravatar.com\/avatar\/91c8b91d2bfd7784eac5c3e055361f64?s=96&d=identicon&r=g\",\"contentUrl\":\"https:\/\/secure.gravatar.com\/avatar\/91c8b91d2bfd7784eac5c3e055361f64?s=96&d=identicon&r=g\",\"caption\":\"Reda\\u00e7\\u00e3o\"}}]}<\/script>\n<!-- \/ Yoast SEO plugin. -->","wps_subtitle":"","_links":{"self":[{"href":"https:\/\/tribunadapraia.com.br\/index.php?rest_route=\/wp\/v2\/posts\/2227"}],"collection":[{"href":"https:\/\/tribunadapraia.com.br\/index.php?rest_route=\/wp\/v2\/posts"}],"about":[{"href":"https:\/\/tribunadapraia.com.br\/index.php?rest_route=\/wp\/v2\/types\/post"}],"author":[{"embeddable":true,"href":"https:\/\/tribunadapraia.com.br\/index.php?rest_route=\/wp\/v2\/users\/3"}],"replies":[{"embeddable":true,"href":"https:\/\/tribunadapraia.com.br\/index.php?rest_route=%2Fwp%2Fv2%2Fcomments&post=2227"}],"version-history":[{"count":1,"href":"https:\/\/tribunadapraia.com.br\/index.php?rest_route=\/wp\/v2\/posts\/2227\/revisions"}],"predecessor-version":[{"id":2229,"href":"https:\/\/tribunadapraia.com.br\/index.php?rest_route=\/wp\/v2\/posts\/2227\/revisions\/2229"}],"wp:featuredmedia":[{"embeddable":true,"href":"https:\/\/tribunadapraia.com.br\/index.php?rest_route=\/wp\/v2\/media\/2228"}],"wp:attachment":[{"href":"https:\/\/tribunadapraia.com.br\/index.php?rest_route=%2Fwp%2Fv2%2Fmedia&parent=2227"}],"wp:term":[{"taxonomy":"category","embeddable":true,"href":"https:\/\/tribunadapraia.com.br\/index.php?rest_route=%2Fwp%2Fv2%2Fcategories&post=2227"},{"taxonomy":"post_tag","embeddable":true,"href":"https:\/\/tribunadapraia.com.br\/index.php?rest_route=%2Fwp%2Fv2%2Ftags&post=2227"}],"curies":[{"name":"wp","href":"https:\/\/api.w.org\/{rel}","templated":true}]}}