{"id":2224,"date":"2021-01-29T10:39:37","date_gmt":"2021-01-29T13:39:37","guid":{"rendered":"https:\/\/tribunadapraia.com.br\/?p=2224"},"modified":"2021-01-29T10:40:29","modified_gmt":"2021-01-29T13:40:29","slug":"luciano-nascimento-entregou-documenro-pedindo-revitalizacao-do-rio-sao-ftancisco","status":"publish","type":"post","link":"https:\/\/tribunadapraia.com.br\/?p=2224","title":{"rendered":"Luciano Nascimento entregou documenro pedindo revitaliza\u00e7\u00e3o do Rio S\u00e3o Ftancisco"},"content":{"rendered":"<p>O ex-deputado estadual e ex-prefeito de Propri\u00e1, Luciano Nascimento, entregou na manh\u00e3 de ontem, 28, em m\u00e3os ao presidente Jair Bolsonaro, documento que pede a revitaliza\u00e7\u00e3o (de fato) do Rio S\u00e3o Francisco, patrim\u00f4nio natural do Nordeste, contendo um estudo minuncioso dos problemas e indicando solu\u00e7\u00f5es para a calha principal, seus afluentee, assoreamrnto e recupera\u00e7\u00e3o da mata ciliar, entre outros elementos antropizados. O presidente encaminhou Luciano ao ministro do Meio Ambienre, Ricardo Sales, se comprometendo ambos em atender ao pleito do l\u00edder pol\u00edtico, deixando isso claro rm seu discurso. Luciano solicitou tamb\u00e9m aten\u00e7\u00e3o especial para os projetos irrigados, atrav\u00e9s de a\u00e7\u00f5es da Codevasf na regi\u00e3o.<\/p>\n<p>Na recep\u00e7\u00e3o ao presidente da Rep\u00fablica que visitou Propri\u00e1 para inaugura\u00e7\u00f5es de obras do Estado Brasileiro, estavam presentes o governador de Sergipe, Belivaldo Chagas, o senador alagoano Fernando Collor, amigo pessoal de Luciano, os prefeitos de Propri\u00e1, Valberto Lima e de Porto Real do Col\u00e9gio, Aldo Popular, entre outros figur\u00f5es e fichinhas pequenas, todas elas conhecidas do povo ribeirinho.<\/p>\n<p>por Reda\u00e7\u00e3o<\/p>\n","protected":false},"excerpt":{"rendered":"<p>O ex-deputado estadual e ex-prefeito de Propri\u00e1, Luciano Nascimento, entregou na manh\u00e3 de ontem, 28, em m\u00e3os ao presidente Jair Bolsonaro, documento que pede a revitaliza\u00e7\u00e3o (de fato) do Rio S\u00e3o Francisco, patrim\u00f4nio natural do Nordeste, contendo um estudo minuncioso dos problemas e indicando solu\u00e7\u00f5es para a calha principal, seus afluentee, assoreamrnto e recupera\u00e7\u00e3o da mata ciliar, entre outros elementos antropizados. O presidente encaminhou Luciano ao ministro do Meio Ambienre,<\/p>\n","protected":false},"author":1,"featured_media":2225,"comment_status":"open","ping_status":"open","sticky":false,"template":"","format":"standard","meta":[],"categories":[18],"tags":[],"yoast_head":"<!-- This site is optimized with the Yoast SEO plugin v16.3 - https:\/\/yoast.com\/wordpress\/plugins\/seo\/ -->\n<title>Luciano Nascimento entregou documenro pedindo revitaliza\u00e7\u00e3o do Rio S\u00e3o Ftancisco - TRIBUNA DA PRAIA<\/title>\n<meta name=\"robots\" content=\"index, follow, max-snippet:-1, max-image-preview:large, max-video-preview:-1\" \/>\n<link rel=\"canonical\" href=\"https:\/\/tribunadapraia.com.br\/?p=2224\" \/>\n<meta property=\"og:locale\" content=\"pt_BR\" \/>\n<meta property=\"og:type\" content=\"article\" \/>\n<meta property=\"og:title\" content=\"Luciano Nascimento entregou documenro pedindo revitaliza\u00e7\u00e3o do Rio S\u00e3o Ftancisco - TRIBUNA DA PRAIA\" \/>\n<meta property=\"og:description\" content=\"O ex-deputado estadual e ex-prefeito de Propri\u00e1, Luciano Nascimento, entregou na manh\u00e3 de ontem, 28, em m\u00e3os ao presidente Jair Bolsonaro, documento que pede a revitaliza\u00e7\u00e3o (de fato) do Rio S\u00e3o Francisco, patrim\u00f4nio natural do Nordeste, contendo um estudo minuncioso dos problemas e indicando solu\u00e7\u00f5es para a calha principal, seus afluentee, assoreamrnto e recupera\u00e7\u00e3o da mata ciliar, entre outros elementos antropizados. O presidente encaminhou Luciano ao ministro do Meio Ambienre,\" \/>\n<meta property=\"og:url\" content=\"https:\/\/tribunadapraia.com.br\/?p=2224\" \/>\n<meta property=\"og:site_name\" content=\"TRIBUNA DA PRAIA\" \/>\n<meta property=\"article:publisher\" content=\"https:\/\/www.facebook.com\/tribunadapraiaonline\/\" \/>\n<meta property=\"article:published_time\" content=\"2021-01-29T13:39:37+00:00\" \/>\n<meta property=\"article:modified_time\" content=\"2021-01-29T13:40:29+00:00\" \/>\n<meta property=\"og:image\" content=\"https:\/\/tribunadapraia.com.br\/wp-content\/uploads\/2021\/01\/IMG-20210129-WA0020.jpg\" \/>\n\t<meta property=\"og:image:width\" content=\"720\" \/>\n\t<meta property=\"og:image:height\" content=\"699\" \/>\n<meta name=\"twitter:card\" content=\"summary_large_image\" \/>\n<meta name=\"twitter:creator\" content=\"@Claudomir21\" \/>\n<meta name=\"twitter:site\" content=\"@Claudomir21\" \/>\n<meta name=\"twitter:label1\" content=\"Est. tempo de leitura\">\n\t<meta name=\"twitter:data1\" content=\"1 minuto\">\n<script type=\"application\/ld+json\" class=\"yoast-schema-graph\">{\"@context\":\"https:\/\/schema.org\",\"@graph\":[{\"@type\":\"Organization\",\"@id\":\"https:\/\/tribunadapraia.com.br\/#organization\",\"name\":\"Tribuna da Praia\",\"url\":\"https:\/\/tribunadapraia.com.br\/\",\"sameAs\":[\"https:\/\/www.facebook.com\/tribunadapraiaonline\/\",\"https:\/\/www.instagram.com\/claudomirtavares\/\",\"https:\/\/www.youtube.com\/channel\/UCwQf80nxiMzCefAyjbp53Rw\",\"https:\/\/twitter.com\/Claudomir21\"],\"logo\":{\"@type\":\"ImageObject\",\"@id\":\"https:\/\/tribunadapraia.com.br\/#logo\",\"inLanguage\":\"pt-BR\",\"url\":\"https:\/\/tribunadapraia.com.br\/wp-content\/uploads\/2020\/02\/logo.png\",\"contentUrl\":\"https:\/\/tribunadapraia.com.br\/wp-content\/uploads\/2020\/02\/logo.png\",\"width\":501,\"height\":121,\"caption\":\"Tribuna da Praia\"},\"image\":{\"@id\":\"https:\/\/tribunadapraia.com.br\/#logo\"}},{\"@type\":\"WebSite\",\"@id\":\"https:\/\/tribunadapraia.com.br\/#website\",\"url\":\"https:\/\/tribunadapraia.com.br\/\",\"name\":\"TRIBUNA DA PRAIA\",\"description\":\"O 1\\u00ba jornal do interior de Sergipe na internet\",\"publisher\":{\"@id\":\"https:\/\/tribunadapraia.com.br\/#organization\"},\"potentialAction\":[{\"@type\":\"SearchAction\",\"target\":\"https:\/\/tribunadapraia.com.br\/?s={search_term_string}\",\"query-input\":\"required name=search_term_string\"}],\"inLanguage\":\"pt-BR\"},{\"@type\":\"ImageObject\",\"@id\":\"https:\/\/tribunadapraia.com.br\/?p=2224#primaryimage\",\"inLanguage\":\"pt-BR\",\"url\":\"https:\/\/tribunadapraia.com.br\/wp-content\/uploads\/2021\/01\/IMG-20210129-WA0020.jpg\",\"contentUrl\":\"https:\/\/tribunadapraia.com.br\/wp-content\/uploads\/2021\/01\/IMG-20210129-WA0020.jpg\",\"width\":720,\"height\":699},{\"@type\":\"WebPage\",\"@id\":\"https:\/\/tribunadapraia.com.br\/?p=2224#webpage\",\"url\":\"https:\/\/tribunadapraia.com.br\/?p=2224\",\"name\":\"Luciano Nascimento entregou documenro pedindo revitaliza\\u00e7\\u00e3o do Rio S\\u00e3o Ftancisco - TRIBUNA DA PRAIA\",\"isPartOf\":{\"@id\":\"https:\/\/tribunadapraia.com.br\/#website\"},\"primaryImageOfPage\":{\"@id\":\"https:\/\/tribunadapraia.com.br\/?p=2224#primaryimage\"},\"datePublished\":\"2021-01-29T13:39:37+00:00\",\"dateModified\":\"2021-01-29T13:40:29+00:00\",\"breadcrumb\":{\"@id\":\"https:\/\/tribunadapraia.com.br\/?p=2224#breadcrumb\"},\"inLanguage\":\"pt-BR\",\"potentialAction\":[{\"@type\":\"ReadAction\",\"target\":[\"https:\/\/tribunadapraia.com.br\/?p=2224\"]}]},{\"@type\":\"BreadcrumbList\",\"@id\":\"https:\/\/tribunadapraia.com.br\/?p=2224#breadcrumb\",\"itemListElement\":[{\"@type\":\"ListItem\",\"position\":1,\"item\":{\"@type\":\"WebPage\",\"@id\":\"https:\/\/tribunadapraia.com.br\/\",\"url\":\"https:\/\/tribunadapraia.com.br\/\",\"name\":\"In\\u00edcio\"}},{\"@type\":\"ListItem\",\"position\":2,\"item\":{\"@id\":\"https:\/\/tribunadapraia.com.br\/?p=2224#webpage\"}}]},{\"@type\":\"Article\",\"@id\":\"https:\/\/tribunadapraia.com.br\/?p=2224#article\",\"isPartOf\":{\"@id\":\"https:\/\/tribunadapraia.com.br\/?p=2224#webpage\"},\"author\":{\"@id\":\"https:\/\/tribunadapraia.com.br\/#\/schema\/person\/326b0a9f3163b479142c64eba4928de0\"},\"headline\":\"Luciano Nascimento entregou documenro pedindo revitaliza\\u00e7\\u00e3o do Rio S\\u00e3o Ftancisco\",\"datePublished\":\"2021-01-29T13:39:37+00:00\",\"dateModified\":\"2021-01-29T13:40:29+00:00\",\"mainEntityOfPage\":{\"@id\":\"https:\/\/tribunadapraia.com.br\/?p=2224#webpage\"},\"wordCount\":195,\"commentCount\":0,\"publisher\":{\"@id\":\"https:\/\/tribunadapraia.com.br\/#organization\"},\"image\":{\"@id\":\"https:\/\/tribunadapraia.com.br\/?p=2224#primaryimage\"},\"thumbnailUrl\":\"https:\/\/tribunadapraia.com.br\/wp-content\/uploads\/2021\/01\/IMG-20210129-WA0020.jpg\",\"articleSection\":[\"Not\\u00edcias\"],\"inLanguage\":\"pt-BR\",\"potentialAction\":[{\"@type\":\"CommentAction\",\"name\":\"Comment\",\"target\":[\"https:\/\/tribunadapraia.com.br\/?p=2224#respond\"]}]},{\"@type\":\"Person\",\"@id\":\"https:\/\/tribunadapraia.com.br\/#\/schema\/person\/326b0a9f3163b479142c64eba4928de0\",\"name\":\"tribunadapraia\",\"image\":{\"@type\":\"ImageObject\",\"@id\":\"https:\/\/tribunadapraia.com.br\/#personlogo\",\"inLanguage\":\"pt-BR\",\"url\":\"https:\/\/secure.gravatar.com\/avatar\/38b019c74762496076b7355024a0dad9?s=96&d=identicon&r=g\",\"contentUrl\":\"https:\/\/secure.gravatar.com\/avatar\/38b019c74762496076b7355024a0dad9?s=96&d=identicon&r=g\",\"caption\":\"tribunadapraia\"}}]}<\/script>\n<!-- \/ Yoast SEO plugin. -->","wps_subtitle":"","_links":{"self":[{"href":"https:\/\/tribunadapraia.com.br\/index.php?rest_route=\/wp\/v2\/posts\/2224"}],"collection":[{"href":"https:\/\/tribunadapraia.com.br\/index.php?rest_route=\/wp\/v2\/posts"}],"about":[{"href":"https:\/\/tribunadapraia.com.br\/index.php?rest_route=\/wp\/v2\/types\/post"}],"author":[{"embeddable":true,"href":"https:\/\/tribunadapraia.com.br\/index.php?rest_route=\/wp\/v2\/users\/1"}],"replies":[{"embeddable":true,"href":"https:\/\/tribunadapraia.com.br\/index.php?rest_route=%2Fwp%2Fv2%2Fcomments&post=2224"}],"version-history":[{"count":1,"href":"https:\/\/tribunadapraia.com.br\/index.php?rest_route=\/wp\/v2\/posts\/2224\/revisions"}],"predecessor-version":[{"id":2226,"href":"https:\/\/tribunadapraia.com.br\/index.php?rest_route=\/wp\/v2\/posts\/2224\/revisions\/2226"}],"wp:featuredmedia":[{"embeddable":true,"href":"https:\/\/tribunadapraia.com.br\/index.php?rest_route=\/wp\/v2\/media\/2225"}],"wp:attachment":[{"href":"https:\/\/tribunadapraia.com.br\/index.php?rest_route=%2Fwp%2Fv2%2Fmedia&parent=2224"}],"wp:term":[{"taxonomy":"category","embeddable":true,"href":"https:\/\/tribunadapraia.com.br\/index.php?rest_route=%2Fwp%2Fv2%2Fcategories&post=2224"},{"taxonomy":"post_tag","embeddable":true,"href":"https:\/\/tribunadapraia.com.br\/index.php?rest_route=%2Fwp%2Fv2%2Ftags&post=2224"}],"curies":[{"name":"wp","href":"https:\/\/api.w.org\/{rel}","templated":true}]}}