{"id":2216,"date":"2021-01-29T08:25:21","date_gmt":"2021-01-29T11:25:21","guid":{"rendered":"https:\/\/tribunadapraia.com.br\/?p=2216"},"modified":"2021-01-29T08:26:20","modified_gmt":"2021-01-29T11:26:20","slug":"sindicato-dos-radialistas-de-sergipe-emitem-nota-de-repudio-contra-bolsonaro","status":"publish","type":"post","link":"https:\/\/tribunadapraia.com.br\/?p=2216","title":{"rendered":"SINDICATO DOS RADIALISTAS DE SERGIPE EMITEM NOTA DE REP\u00daDIO CONTRA BOLSONARO"},"content":{"rendered":"<p>O Sindicato dos Radialistas de Sergipe e a Federa\u00e7\u00e3o Interestadual de Trabalhadores em Empresas de R\u00e1diodifus\u00e3o e Televis\u00e3o (FITERT) e seus sindicatos filiados, repudiam veementemente o ataque desferido pelo presidente da Rep\u00fablica contra o radialista Marcos Couto, da FAN FM, que na manh\u00e3 desta quinta-feira, 28\/01\/21, quando na chegada de Jair Messias Bolsonaro a Sergipe, ao perguntar sobre a polemica da compra de leite condensado, disse textualmente: \u201c\u00e9 para enfiar no rabo dos jornalista\u2026 \u201d.<\/p>\n<p>Ao se expressar de tal forma contra um profissional no exerc\u00edcio da sua fun\u00e7\u00e3o, o presidente mais uma vez ataca de forma grosseira e chula os membros da imprensa, cuja obriga\u00e7\u00e3o \u00e9 questionar de forma objetiva as autoridades sobre fatos que s\u00e3o de repercuss\u00e3o e interesse da coletividade. O presidente da Rep\u00fablica mais uma vez comete grav\u00edssimo crime contra a democracia e a liberdade de imprensa.<\/p>\n<p>Essa pratica reiterada de desrespeito do senhor Jair Bolsonaro contra a imprensa \u00e9 um est\u00edmulo para que cidad\u00e3os se veem liberados para agir contra os profissionais da imprensa Radialistas\/Jornalistas.<\/p>\n<p>Se faz necess\u00e1rio que a Justi\u00e7a, o Judici\u00e1rio e o Legislativo, como poderes independentes no regime democr\u00e1tico, tomem provid\u00eancias imediatas para barrar esses absurdos. O presidente da Rep\u00fablica n\u00e3o pode continuar a agir contra a lei, al\u00e9m de apequenar o mais alto cargo da rep\u00fablica brasileira.<\/p>\n<p>fonte: FaxAju &#8211; apud: MarAzul FM<\/p>\n","protected":false},"excerpt":{"rendered":"<p>O Sindicato dos Radialistas de Sergipe e a Federa\u00e7\u00e3o Interestadual de Trabalhadores em Empresas de R\u00e1diodifus\u00e3o e Televis\u00e3o (FITERT) e seus sindicatos filiados, repudiam veementemente o ataque desferido pelo presidente da Rep\u00fablica contra o radialista Marcos Couto, da FAN FM, que na manh\u00e3 desta quinta-feira, 28\/01\/21, quando na chegada de Jair Messias Bolsonaro a Sergipe, ao perguntar sobre a polemica da compra de leite condensado, disse textualmente: \u201c\u00e9 para enfiar<\/p>\n","protected":false},"author":1,"featured_media":2217,"comment_status":"open","ping_status":"open","sticky":false,"template":"","format":"standard","meta":[],"categories":[18],"tags":[],"yoast_head":"<!-- This site is optimized with the Yoast SEO plugin v16.3 - https:\/\/yoast.com\/wordpress\/plugins\/seo\/ -->\n<title>SINDICATO DOS RADIALISTAS DE SERGIPE EMITEM NOTA DE REP\u00daDIO CONTRA BOLSONARO - TRIBUNA DA PRAIA<\/title>\n<meta name=\"robots\" content=\"index, follow, max-snippet:-1, max-image-preview:large, max-video-preview:-1\" \/>\n<link rel=\"canonical\" href=\"https:\/\/tribunadapraia.com.br\/?p=2216\" \/>\n<meta property=\"og:locale\" content=\"pt_BR\" \/>\n<meta property=\"og:type\" content=\"article\" \/>\n<meta property=\"og:title\" content=\"SINDICATO DOS RADIALISTAS DE SERGIPE EMITEM NOTA DE REP\u00daDIO CONTRA BOLSONARO - TRIBUNA DA PRAIA\" \/>\n<meta property=\"og:description\" content=\"O Sindicato dos Radialistas de Sergipe e a Federa\u00e7\u00e3o Interestadual de Trabalhadores em Empresas de R\u00e1diodifus\u00e3o e Televis\u00e3o (FITERT) e seus sindicatos filiados, repudiam veementemente o ataque desferido pelo presidente da Rep\u00fablica contra o radialista Marcos Couto, da FAN FM, que na manh\u00e3 desta quinta-feira, 28\/01\/21, quando na chegada de Jair Messias Bolsonaro a Sergipe, ao perguntar sobre a polemica da compra de leite condensado, disse textualmente: \u201c\u00e9 para enfiar\" \/>\n<meta property=\"og:url\" content=\"https:\/\/tribunadapraia.com.br\/?p=2216\" \/>\n<meta property=\"og:site_name\" content=\"TRIBUNA DA PRAIA\" \/>\n<meta property=\"article:publisher\" content=\"https:\/\/www.facebook.com\/tribunadapraiaonline\/\" \/>\n<meta property=\"article:published_time\" content=\"2021-01-29T11:25:21+00:00\" \/>\n<meta property=\"article:modified_time\" content=\"2021-01-29T11:26:20+00:00\" \/>\n<meta property=\"og:image\" content=\"https:\/\/tribunadapraia.com.br\/wp-content\/uploads\/2021\/01\/IMG-20210129-WA0008.jpg\" \/>\n\t<meta property=\"og:image:width\" content=\"250\" \/>\n\t<meta property=\"og:image:height\" content=\"250\" \/>\n<meta name=\"twitter:card\" content=\"summary_large_image\" \/>\n<meta name=\"twitter:creator\" content=\"@Claudomir21\" \/>\n<meta name=\"twitter:site\" content=\"@Claudomir21\" \/>\n<meta name=\"twitter:label1\" content=\"Est. tempo de leitura\">\n\t<meta name=\"twitter:data1\" content=\"1 minuto\">\n<script type=\"application\/ld+json\" class=\"yoast-schema-graph\">{\"@context\":\"https:\/\/schema.org\",\"@graph\":[{\"@type\":\"Organization\",\"@id\":\"https:\/\/tribunadapraia.com.br\/#organization\",\"name\":\"Tribuna da Praia\",\"url\":\"https:\/\/tribunadapraia.com.br\/\",\"sameAs\":[\"https:\/\/www.facebook.com\/tribunadapraiaonline\/\",\"https:\/\/www.instagram.com\/claudomirtavares\/\",\"https:\/\/www.youtube.com\/channel\/UCwQf80nxiMzCefAyjbp53Rw\",\"https:\/\/twitter.com\/Claudomir21\"],\"logo\":{\"@type\":\"ImageObject\",\"@id\":\"https:\/\/tribunadapraia.com.br\/#logo\",\"inLanguage\":\"pt-BR\",\"url\":\"https:\/\/tribunadapraia.com.br\/wp-content\/uploads\/2020\/02\/logo.png\",\"contentUrl\":\"https:\/\/tribunadapraia.com.br\/wp-content\/uploads\/2020\/02\/logo.png\",\"width\":501,\"height\":121,\"caption\":\"Tribuna da Praia\"},\"image\":{\"@id\":\"https:\/\/tribunadapraia.com.br\/#logo\"}},{\"@type\":\"WebSite\",\"@id\":\"https:\/\/tribunadapraia.com.br\/#website\",\"url\":\"https:\/\/tribunadapraia.com.br\/\",\"name\":\"TRIBUNA DA PRAIA\",\"description\":\"O 1\\u00ba jornal do interior de Sergipe na internet\",\"publisher\":{\"@id\":\"https:\/\/tribunadapraia.com.br\/#organization\"},\"potentialAction\":[{\"@type\":\"SearchAction\",\"target\":\"https:\/\/tribunadapraia.com.br\/?s={search_term_string}\",\"query-input\":\"required name=search_term_string\"}],\"inLanguage\":\"pt-BR\"},{\"@type\":\"ImageObject\",\"@id\":\"https:\/\/tribunadapraia.com.br\/?p=2216#primaryimage\",\"inLanguage\":\"pt-BR\",\"url\":\"https:\/\/tribunadapraia.com.br\/wp-content\/uploads\/2021\/01\/IMG-20210129-WA0008.jpg\",\"contentUrl\":\"https:\/\/tribunadapraia.com.br\/wp-content\/uploads\/2021\/01\/IMG-20210129-WA0008.jpg\",\"width\":250,\"height\":250},{\"@type\":\"WebPage\",\"@id\":\"https:\/\/tribunadapraia.com.br\/?p=2216#webpage\",\"url\":\"https:\/\/tribunadapraia.com.br\/?p=2216\",\"name\":\"SINDICATO DOS RADIALISTAS DE SERGIPE EMITEM NOTA DE REP\\u00daDIO CONTRA BOLSONARO - TRIBUNA DA PRAIA\",\"isPartOf\":{\"@id\":\"https:\/\/tribunadapraia.com.br\/#website\"},\"primaryImageOfPage\":{\"@id\":\"https:\/\/tribunadapraia.com.br\/?p=2216#primaryimage\"},\"datePublished\":\"2021-01-29T11:25:21+00:00\",\"dateModified\":\"2021-01-29T11:26:20+00:00\",\"breadcrumb\":{\"@id\":\"https:\/\/tribunadapraia.com.br\/?p=2216#breadcrumb\"},\"inLanguage\":\"pt-BR\",\"potentialAction\":[{\"@type\":\"ReadAction\",\"target\":[\"https:\/\/tribunadapraia.com.br\/?p=2216\"]}]},{\"@type\":\"BreadcrumbList\",\"@id\":\"https:\/\/tribunadapraia.com.br\/?p=2216#breadcrumb\",\"itemListElement\":[{\"@type\":\"ListItem\",\"position\":1,\"item\":{\"@type\":\"WebPage\",\"@id\":\"https:\/\/tribunadapraia.com.br\/\",\"url\":\"https:\/\/tribunadapraia.com.br\/\",\"name\":\"In\\u00edcio\"}},{\"@type\":\"ListItem\",\"position\":2,\"item\":{\"@id\":\"https:\/\/tribunadapraia.com.br\/?p=2216#webpage\"}}]},{\"@type\":\"Article\",\"@id\":\"https:\/\/tribunadapraia.com.br\/?p=2216#article\",\"isPartOf\":{\"@id\":\"https:\/\/tribunadapraia.com.br\/?p=2216#webpage\"},\"author\":{\"@id\":\"https:\/\/tribunadapraia.com.br\/#\/schema\/person\/326b0a9f3163b479142c64eba4928de0\"},\"headline\":\"SINDICATO DOS RADIALISTAS DE SERGIPE EMITEM NOTA DE REP\\u00daDIO CONTRA BOLSONARO\",\"datePublished\":\"2021-01-29T11:25:21+00:00\",\"dateModified\":\"2021-01-29T11:26:20+00:00\",\"mainEntityOfPage\":{\"@id\":\"https:\/\/tribunadapraia.com.br\/?p=2216#webpage\"},\"wordCount\":253,\"commentCount\":0,\"publisher\":{\"@id\":\"https:\/\/tribunadapraia.com.br\/#organization\"},\"image\":{\"@id\":\"https:\/\/tribunadapraia.com.br\/?p=2216#primaryimage\"},\"thumbnailUrl\":\"https:\/\/tribunadapraia.com.br\/wp-content\/uploads\/2021\/01\/IMG-20210129-WA0008.jpg\",\"articleSection\":[\"Not\\u00edcias\"],\"inLanguage\":\"pt-BR\",\"potentialAction\":[{\"@type\":\"CommentAction\",\"name\":\"Comment\",\"target\":[\"https:\/\/tribunadapraia.com.br\/?p=2216#respond\"]}]},{\"@type\":\"Person\",\"@id\":\"https:\/\/tribunadapraia.com.br\/#\/schema\/person\/326b0a9f3163b479142c64eba4928de0\",\"name\":\"tribunadapraia\",\"image\":{\"@type\":\"ImageObject\",\"@id\":\"https:\/\/tribunadapraia.com.br\/#personlogo\",\"inLanguage\":\"pt-BR\",\"url\":\"https:\/\/secure.gravatar.com\/avatar\/38b019c74762496076b7355024a0dad9?s=96&d=identicon&r=g\",\"contentUrl\":\"https:\/\/secure.gravatar.com\/avatar\/38b019c74762496076b7355024a0dad9?s=96&d=identicon&r=g\",\"caption\":\"tribunadapraia\"}}]}<\/script>\n<!-- \/ Yoast SEO plugin. -->","wps_subtitle":"","_links":{"self":[{"href":"https:\/\/tribunadapraia.com.br\/index.php?rest_route=\/wp\/v2\/posts\/2216"}],"collection":[{"href":"https:\/\/tribunadapraia.com.br\/index.php?rest_route=\/wp\/v2\/posts"}],"about":[{"href":"https:\/\/tribunadapraia.com.br\/index.php?rest_route=\/wp\/v2\/types\/post"}],"author":[{"embeddable":true,"href":"https:\/\/tribunadapraia.com.br\/index.php?rest_route=\/wp\/v2\/users\/1"}],"replies":[{"embeddable":true,"href":"https:\/\/tribunadapraia.com.br\/index.php?rest_route=%2Fwp%2Fv2%2Fcomments&post=2216"}],"version-history":[{"count":1,"href":"https:\/\/tribunadapraia.com.br\/index.php?rest_route=\/wp\/v2\/posts\/2216\/revisions"}],"predecessor-version":[{"id":2218,"href":"https:\/\/tribunadapraia.com.br\/index.php?rest_route=\/wp\/v2\/posts\/2216\/revisions\/2218"}],"wp:featuredmedia":[{"embeddable":true,"href":"https:\/\/tribunadapraia.com.br\/index.php?rest_route=\/wp\/v2\/media\/2217"}],"wp:attachment":[{"href":"https:\/\/tribunadapraia.com.br\/index.php?rest_route=%2Fwp%2Fv2%2Fmedia&parent=2216"}],"wp:term":[{"taxonomy":"category","embeddable":true,"href":"https:\/\/tribunadapraia.com.br\/index.php?rest_route=%2Fwp%2Fv2%2Fcategories&post=2216"},{"taxonomy":"post_tag","embeddable":true,"href":"https:\/\/tribunadapraia.com.br\/index.php?rest_route=%2Fwp%2Fv2%2Ftags&post=2216"}],"curies":[{"name":"wp","href":"https:\/\/api.w.org\/{rel}","templated":true}]}}