{"id":2209,"date":"2021-01-28T12:11:23","date_gmt":"2021-01-28T15:11:23","guid":{"rendered":"https:\/\/tribunadapraia.com.br\/?p=2209"},"modified":"2021-01-28T12:13:17","modified_gmt":"2021-01-28T15:13:17","slug":"grupos-religiosos-pedem-impeachment-de-bolsonaro-por-nao-acesso-a-vacina","status":"publish","type":"post","link":"https:\/\/tribunadapraia.com.br\/?p=2209","title":{"rendered":"Grupos religiosos pedem impeachment de Bolsonaro por &#8216;n\u00e3o acesso \u00e0 vacina"},"content":{"rendered":"<p>Entidades cat\u00f3licas e evang\u00e9licas protocolaram hoje um pedido de Impeachment contra presidente Jair Bolsonaro (sem partido), na C\u00e2mara dos Deputados. No documento, os l\u00edderes acusam o chefe do Executivo de neglig\u00eancia em rela\u00e7\u00e3o \u00e0s medidas de preven\u00e7\u00e3o ao novo coronav\u00edrus, em especial pelo caos instalado na sa\u00fade p\u00fablica de Manaus. Este \u00e9 63\u00ba pedido de impeachment protocolado contra Bolsonaro e apresentado \u00e0 Mesa da C\u00e2mara.<\/p>\n<p>No texto, os religiosos tamb\u00e9m denunciam Bolsonaro por crime de responsabilidade pelo &#8220;n\u00e3o acesso \u00e0 vacina&#8221; e &#8220;desprezo pela vida dos cidad\u00e3os&#8221;.<\/p>\n<p>Nat\u00e1lia L\u00e1zaro | Colabora\u00e7\u00e3o para o UOL, em Bras\u00edlia<\/p>\n","protected":false},"excerpt":{"rendered":"<p>Entidades cat\u00f3licas e evang\u00e9licas protocolaram hoje um pedido de Impeachment contra presidente Jair Bolsonaro (sem partido), na C\u00e2mara dos Deputados. No documento, os l\u00edderes acusam o chefe do Executivo de neglig\u00eancia em rela\u00e7\u00e3o \u00e0s medidas de preven\u00e7\u00e3o ao novo coronav\u00edrus, em especial pelo caos instalado na sa\u00fade p\u00fablica de Manaus. Este \u00e9 63\u00ba pedido de impeachment protocolado contra Bolsonaro e apresentado \u00e0 Mesa da C\u00e2mara. No texto, os religiosos tamb\u00e9m<\/p>\n","protected":false},"author":1,"featured_media":2210,"comment_status":"open","ping_status":"open","sticky":false,"template":"","format":"standard","meta":[],"categories":[18],"tags":[],"yoast_head":"<!-- This site is optimized with the Yoast SEO plugin v16.3 - https:\/\/yoast.com\/wordpress\/plugins\/seo\/ -->\n<title>Grupos religiosos pedem impeachment de Bolsonaro por &#039;n\u00e3o acesso \u00e0 vacina - TRIBUNA DA PRAIA<\/title>\n<meta name=\"robots\" content=\"index, follow, max-snippet:-1, max-image-preview:large, max-video-preview:-1\" \/>\n<link rel=\"canonical\" href=\"https:\/\/tribunadapraia.com.br\/?p=2209\" \/>\n<meta property=\"og:locale\" content=\"pt_BR\" \/>\n<meta property=\"og:type\" content=\"article\" \/>\n<meta property=\"og:title\" content=\"Grupos religiosos pedem impeachment de Bolsonaro por &#039;n\u00e3o acesso \u00e0 vacina - TRIBUNA DA PRAIA\" \/>\n<meta property=\"og:description\" content=\"Entidades cat\u00f3licas e evang\u00e9licas protocolaram hoje um pedido de Impeachment contra presidente Jair Bolsonaro (sem partido), na C\u00e2mara dos Deputados. No documento, os l\u00edderes acusam o chefe do Executivo de neglig\u00eancia em rela\u00e7\u00e3o \u00e0s medidas de preven\u00e7\u00e3o ao novo coronav\u00edrus, em especial pelo caos instalado na sa\u00fade p\u00fablica de Manaus. Este \u00e9 63\u00ba pedido de impeachment protocolado contra Bolsonaro e apresentado \u00e0 Mesa da C\u00e2mara. No texto, os religiosos tamb\u00e9m\" \/>\n<meta property=\"og:url\" content=\"https:\/\/tribunadapraia.com.br\/?p=2209\" \/>\n<meta property=\"og:site_name\" content=\"TRIBUNA DA PRAIA\" \/>\n<meta property=\"article:publisher\" content=\"https:\/\/www.facebook.com\/tribunadapraiaonline\/\" \/>\n<meta property=\"article:published_time\" content=\"2021-01-28T15:11:23+00:00\" \/>\n<meta property=\"article:modified_time\" content=\"2021-01-28T15:13:17+00:00\" \/>\n<meta property=\"og:image\" content=\"https:\/\/tribunadapraia.com.br\/wp-content\/uploads\/2021\/01\/IMG-20210128-WA0059.jpg\" \/>\n\t<meta property=\"og:image:width\" content=\"450\" \/>\n\t<meta property=\"og:image:height\" content=\"337\" \/>\n<meta name=\"twitter:card\" content=\"summary_large_image\" \/>\n<meta name=\"twitter:creator\" content=\"@Claudomir21\" \/>\n<meta name=\"twitter:site\" content=\"@Claudomir21\" \/>\n<meta name=\"twitter:label1\" content=\"Est. tempo de leitura\">\n\t<meta name=\"twitter:data1\" content=\"1 minuto\">\n<script type=\"application\/ld+json\" class=\"yoast-schema-graph\">{\"@context\":\"https:\/\/schema.org\",\"@graph\":[{\"@type\":\"Organization\",\"@id\":\"https:\/\/tribunadapraia.com.br\/#organization\",\"name\":\"Tribuna da Praia\",\"url\":\"https:\/\/tribunadapraia.com.br\/\",\"sameAs\":[\"https:\/\/www.facebook.com\/tribunadapraiaonline\/\",\"https:\/\/www.instagram.com\/claudomirtavares\/\",\"https:\/\/www.youtube.com\/channel\/UCwQf80nxiMzCefAyjbp53Rw\",\"https:\/\/twitter.com\/Claudomir21\"],\"logo\":{\"@type\":\"ImageObject\",\"@id\":\"https:\/\/tribunadapraia.com.br\/#logo\",\"inLanguage\":\"pt-BR\",\"url\":\"https:\/\/tribunadapraia.com.br\/wp-content\/uploads\/2020\/02\/logo.png\",\"contentUrl\":\"https:\/\/tribunadapraia.com.br\/wp-content\/uploads\/2020\/02\/logo.png\",\"width\":501,\"height\":121,\"caption\":\"Tribuna da Praia\"},\"image\":{\"@id\":\"https:\/\/tribunadapraia.com.br\/#logo\"}},{\"@type\":\"WebSite\",\"@id\":\"https:\/\/tribunadapraia.com.br\/#website\",\"url\":\"https:\/\/tribunadapraia.com.br\/\",\"name\":\"TRIBUNA DA PRAIA\",\"description\":\"O 1\\u00ba jornal do interior de Sergipe na internet\",\"publisher\":{\"@id\":\"https:\/\/tribunadapraia.com.br\/#organization\"},\"potentialAction\":[{\"@type\":\"SearchAction\",\"target\":\"https:\/\/tribunadapraia.com.br\/?s={search_term_string}\",\"query-input\":\"required name=search_term_string\"}],\"inLanguage\":\"pt-BR\"},{\"@type\":\"ImageObject\",\"@id\":\"https:\/\/tribunadapraia.com.br\/?p=2209#primaryimage\",\"inLanguage\":\"pt-BR\",\"url\":\"https:\/\/tribunadapraia.com.br\/wp-content\/uploads\/2021\/01\/IMG-20210128-WA0059.jpg\",\"contentUrl\":\"https:\/\/tribunadapraia.com.br\/wp-content\/uploads\/2021\/01\/IMG-20210128-WA0059.jpg\",\"width\":450,\"height\":337},{\"@type\":\"WebPage\",\"@id\":\"https:\/\/tribunadapraia.com.br\/?p=2209#webpage\",\"url\":\"https:\/\/tribunadapraia.com.br\/?p=2209\",\"name\":\"Grupos religiosos pedem impeachment de Bolsonaro por 'n\\u00e3o acesso \\u00e0 vacina - TRIBUNA DA PRAIA\",\"isPartOf\":{\"@id\":\"https:\/\/tribunadapraia.com.br\/#website\"},\"primaryImageOfPage\":{\"@id\":\"https:\/\/tribunadapraia.com.br\/?p=2209#primaryimage\"},\"datePublished\":\"2021-01-28T15:11:23+00:00\",\"dateModified\":\"2021-01-28T15:13:17+00:00\",\"breadcrumb\":{\"@id\":\"https:\/\/tribunadapraia.com.br\/?p=2209#breadcrumb\"},\"inLanguage\":\"pt-BR\",\"potentialAction\":[{\"@type\":\"ReadAction\",\"target\":[\"https:\/\/tribunadapraia.com.br\/?p=2209\"]}]},{\"@type\":\"BreadcrumbList\",\"@id\":\"https:\/\/tribunadapraia.com.br\/?p=2209#breadcrumb\",\"itemListElement\":[{\"@type\":\"ListItem\",\"position\":1,\"item\":{\"@type\":\"WebPage\",\"@id\":\"https:\/\/tribunadapraia.com.br\/\",\"url\":\"https:\/\/tribunadapraia.com.br\/\",\"name\":\"In\\u00edcio\"}},{\"@type\":\"ListItem\",\"position\":2,\"item\":{\"@id\":\"https:\/\/tribunadapraia.com.br\/?p=2209#webpage\"}}]},{\"@type\":\"Article\",\"@id\":\"https:\/\/tribunadapraia.com.br\/?p=2209#article\",\"isPartOf\":{\"@id\":\"https:\/\/tribunadapraia.com.br\/?p=2209#webpage\"},\"author\":{\"@id\":\"https:\/\/tribunadapraia.com.br\/#\/schema\/person\/326b0a9f3163b479142c64eba4928de0\"},\"headline\":\"Grupos religiosos pedem impeachment de Bolsonaro por &#8216;n\\u00e3o acesso \\u00e0 vacina\",\"datePublished\":\"2021-01-28T15:11:23+00:00\",\"dateModified\":\"2021-01-28T15:13:17+00:00\",\"mainEntityOfPage\":{\"@id\":\"https:\/\/tribunadapraia.com.br\/?p=2209#webpage\"},\"wordCount\":120,\"commentCount\":0,\"publisher\":{\"@id\":\"https:\/\/tribunadapraia.com.br\/#organization\"},\"image\":{\"@id\":\"https:\/\/tribunadapraia.com.br\/?p=2209#primaryimage\"},\"thumbnailUrl\":\"https:\/\/tribunadapraia.com.br\/wp-content\/uploads\/2021\/01\/IMG-20210128-WA0059.jpg\",\"articleSection\":[\"Not\\u00edcias\"],\"inLanguage\":\"pt-BR\",\"potentialAction\":[{\"@type\":\"CommentAction\",\"name\":\"Comment\",\"target\":[\"https:\/\/tribunadapraia.com.br\/?p=2209#respond\"]}]},{\"@type\":\"Person\",\"@id\":\"https:\/\/tribunadapraia.com.br\/#\/schema\/person\/326b0a9f3163b479142c64eba4928de0\",\"name\":\"tribunadapraia\",\"image\":{\"@type\":\"ImageObject\",\"@id\":\"https:\/\/tribunadapraia.com.br\/#personlogo\",\"inLanguage\":\"pt-BR\",\"url\":\"https:\/\/secure.gravatar.com\/avatar\/38b019c74762496076b7355024a0dad9?s=96&d=identicon&r=g\",\"contentUrl\":\"https:\/\/secure.gravatar.com\/avatar\/38b019c74762496076b7355024a0dad9?s=96&d=identicon&r=g\",\"caption\":\"tribunadapraia\"}}]}<\/script>\n<!-- \/ Yoast SEO plugin. -->","wps_subtitle":"","_links":{"self":[{"href":"https:\/\/tribunadapraia.com.br\/index.php?rest_route=\/wp\/v2\/posts\/2209"}],"collection":[{"href":"https:\/\/tribunadapraia.com.br\/index.php?rest_route=\/wp\/v2\/posts"}],"about":[{"href":"https:\/\/tribunadapraia.com.br\/index.php?rest_route=\/wp\/v2\/types\/post"}],"author":[{"embeddable":true,"href":"https:\/\/tribunadapraia.com.br\/index.php?rest_route=\/wp\/v2\/users\/1"}],"replies":[{"embeddable":true,"href":"https:\/\/tribunadapraia.com.br\/index.php?rest_route=%2Fwp%2Fv2%2Fcomments&post=2209"}],"version-history":[{"count":1,"href":"https:\/\/tribunadapraia.com.br\/index.php?rest_route=\/wp\/v2\/posts\/2209\/revisions"}],"predecessor-version":[{"id":2211,"href":"https:\/\/tribunadapraia.com.br\/index.php?rest_route=\/wp\/v2\/posts\/2209\/revisions\/2211"}],"wp:featuredmedia":[{"embeddable":true,"href":"https:\/\/tribunadapraia.com.br\/index.php?rest_route=\/wp\/v2\/media\/2210"}],"wp:attachment":[{"href":"https:\/\/tribunadapraia.com.br\/index.php?rest_route=%2Fwp%2Fv2%2Fmedia&parent=2209"}],"wp:term":[{"taxonomy":"category","embeddable":true,"href":"https:\/\/tribunadapraia.com.br\/index.php?rest_route=%2Fwp%2Fv2%2Fcategories&post=2209"},{"taxonomy":"post_tag","embeddable":true,"href":"https:\/\/tribunadapraia.com.br\/index.php?rest_route=%2Fwp%2Fv2%2Ftags&post=2209"}],"curies":[{"name":"wp","href":"https:\/\/api.w.org\/{rel}","templated":true}]}}