{"id":2206,"date":"2021-01-27T10:10:48","date_gmt":"2021-01-27T13:10:48","guid":{"rendered":"https:\/\/tribunadapraia.com.br\/?p=2206"},"modified":"2021-01-27T10:10:48","modified_gmt":"2021-01-27T13:10:48","slug":"ha-18-anos-jornal-tribuna-da-praia-chegava-para-ficar-em-propria-e-baixo-sao-francisco","status":"publish","type":"post","link":"https:\/\/tribunadapraia.com.br\/?p=2206","title":{"rendered":"H\u00e1 18 anos: Jornal Tribuna da Praia chegava (para ficar) em Propri\u00e1 e Baixo S\u00e3o Francisco"},"content":{"rendered":"<p>Algumas datas est\u00e3o definitivamente cravadas na trajet\u00f3ria hist\u00f3rica do jornal Tribuma da Praia, uma metamorfose na imprensa de Sergipe, uma trincheira em defesa da sociedade, fundada em 23 de agosto de 1983 no seio do movimento estudantill em Pirambu, quando agonizava a ditadura civil-militar-empresarial no Brasil, mas n\u00e3o \u00e0s perseguo\u00e7\u00f5es a quem, como n\u00f3s, ousasse empreender um canal de comunica\u00e7\u00e3o alternativo, de cunho essencialmente popular.<\/p>\n<p>Das \u00e1guas do S\u00e3o Francisco &#8211; Uma dessas datas que celebramos no dia de hoje, foi o surgimemto em 27 de janeiro de 2003 do formato standard\/tamanho A3, com 8 p\u00e1ginas (capa, opini\u00e3o, pol\u00edtica, painel, cidades, cultura, sociedade, especial &#8211; turismo, esporte, meio smbiente, etc.) no Bsixo S\u00e3o Francisco sergipano (27 cidades) e alagoano (12 cidades), como parte da programa\u00e7\u00e3o paralela &#8211; e complementar &#8211; do 20\u00b0 Encontro Cultural de Propri\u00e1.<\/p>\n<p>A \u00faltima edi\u00e7\u00e3o impressa foi publicada em abril de 2012, passando a partir da\u00ed para a modalidade digitalizada\/pdf, sendo a \u00faltima levada ao ar em outubro de 2019 (foto).<\/p>\n<p>O n\u00fanero 1 &#8211; Desde 24 de abril de 2004 estamos definitivamente no ar, sendo o primriro de Sergipe na internet, com um conte\u00fado marcadamente independente, sem baixar a guarda, mantendo empunhada a bandeira hist\u00f3rica que lhe originou como resultado do soerguimento da luta por democracia e liberdade. Integra ao lado da Atalainha, a r\u00e1dio que toca o seu cora\u00e7\u00e3o, \u00e0s organoza\u00e7\u00f5es ClaudOmir Herzog.<\/p>\n<p>Hoje \u00e9 um dia de agradecimentos aos nossos leitores e leitoras, parceiros e colaboradores, a quem agradecemos nas pessoas de Renner Alves, Adilson Silva, C\u00edcero Lemos, Lenaldo Santos, Elenilton Pereira, Marcone Trindade, Aelson Publicidade, Jean Gledson, Dhyego Rocha, Carol Alexandria, M\u00e1rcio Campos, Ronaldo Sales, Izabel Aquino, Edson Souza, Luiz Viana, Edilene Oliveira, Washington Prata, entre tantos e tantas pessoas, institui\u00e7\u00f5es e organiza\u00e7\u00f5es com \u00e0s quais estabelecemos alguma rela\u00e7\u00e3o nos msrcos e princ\u00edpips da \u00e9tica e do m\u00fatuo respeito.<\/p>\n<p>A voc\u00eas, nosso muito obrigado, nossa eterna gratid\u00e3o.<\/p>\n<p>ClaudOmir Herzog | Diretor-fundador<\/p>\n","protected":false},"excerpt":{"rendered":"<p>Algumas datas est\u00e3o definitivamente cravadas na trajet\u00f3ria hist\u00f3rica do jornal Tribuma da Praia, uma metamorfose na imprensa de Sergipe, uma trincheira em defesa da sociedade, fundada em 23 de agosto de 1983 no seio do movimento estudantill em Pirambu, quando agonizava a ditadura civil-militar-empresarial no Brasil, mas n\u00e3o \u00e0s perseguo\u00e7\u00f5es a quem, como n\u00f3s, ousasse empreender um canal de comunica\u00e7\u00e3o alternativo, de cunho essencialmente popular. Das \u00e1guas do S\u00e3o Francisco<\/p>\n","protected":false},"author":3,"featured_media":2207,"comment_status":"open","ping_status":"open","sticky":false,"template":"","format":"standard","meta":[],"categories":[18],"tags":[],"yoast_head":"<!-- This site is optimized with the Yoast SEO plugin v16.3 - https:\/\/yoast.com\/wordpress\/plugins\/seo\/ -->\n<title>H\u00e1 18 anos: Jornal Tribuna da Praia chegava (para ficar) em Propri\u00e1 e Baixo S\u00e3o Francisco - TRIBUNA DA PRAIA<\/title>\n<meta name=\"robots\" content=\"index, follow, max-snippet:-1, max-image-preview:large, max-video-preview:-1\" \/>\n<link rel=\"canonical\" href=\"https:\/\/tribunadapraia.com.br\/?p=2206\" \/>\n<meta property=\"og:locale\" content=\"pt_BR\" \/>\n<meta property=\"og:type\" content=\"article\" \/>\n<meta property=\"og:title\" content=\"H\u00e1 18 anos: Jornal Tribuna da Praia chegava (para ficar) em Propri\u00e1 e Baixo S\u00e3o Francisco - TRIBUNA DA PRAIA\" \/>\n<meta property=\"og:description\" content=\"Algumas datas est\u00e3o definitivamente cravadas na trajet\u00f3ria hist\u00f3rica do jornal Tribuma da Praia, uma metamorfose na imprensa de Sergipe, uma trincheira em defesa da sociedade, fundada em 23 de agosto de 1983 no seio do movimento estudantill em Pirambu, quando agonizava a ditadura civil-militar-empresarial no Brasil, mas n\u00e3o \u00e0s perseguo\u00e7\u00f5es a quem, como n\u00f3s, ousasse empreender um canal de comunica\u00e7\u00e3o alternativo, de cunho essencialmente popular. Das \u00e1guas do S\u00e3o Francisco\" \/>\n<meta property=\"og:url\" content=\"https:\/\/tribunadapraia.com.br\/?p=2206\" \/>\n<meta property=\"og:site_name\" content=\"TRIBUNA DA PRAIA\" \/>\n<meta property=\"article:publisher\" content=\"https:\/\/www.facebook.com\/tribunadapraiaonline\/\" \/>\n<meta property=\"article:published_time\" content=\"2021-01-27T13:10:48+00:00\" \/>\n<meta property=\"og:image\" content=\"https:\/\/tribunadapraia.com.br\/wp-content\/uploads\/2021\/01\/IMG-20210127-WA0002.jpg\" \/>\n\t<meta property=\"og:image:width\" content=\"720\" \/>\n\t<meta property=\"og:image:height\" content=\"980\" \/>\n<meta name=\"twitter:card\" content=\"summary_large_image\" \/>\n<meta name=\"twitter:creator\" content=\"@Claudomir21\" \/>\n<meta name=\"twitter:site\" content=\"@Claudomir21\" \/>\n<meta name=\"twitter:label1\" content=\"Est. tempo de leitura\">\n\t<meta name=\"twitter:data1\" content=\"2 minutos\">\n<script type=\"application\/ld+json\" class=\"yoast-schema-graph\">{\"@context\":\"https:\/\/schema.org\",\"@graph\":[{\"@type\":\"Organization\",\"@id\":\"https:\/\/tribunadapraia.com.br\/#organization\",\"name\":\"Tribuna da Praia\",\"url\":\"https:\/\/tribunadapraia.com.br\/\",\"sameAs\":[\"https:\/\/www.facebook.com\/tribunadapraiaonline\/\",\"https:\/\/www.instagram.com\/claudomirtavares\/\",\"https:\/\/www.youtube.com\/channel\/UCwQf80nxiMzCefAyjbp53Rw\",\"https:\/\/twitter.com\/Claudomir21\"],\"logo\":{\"@type\":\"ImageObject\",\"@id\":\"https:\/\/tribunadapraia.com.br\/#logo\",\"inLanguage\":\"pt-BR\",\"url\":\"https:\/\/tribunadapraia.com.br\/wp-content\/uploads\/2020\/02\/logo.png\",\"contentUrl\":\"https:\/\/tribunadapraia.com.br\/wp-content\/uploads\/2020\/02\/logo.png\",\"width\":501,\"height\":121,\"caption\":\"Tribuna da Praia\"},\"image\":{\"@id\":\"https:\/\/tribunadapraia.com.br\/#logo\"}},{\"@type\":\"WebSite\",\"@id\":\"https:\/\/tribunadapraia.com.br\/#website\",\"url\":\"https:\/\/tribunadapraia.com.br\/\",\"name\":\"TRIBUNA DA PRAIA\",\"description\":\"O 1\\u00ba jornal do interior de Sergipe na internet\",\"publisher\":{\"@id\":\"https:\/\/tribunadapraia.com.br\/#organization\"},\"potentialAction\":[{\"@type\":\"SearchAction\",\"target\":\"https:\/\/tribunadapraia.com.br\/?s={search_term_string}\",\"query-input\":\"required name=search_term_string\"}],\"inLanguage\":\"pt-BR\"},{\"@type\":\"ImageObject\",\"@id\":\"https:\/\/tribunadapraia.com.br\/?p=2206#primaryimage\",\"inLanguage\":\"pt-BR\",\"url\":\"https:\/\/tribunadapraia.com.br\/wp-content\/uploads\/2021\/01\/IMG-20210127-WA0002.jpg\",\"contentUrl\":\"https:\/\/tribunadapraia.com.br\/wp-content\/uploads\/2021\/01\/IMG-20210127-WA0002.jpg\",\"width\":720,\"height\":980},{\"@type\":\"WebPage\",\"@id\":\"https:\/\/tribunadapraia.com.br\/?p=2206#webpage\",\"url\":\"https:\/\/tribunadapraia.com.br\/?p=2206\",\"name\":\"H\\u00e1 18 anos: Jornal Tribuna da Praia chegava (para ficar) em Propri\\u00e1 e Baixo S\\u00e3o Francisco - TRIBUNA DA PRAIA\",\"isPartOf\":{\"@id\":\"https:\/\/tribunadapraia.com.br\/#website\"},\"primaryImageOfPage\":{\"@id\":\"https:\/\/tribunadapraia.com.br\/?p=2206#primaryimage\"},\"datePublished\":\"2021-01-27T13:10:48+00:00\",\"dateModified\":\"2021-01-27T13:10:48+00:00\",\"breadcrumb\":{\"@id\":\"https:\/\/tribunadapraia.com.br\/?p=2206#breadcrumb\"},\"inLanguage\":\"pt-BR\",\"potentialAction\":[{\"@type\":\"ReadAction\",\"target\":[\"https:\/\/tribunadapraia.com.br\/?p=2206\"]}]},{\"@type\":\"BreadcrumbList\",\"@id\":\"https:\/\/tribunadapraia.com.br\/?p=2206#breadcrumb\",\"itemListElement\":[{\"@type\":\"ListItem\",\"position\":1,\"item\":{\"@type\":\"WebPage\",\"@id\":\"https:\/\/tribunadapraia.com.br\/\",\"url\":\"https:\/\/tribunadapraia.com.br\/\",\"name\":\"In\\u00edcio\"}},{\"@type\":\"ListItem\",\"position\":2,\"item\":{\"@id\":\"https:\/\/tribunadapraia.com.br\/?p=2206#webpage\"}}]},{\"@type\":\"Article\",\"@id\":\"https:\/\/tribunadapraia.com.br\/?p=2206#article\",\"isPartOf\":{\"@id\":\"https:\/\/tribunadapraia.com.br\/?p=2206#webpage\"},\"author\":{\"@id\":\"https:\/\/tribunadapraia.com.br\/#\/schema\/person\/099fbbf59acc5895c0d7d52b4fc46c97\"},\"headline\":\"H\\u00e1 18 anos: Jornal Tribuna da Praia chegava (para ficar) em Propri\\u00e1 e Baixo S\\u00e3o Francisco\",\"datePublished\":\"2021-01-27T13:10:48+00:00\",\"dateModified\":\"2021-01-27T13:10:48+00:00\",\"mainEntityOfPage\":{\"@id\":\"https:\/\/tribunadapraia.com.br\/?p=2206#webpage\"},\"wordCount\":351,\"commentCount\":0,\"publisher\":{\"@id\":\"https:\/\/tribunadapraia.com.br\/#organization\"},\"image\":{\"@id\":\"https:\/\/tribunadapraia.com.br\/?p=2206#primaryimage\"},\"thumbnailUrl\":\"https:\/\/tribunadapraia.com.br\/wp-content\/uploads\/2021\/01\/IMG-20210127-WA0002.jpg\",\"articleSection\":[\"Not\\u00edcias\"],\"inLanguage\":\"pt-BR\",\"potentialAction\":[{\"@type\":\"CommentAction\",\"name\":\"Comment\",\"target\":[\"https:\/\/tribunadapraia.com.br\/?p=2206#respond\"]}]},{\"@type\":\"Person\",\"@id\":\"https:\/\/tribunadapraia.com.br\/#\/schema\/person\/099fbbf59acc5895c0d7d52b4fc46c97\",\"name\":\"Reda\\u00e7\\u00e3o\",\"image\":{\"@type\":\"ImageObject\",\"@id\":\"https:\/\/tribunadapraia.com.br\/#personlogo\",\"inLanguage\":\"pt-BR\",\"url\":\"https:\/\/secure.gravatar.com\/avatar\/91c8b91d2bfd7784eac5c3e055361f64?s=96&d=identicon&r=g\",\"contentUrl\":\"https:\/\/secure.gravatar.com\/avatar\/91c8b91d2bfd7784eac5c3e055361f64?s=96&d=identicon&r=g\",\"caption\":\"Reda\\u00e7\\u00e3o\"}}]}<\/script>\n<!-- \/ Yoast SEO plugin. -->","wps_subtitle":"","_links":{"self":[{"href":"https:\/\/tribunadapraia.com.br\/index.php?rest_route=\/wp\/v2\/posts\/2206"}],"collection":[{"href":"https:\/\/tribunadapraia.com.br\/index.php?rest_route=\/wp\/v2\/posts"}],"about":[{"href":"https:\/\/tribunadapraia.com.br\/index.php?rest_route=\/wp\/v2\/types\/post"}],"author":[{"embeddable":true,"href":"https:\/\/tribunadapraia.com.br\/index.php?rest_route=\/wp\/v2\/users\/3"}],"replies":[{"embeddable":true,"href":"https:\/\/tribunadapraia.com.br\/index.php?rest_route=%2Fwp%2Fv2%2Fcomments&post=2206"}],"version-history":[{"count":1,"href":"https:\/\/tribunadapraia.com.br\/index.php?rest_route=\/wp\/v2\/posts\/2206\/revisions"}],"predecessor-version":[{"id":2208,"href":"https:\/\/tribunadapraia.com.br\/index.php?rest_route=\/wp\/v2\/posts\/2206\/revisions\/2208"}],"wp:featuredmedia":[{"embeddable":true,"href":"https:\/\/tribunadapraia.com.br\/index.php?rest_route=\/wp\/v2\/media\/2207"}],"wp:attachment":[{"href":"https:\/\/tribunadapraia.com.br\/index.php?rest_route=%2Fwp%2Fv2%2Fmedia&parent=2206"}],"wp:term":[{"taxonomy":"category","embeddable":true,"href":"https:\/\/tribunadapraia.com.br\/index.php?rest_route=%2Fwp%2Fv2%2Fcategories&post=2206"},{"taxonomy":"post_tag","embeddable":true,"href":"https:\/\/tribunadapraia.com.br\/index.php?rest_route=%2Fwp%2Fv2%2Ftags&post=2206"}],"curies":[{"name":"wp","href":"https:\/\/api.w.org\/{rel}","templated":true}]}}