{"id":2181,"date":"2021-01-21T08:45:03","date_gmt":"2021-01-21T11:45:03","guid":{"rendered":"https:\/\/tribunadapraia.com.br\/?p=2181"},"modified":"2021-01-21T09:12:17","modified_gmt":"2021-01-21T12:12:17","slug":"dirigente-da-cut-e-da-fetam-cobra-audiencia-com-prefeito-de-propria","status":"publish","type":"post","link":"https:\/\/tribunadapraia.com.br\/?p=2181","title":{"rendered":"DIRIGENTE DA CUT E DA FETAM COBRA AUDI\u00caNCIA COM PREFEITO DE PROPRI\u00c1"},"content":{"rendered":"<p>Reajuste de 2021, altera\u00e7\u00e3o da jornada de trabalho dos servidores e corte do direito \u00e0 gratifica\u00e7\u00e3o s\u00e3o temas importantes para serem discutidos<\/p>\n<p>Os servidores p\u00fablicos do munic\u00edpio de Propri\u00e1 ainda est\u00e3o come\u00e7ando a receber o sal\u00e1rio atrasado de dezembro\/2020. Como se n\u00e3o bastasse a tristeza de passar as festas de fim de ano sem remunera\u00e7\u00e3o, hoje os servidores foram surpreendidos com o decreto 018\/2021 do novo prefeito Dr. Valberto Lima suspendendo o direito \u00e0 gratifica\u00e7\u00e3o pago aos servidores efetivos que desempenham cargo de chefia.<\/p>\n<p>Dirigente da FETAM (Federa\u00e7\u00e3o dos Trabalhadores do Servi\u00e7o P\u00fablico Municipal de Sergipe) e da Central \u00danica dos Trabalhadores (CUT Sergipe), Cl\u00e1udio Herculano explicou que o decreto n\u00e3o pode derrubar o artigo da lei 512\/2010, vinculada ao Plano de Cargos e Sal\u00e1rios dos Servidores. O dirigente avaliou que o prefeito deve suspender o decreto e receber os representantes dos trabalhadores para conversar.<\/p>\n<p>\u201cEntreguei um of\u00edcio na segunda-feira (18\/1) para marcar uma audi\u00eancia com o prefeito. Precisamos conversar sobre o reajuste salarial de 2021. Todo m\u00eas de janeiro a gente senta com o prefeito e discute como ser\u00e1 o reajuste anual. Nosso Plano de Cargos e Sal\u00e1rios determina 10% de reajuste tendo como par\u00e2metro o sal\u00e1rio m\u00ednimo anual\u201d, explicou Cl\u00e1udio Herculano.<\/p>\n<p>Segundo o dirigente sindical Cl\u00e1udio Herculano, os servidores p\u00fablicos est\u00e3o desestimulados neste in\u00edcio de ano. No come\u00e7o da semana, os servidores com mais de 30 anos de servi\u00e7o foram comunicados que ter\u00e3o altera\u00e7\u00e3o na jornada de trabalho. Ao inv\u00e9s de trabalhar das 7h \u00e0s 13h, v\u00e3o trabalhar das 8h \u00e0s 12h, com o intervalo de almo\u00e7o e retorno para o trabalho das 14h \u00e0s 17h.<\/p>\n<p>\u201c2020 foi um ano muito dif\u00edcil, 2021 poderia come\u00e7ar melhor para os servidores p\u00fablicos de Propri\u00e1 que trabalharam duro, mesmo sem EPI para se proteger da Covid-19, porque aqui os trabalhadores da sa\u00fade, os garis t\u00eam trabalhado sem m\u00e1scara, sem luva, sem nenhuma prote\u00e7\u00e3o em plena pandemia. Como se n\u00e3o bastassem a contamina\u00e7\u00e3o e o risco de perder a sa\u00fade e a vida, no fim do ano os servidores ficaram sem sal\u00e1rio, e em janeiro tem corte de gratifica\u00e7\u00e3o e altera\u00e7\u00e3o da jornada\u201d, criticou o dirigente.<\/p>\n<p>Cl\u00e1udio Herculano afirmou que \u00e9 um retrocesso o prefeito n\u00e3o receber o dirigente sindical para discutir estas medidas que interferem diretamente na vida dos trabalhadores.<\/p>\n<p>\u201cEste decreto, sem qualquer di\u00e1logo com os trabalhadores, \u00e9 um retrocesso. A justificativa para o corte das gratifica\u00e7\u00f5es foi reduzir gastos, mas a Prefeitura j\u00e1 contratou agora em janeiro entre 50 a 100 pessoas. Ent\u00e3o cad\u00ea a economia? Tem at\u00e9 pessoas com v\u00ednculo na Prefeitura de Aracaju que trabalham em Propri\u00e1. Queremos que o prefeito marque uma audi\u00eancia com dirigentes da CUT e da Fetam urgente\u201d, refor\u00e7ou Herculano.<\/p>\n<p>Segundo o presidente da CUT Sergipe, Roberto Silva, a luta por direitos trabalhistas, democracia, respeito, sal\u00e1rio e valoriza\u00e7\u00e3o dos servidores p\u00fablicos concursados \u00e9 uma luta da CUT.<\/p>\n<p>por Iracema Corso<\/p>\n","protected":false},"excerpt":{"rendered":"<p>Reajuste de 2021, altera\u00e7\u00e3o da jornada de trabalho dos servidores e corte do direito \u00e0 gratifica\u00e7\u00e3o s\u00e3o temas importantes para serem discutidos Os servidores p\u00fablicos do munic\u00edpio de Propri\u00e1 ainda est\u00e3o come\u00e7ando a receber o sal\u00e1rio atrasado de dezembro\/2020. Como se n\u00e3o bastasse a tristeza de passar as festas de fim de ano sem remunera\u00e7\u00e3o, hoje os servidores foram surpreendidos com o decreto 018\/2021 do novo prefeito Dr. Valberto Lima<\/p>\n","protected":false},"author":1,"featured_media":2182,"comment_status":"open","ping_status":"open","sticky":false,"template":"","format":"standard","meta":[],"categories":[18],"tags":[],"yoast_head":"<!-- This site is optimized with the Yoast SEO plugin v16.3 - https:\/\/yoast.com\/wordpress\/plugins\/seo\/ -->\n<title>DIRIGENTE DA CUT E DA FETAM COBRA AUDI\u00caNCIA COM PREFEITO DE PROPRI\u00c1 - TRIBUNA DA PRAIA<\/title>\n<meta name=\"robots\" content=\"index, follow, max-snippet:-1, max-image-preview:large, max-video-preview:-1\" \/>\n<link rel=\"canonical\" href=\"https:\/\/tribunadapraia.com.br\/?p=2181\" \/>\n<meta property=\"og:locale\" content=\"pt_BR\" \/>\n<meta property=\"og:type\" content=\"article\" \/>\n<meta property=\"og:title\" content=\"DIRIGENTE DA CUT E DA FETAM COBRA AUDI\u00caNCIA COM PREFEITO DE PROPRI\u00c1 - TRIBUNA DA PRAIA\" \/>\n<meta property=\"og:description\" content=\"Reajuste de 2021, altera\u00e7\u00e3o da jornada de trabalho dos servidores e corte do direito \u00e0 gratifica\u00e7\u00e3o s\u00e3o temas importantes para serem discutidos Os servidores p\u00fablicos do munic\u00edpio de Propri\u00e1 ainda est\u00e3o come\u00e7ando a receber o sal\u00e1rio atrasado de dezembro\/2020. Como se n\u00e3o bastasse a tristeza de passar as festas de fim de ano sem remunera\u00e7\u00e3o, hoje os servidores foram surpreendidos com o decreto 018\/2021 do novo prefeito Dr. Valberto Lima\" \/>\n<meta property=\"og:url\" content=\"https:\/\/tribunadapraia.com.br\/?p=2181\" \/>\n<meta property=\"og:site_name\" content=\"TRIBUNA DA PRAIA\" \/>\n<meta property=\"article:publisher\" content=\"https:\/\/www.facebook.com\/tribunadapraiaonline\/\" \/>\n<meta property=\"article:published_time\" content=\"2021-01-21T11:45:03+00:00\" \/>\n<meta property=\"article:modified_time\" content=\"2021-01-21T12:12:17+00:00\" \/>\n<meta property=\"og:image\" content=\"https:\/\/tribunadapraia.com.br\/wp-content\/uploads\/2021\/01\/cut-logo-3.png\" \/>\n\t<meta property=\"og:image:width\" content=\"2000\" \/>\n\t<meta property=\"og:image:height\" content=\"1500\" \/>\n<meta name=\"twitter:card\" content=\"summary_large_image\" \/>\n<meta name=\"twitter:creator\" content=\"@Claudomir21\" \/>\n<meta name=\"twitter:site\" content=\"@Claudomir21\" \/>\n<meta name=\"twitter:label1\" content=\"Est. tempo de leitura\">\n\t<meta name=\"twitter:data1\" content=\"3 minutos\">\n<script type=\"application\/ld+json\" class=\"yoast-schema-graph\">{\"@context\":\"https:\/\/schema.org\",\"@graph\":[{\"@type\":\"Organization\",\"@id\":\"https:\/\/tribunadapraia.com.br\/#organization\",\"name\":\"Tribuna da Praia\",\"url\":\"https:\/\/tribunadapraia.com.br\/\",\"sameAs\":[\"https:\/\/www.facebook.com\/tribunadapraiaonline\/\",\"https:\/\/www.instagram.com\/claudomirtavares\/\",\"https:\/\/www.youtube.com\/channel\/UCwQf80nxiMzCefAyjbp53Rw\",\"https:\/\/twitter.com\/Claudomir21\"],\"logo\":{\"@type\":\"ImageObject\",\"@id\":\"https:\/\/tribunadapraia.com.br\/#logo\",\"inLanguage\":\"pt-BR\",\"url\":\"https:\/\/tribunadapraia.com.br\/wp-content\/uploads\/2020\/02\/logo.png\",\"contentUrl\":\"https:\/\/tribunadapraia.com.br\/wp-content\/uploads\/2020\/02\/logo.png\",\"width\":501,\"height\":121,\"caption\":\"Tribuna da Praia\"},\"image\":{\"@id\":\"https:\/\/tribunadapraia.com.br\/#logo\"}},{\"@type\":\"WebSite\",\"@id\":\"https:\/\/tribunadapraia.com.br\/#website\",\"url\":\"https:\/\/tribunadapraia.com.br\/\",\"name\":\"TRIBUNA DA PRAIA\",\"description\":\"O 1\\u00ba jornal do interior de Sergipe na internet\",\"publisher\":{\"@id\":\"https:\/\/tribunadapraia.com.br\/#organization\"},\"potentialAction\":[{\"@type\":\"SearchAction\",\"target\":\"https:\/\/tribunadapraia.com.br\/?s={search_term_string}\",\"query-input\":\"required name=search_term_string\"}],\"inLanguage\":\"pt-BR\"},{\"@type\":\"ImageObject\",\"@id\":\"https:\/\/tribunadapraia.com.br\/?p=2181#primaryimage\",\"inLanguage\":\"pt-BR\",\"url\":\"https:\/\/tribunadapraia.com.br\/wp-content\/uploads\/2021\/01\/cut-logo-3.png\",\"contentUrl\":\"https:\/\/tribunadapraia.com.br\/wp-content\/uploads\/2021\/01\/cut-logo-3.png\",\"width\":2000,\"height\":1500},{\"@type\":\"WebPage\",\"@id\":\"https:\/\/tribunadapraia.com.br\/?p=2181#webpage\",\"url\":\"https:\/\/tribunadapraia.com.br\/?p=2181\",\"name\":\"DIRIGENTE DA CUT E DA FETAM COBRA AUDI\\u00caNCIA COM PREFEITO DE PROPRI\\u00c1 - TRIBUNA DA PRAIA\",\"isPartOf\":{\"@id\":\"https:\/\/tribunadapraia.com.br\/#website\"},\"primaryImageOfPage\":{\"@id\":\"https:\/\/tribunadapraia.com.br\/?p=2181#primaryimage\"},\"datePublished\":\"2021-01-21T11:45:03+00:00\",\"dateModified\":\"2021-01-21T12:12:17+00:00\",\"breadcrumb\":{\"@id\":\"https:\/\/tribunadapraia.com.br\/?p=2181#breadcrumb\"},\"inLanguage\":\"pt-BR\",\"potentialAction\":[{\"@type\":\"ReadAction\",\"target\":[\"https:\/\/tribunadapraia.com.br\/?p=2181\"]}]},{\"@type\":\"BreadcrumbList\",\"@id\":\"https:\/\/tribunadapraia.com.br\/?p=2181#breadcrumb\",\"itemListElement\":[{\"@type\":\"ListItem\",\"position\":1,\"item\":{\"@type\":\"WebPage\",\"@id\":\"https:\/\/tribunadapraia.com.br\/\",\"url\":\"https:\/\/tribunadapraia.com.br\/\",\"name\":\"In\\u00edcio\"}},{\"@type\":\"ListItem\",\"position\":2,\"item\":{\"@id\":\"https:\/\/tribunadapraia.com.br\/?p=2181#webpage\"}}]},{\"@type\":\"Article\",\"@id\":\"https:\/\/tribunadapraia.com.br\/?p=2181#article\",\"isPartOf\":{\"@id\":\"https:\/\/tribunadapraia.com.br\/?p=2181#webpage\"},\"author\":{\"@id\":\"https:\/\/tribunadapraia.com.br\/#\/schema\/person\/326b0a9f3163b479142c64eba4928de0\"},\"headline\":\"DIRIGENTE DA CUT E DA FETAM COBRA AUDI\\u00caNCIA COM PREFEITO DE PROPRI\\u00c1\",\"datePublished\":\"2021-01-21T11:45:03+00:00\",\"dateModified\":\"2021-01-21T12:12:17+00:00\",\"mainEntityOfPage\":{\"@id\":\"https:\/\/tribunadapraia.com.br\/?p=2181#webpage\"},\"wordCount\":534,\"commentCount\":0,\"publisher\":{\"@id\":\"https:\/\/tribunadapraia.com.br\/#organization\"},\"image\":{\"@id\":\"https:\/\/tribunadapraia.com.br\/?p=2181#primaryimage\"},\"thumbnailUrl\":\"https:\/\/tribunadapraia.com.br\/wp-content\/uploads\/2021\/01\/cut-logo-3.png\",\"articleSection\":[\"Not\\u00edcias\"],\"inLanguage\":\"pt-BR\",\"potentialAction\":[{\"@type\":\"CommentAction\",\"name\":\"Comment\",\"target\":[\"https:\/\/tribunadapraia.com.br\/?p=2181#respond\"]}]},{\"@type\":\"Person\",\"@id\":\"https:\/\/tribunadapraia.com.br\/#\/schema\/person\/326b0a9f3163b479142c64eba4928de0\",\"name\":\"tribunadapraia\",\"image\":{\"@type\":\"ImageObject\",\"@id\":\"https:\/\/tribunadapraia.com.br\/#personlogo\",\"inLanguage\":\"pt-BR\",\"url\":\"https:\/\/secure.gravatar.com\/avatar\/38b019c74762496076b7355024a0dad9?s=96&d=identicon&r=g\",\"contentUrl\":\"https:\/\/secure.gravatar.com\/avatar\/38b019c74762496076b7355024a0dad9?s=96&d=identicon&r=g\",\"caption\":\"tribunadapraia\"}}]}<\/script>\n<!-- \/ Yoast SEO plugin. -->","wps_subtitle":"Reajuste de 2021, altera\u00e7\u00e3o da jornada de trabalho dos servidores e corte do direito \u00e0 gratifica\u00e7\u00e3o s\u00e3o temas importantes para serem discutidos","_links":{"self":[{"href":"https:\/\/tribunadapraia.com.br\/index.php?rest_route=\/wp\/v2\/posts\/2181"}],"collection":[{"href":"https:\/\/tribunadapraia.com.br\/index.php?rest_route=\/wp\/v2\/posts"}],"about":[{"href":"https:\/\/tribunadapraia.com.br\/index.php?rest_route=\/wp\/v2\/types\/post"}],"author":[{"embeddable":true,"href":"https:\/\/tribunadapraia.com.br\/index.php?rest_route=\/wp\/v2\/users\/1"}],"replies":[{"embeddable":true,"href":"https:\/\/tribunadapraia.com.br\/index.php?rest_route=%2Fwp%2Fv2%2Fcomments&post=2181"}],"version-history":[{"count":2,"href":"https:\/\/tribunadapraia.com.br\/index.php?rest_route=\/wp\/v2\/posts\/2181\/revisions"}],"predecessor-version":[{"id":2184,"href":"https:\/\/tribunadapraia.com.br\/index.php?rest_route=\/wp\/v2\/posts\/2181\/revisions\/2184"}],"wp:featuredmedia":[{"embeddable":true,"href":"https:\/\/tribunadapraia.com.br\/index.php?rest_route=\/wp\/v2\/media\/2182"}],"wp:attachment":[{"href":"https:\/\/tribunadapraia.com.br\/index.php?rest_route=%2Fwp%2Fv2%2Fmedia&parent=2181"}],"wp:term":[{"taxonomy":"category","embeddable":true,"href":"https:\/\/tribunadapraia.com.br\/index.php?rest_route=%2Fwp%2Fv2%2Fcategories&post=2181"},{"taxonomy":"post_tag","embeddable":true,"href":"https:\/\/tribunadapraia.com.br\/index.php?rest_route=%2Fwp%2Fv2%2Ftags&post=2181"}],"curies":[{"name":"wp","href":"https:\/\/api.w.org\/{rel}","templated":true}]}}