{"id":2177,"date":"2021-01-20T12:23:58","date_gmt":"2021-01-20T15:23:58","guid":{"rendered":"https:\/\/tribunadapraia.com.br\/?p=2177"},"modified":"2021-01-20T12:52:51","modified_gmt":"2021-01-20T15:52:51","slug":"a-importancia-do-conivales-pata-os-municipips-do-vale-do-sao-francisco-sergipano","status":"publish","type":"post","link":"https:\/\/tribunadapraia.com.br\/?p=2177","title":{"rendered":"A import\u00e2ncia do Conivales para os munic\u00edpips do Vale do S\u00e3o Francisco sergipano"},"content":{"rendered":"<p>Criado para fortalecer e integrar os munic\u00edpips, o Cons\u00f3rcio Intermunicipal do Vale do S\u00e3o Francisco (CONIVALES), t\u00eam se constitu\u00eddo na pr\u00e1tica em uma articula\u00e7\u00e3o pol\u00edtica e institucional de fato e de direito tanto na interlocu\u00e7\u00e3o pol\u00edtica, quanto na aquisi\u00e7\u00e3o de insumos e produtos, barateando os pre\u00e7os e a racionalidade de suas demandas.<\/p>\n<p>Segundo testemunho de Iokanaan Filho, ex-secret\u00e1rio de Sa\u00fade de Propri\u00e1, &#8220;foi um bom avan\u00e7o o cons\u00f3rcio, incluindo a parte de exames de m\u00e9dia e alta complexidade mais recentemente&#8221;, disse. &#8220;Estavam sendo praticados pre\u00e7os comparados ao de S\u00e3o Paulo capital, em alguns casos at\u00e9 mais baratos&#8221;, completa.<\/p>\n<p>Al\u00e9m da aquisi\u00e7\u00e3o de insumos e exames, quest\u00f5es de seguran\u00e7a p\u00fablica, saneamento b\u00e1sicoe res\u00edduos s\u00f3lidos, pleito de emendas no Or\u00e7amento da Uni\u00e3o, eram discutidas nas assembl\u00e9ias do Conivales e apresentadas aos senadores e deputados fedetais.<\/p>\n<p>O fortalecimento e consolida\u00e7\u00e3o do Conivales \u00e9 inprescind\u00edvel como elemento colaborativo, corrigindo, se necess\u00e1rio, poss\u00edveis falhas, janais se abstendo ou se retirando do nesno<\/p>\n<p>por ClaudOmir Herzog<\/p>\n","protected":false},"excerpt":{"rendered":"<p>Criado para fortalecer e integrar os munic\u00edpips, o Cons\u00f3rcio Intermunicipal do Vale do S\u00e3o Francisco (CONIVALES), t\u00eam se constitu\u00eddo na pr\u00e1tica em uma articula\u00e7\u00e3o pol\u00edtica e institucional de fato e de direito tanto na interlocu\u00e7\u00e3o pol\u00edtica, quanto na aquisi\u00e7\u00e3o de insumos e produtos, barateando os pre\u00e7os e a racionalidade de suas demandas. Segundo testemunho de Iokanaan Filho, ex-secret\u00e1rio de Sa\u00fade de Propri\u00e1, &#8220;foi um bom avan\u00e7o o cons\u00f3rcio, incluindo a<\/p>\n","protected":false},"author":3,"featured_media":2178,"comment_status":"open","ping_status":"open","sticky":false,"template":"","format":"standard","meta":[],"categories":[18],"tags":[],"yoast_head":"<!-- This site is optimized with the Yoast SEO plugin v16.3 - https:\/\/yoast.com\/wordpress\/plugins\/seo\/ -->\n<title>A import\u00e2ncia do Conivales para os munic\u00edpips do Vale do S\u00e3o Francisco sergipano - TRIBUNA DA PRAIA<\/title>\n<meta name=\"robots\" content=\"index, follow, max-snippet:-1, max-image-preview:large, max-video-preview:-1\" \/>\n<link rel=\"canonical\" href=\"https:\/\/tribunadapraia.com.br\/?p=2177\" \/>\n<meta property=\"og:locale\" content=\"pt_BR\" \/>\n<meta property=\"og:type\" content=\"article\" \/>\n<meta property=\"og:title\" content=\"A import\u00e2ncia do Conivales para os munic\u00edpips do Vale do S\u00e3o Francisco sergipano - TRIBUNA DA PRAIA\" \/>\n<meta property=\"og:description\" content=\"Criado para fortalecer e integrar os munic\u00edpips, o Cons\u00f3rcio Intermunicipal do Vale do S\u00e3o Francisco (CONIVALES), t\u00eam se constitu\u00eddo na pr\u00e1tica em uma articula\u00e7\u00e3o pol\u00edtica e institucional de fato e de direito tanto na interlocu\u00e7\u00e3o pol\u00edtica, quanto na aquisi\u00e7\u00e3o de insumos e produtos, barateando os pre\u00e7os e a racionalidade de suas demandas. Segundo testemunho de Iokanaan Filho, ex-secret\u00e1rio de Sa\u00fade de Propri\u00e1, &#8220;foi um bom avan\u00e7o o cons\u00f3rcio, incluindo a\" \/>\n<meta property=\"og:url\" content=\"https:\/\/tribunadapraia.com.br\/?p=2177\" \/>\n<meta property=\"og:site_name\" content=\"TRIBUNA DA PRAIA\" \/>\n<meta property=\"article:publisher\" content=\"https:\/\/www.facebook.com\/tribunadapraiaonline\/\" \/>\n<meta property=\"article:published_time\" content=\"2021-01-20T15:23:58+00:00\" \/>\n<meta property=\"article:modified_time\" content=\"2021-01-20T15:52:51+00:00\" \/>\n<meta property=\"og:image\" content=\"https:\/\/tribunadapraia.com.br\/wp-content\/uploads\/2021\/01\/CONIVALES-detalha-criterios-de-investimentos-para-a-saude-e-seguranca-publica-1-768x512-1.jpg\" \/>\n\t<meta property=\"og:image:width\" content=\"768\" \/>\n\t<meta property=\"og:image:height\" content=\"512\" \/>\n<meta name=\"twitter:card\" content=\"summary_large_image\" \/>\n<meta name=\"twitter:creator\" content=\"@Claudomir21\" \/>\n<meta name=\"twitter:site\" content=\"@Claudomir21\" \/>\n<meta name=\"twitter:label1\" content=\"Est. tempo de leitura\">\n\t<meta name=\"twitter:data1\" content=\"1 minuto\">\n<script type=\"application\/ld+json\" class=\"yoast-schema-graph\">{\"@context\":\"https:\/\/schema.org\",\"@graph\":[{\"@type\":\"Organization\",\"@id\":\"https:\/\/tribunadapraia.com.br\/#organization\",\"name\":\"Tribuna da Praia\",\"url\":\"https:\/\/tribunadapraia.com.br\/\",\"sameAs\":[\"https:\/\/www.facebook.com\/tribunadapraiaonline\/\",\"https:\/\/www.instagram.com\/claudomirtavares\/\",\"https:\/\/www.youtube.com\/channel\/UCwQf80nxiMzCefAyjbp53Rw\",\"https:\/\/twitter.com\/Claudomir21\"],\"logo\":{\"@type\":\"ImageObject\",\"@id\":\"https:\/\/tribunadapraia.com.br\/#logo\",\"inLanguage\":\"pt-BR\",\"url\":\"https:\/\/tribunadapraia.com.br\/wp-content\/uploads\/2020\/02\/logo.png\",\"contentUrl\":\"https:\/\/tribunadapraia.com.br\/wp-content\/uploads\/2020\/02\/logo.png\",\"width\":501,\"height\":121,\"caption\":\"Tribuna da Praia\"},\"image\":{\"@id\":\"https:\/\/tribunadapraia.com.br\/#logo\"}},{\"@type\":\"WebSite\",\"@id\":\"https:\/\/tribunadapraia.com.br\/#website\",\"url\":\"https:\/\/tribunadapraia.com.br\/\",\"name\":\"TRIBUNA DA PRAIA\",\"description\":\"O 1\\u00ba jornal do interior de Sergipe na internet\",\"publisher\":{\"@id\":\"https:\/\/tribunadapraia.com.br\/#organization\"},\"potentialAction\":[{\"@type\":\"SearchAction\",\"target\":\"https:\/\/tribunadapraia.com.br\/?s={search_term_string}\",\"query-input\":\"required name=search_term_string\"}],\"inLanguage\":\"pt-BR\"},{\"@type\":\"ImageObject\",\"@id\":\"https:\/\/tribunadapraia.com.br\/?p=2177#primaryimage\",\"inLanguage\":\"pt-BR\",\"url\":\"https:\/\/tribunadapraia.com.br\/wp-content\/uploads\/2021\/01\/CONIVALES-detalha-criterios-de-investimentos-para-a-saude-e-seguranca-publica-1-768x512-1.jpg\",\"contentUrl\":\"https:\/\/tribunadapraia.com.br\/wp-content\/uploads\/2021\/01\/CONIVALES-detalha-criterios-de-investimentos-para-a-saude-e-seguranca-publica-1-768x512-1.jpg\",\"width\":768,\"height\":512},{\"@type\":\"WebPage\",\"@id\":\"https:\/\/tribunadapraia.com.br\/?p=2177#webpage\",\"url\":\"https:\/\/tribunadapraia.com.br\/?p=2177\",\"name\":\"A import\\u00e2ncia do Conivales para os munic\\u00edpips do Vale do S\\u00e3o Francisco sergipano - TRIBUNA DA PRAIA\",\"isPartOf\":{\"@id\":\"https:\/\/tribunadapraia.com.br\/#website\"},\"primaryImageOfPage\":{\"@id\":\"https:\/\/tribunadapraia.com.br\/?p=2177#primaryimage\"},\"datePublished\":\"2021-01-20T15:23:58+00:00\",\"dateModified\":\"2021-01-20T15:52:51+00:00\",\"breadcrumb\":{\"@id\":\"https:\/\/tribunadapraia.com.br\/?p=2177#breadcrumb\"},\"inLanguage\":\"pt-BR\",\"potentialAction\":[{\"@type\":\"ReadAction\",\"target\":[\"https:\/\/tribunadapraia.com.br\/?p=2177\"]}]},{\"@type\":\"BreadcrumbList\",\"@id\":\"https:\/\/tribunadapraia.com.br\/?p=2177#breadcrumb\",\"itemListElement\":[{\"@type\":\"ListItem\",\"position\":1,\"item\":{\"@type\":\"WebPage\",\"@id\":\"https:\/\/tribunadapraia.com.br\/\",\"url\":\"https:\/\/tribunadapraia.com.br\/\",\"name\":\"In\\u00edcio\"}},{\"@type\":\"ListItem\",\"position\":2,\"item\":{\"@id\":\"https:\/\/tribunadapraia.com.br\/?p=2177#webpage\"}}]},{\"@type\":\"Article\",\"@id\":\"https:\/\/tribunadapraia.com.br\/?p=2177#article\",\"isPartOf\":{\"@id\":\"https:\/\/tribunadapraia.com.br\/?p=2177#webpage\"},\"author\":{\"@id\":\"https:\/\/tribunadapraia.com.br\/#\/schema\/person\/099fbbf59acc5895c0d7d52b4fc46c97\"},\"headline\":\"A import\\u00e2ncia do Conivales para os munic\\u00edpips do Vale do S\\u00e3o Francisco sergipano\",\"datePublished\":\"2021-01-20T15:23:58+00:00\",\"dateModified\":\"2021-01-20T15:52:51+00:00\",\"mainEntityOfPage\":{\"@id\":\"https:\/\/tribunadapraia.com.br\/?p=2177#webpage\"},\"wordCount\":209,\"commentCount\":0,\"publisher\":{\"@id\":\"https:\/\/tribunadapraia.com.br\/#organization\"},\"image\":{\"@id\":\"https:\/\/tribunadapraia.com.br\/?p=2177#primaryimage\"},\"thumbnailUrl\":\"https:\/\/tribunadapraia.com.br\/wp-content\/uploads\/2021\/01\/CONIVALES-detalha-criterios-de-investimentos-para-a-saude-e-seguranca-publica-1-768x512-1.jpg\",\"articleSection\":[\"Not\\u00edcias\"],\"inLanguage\":\"pt-BR\",\"potentialAction\":[{\"@type\":\"CommentAction\",\"name\":\"Comment\",\"target\":[\"https:\/\/tribunadapraia.com.br\/?p=2177#respond\"]}]},{\"@type\":\"Person\",\"@id\":\"https:\/\/tribunadapraia.com.br\/#\/schema\/person\/099fbbf59acc5895c0d7d52b4fc46c97\",\"name\":\"Reda\\u00e7\\u00e3o\",\"image\":{\"@type\":\"ImageObject\",\"@id\":\"https:\/\/tribunadapraia.com.br\/#personlogo\",\"inLanguage\":\"pt-BR\",\"url\":\"https:\/\/secure.gravatar.com\/avatar\/91c8b91d2bfd7784eac5c3e055361f64?s=96&d=identicon&r=g\",\"contentUrl\":\"https:\/\/secure.gravatar.com\/avatar\/91c8b91d2bfd7784eac5c3e055361f64?s=96&d=identicon&r=g\",\"caption\":\"Reda\\u00e7\\u00e3o\"}}]}<\/script>\n<!-- \/ Yoast SEO plugin. -->","wps_subtitle":"","_links":{"self":[{"href":"https:\/\/tribunadapraia.com.br\/index.php?rest_route=\/wp\/v2\/posts\/2177"}],"collection":[{"href":"https:\/\/tribunadapraia.com.br\/index.php?rest_route=\/wp\/v2\/posts"}],"about":[{"href":"https:\/\/tribunadapraia.com.br\/index.php?rest_route=\/wp\/v2\/types\/post"}],"author":[{"embeddable":true,"href":"https:\/\/tribunadapraia.com.br\/index.php?rest_route=\/wp\/v2\/users\/3"}],"replies":[{"embeddable":true,"href":"https:\/\/tribunadapraia.com.br\/index.php?rest_route=%2Fwp%2Fv2%2Fcomments&post=2177"}],"version-history":[{"count":2,"href":"https:\/\/tribunadapraia.com.br\/index.php?rest_route=\/wp\/v2\/posts\/2177\/revisions"}],"predecessor-version":[{"id":2180,"href":"https:\/\/tribunadapraia.com.br\/index.php?rest_route=\/wp\/v2\/posts\/2177\/revisions\/2180"}],"wp:featuredmedia":[{"embeddable":true,"href":"https:\/\/tribunadapraia.com.br\/index.php?rest_route=\/wp\/v2\/media\/2178"}],"wp:attachment":[{"href":"https:\/\/tribunadapraia.com.br\/index.php?rest_route=%2Fwp%2Fv2%2Fmedia&parent=2177"}],"wp:term":[{"taxonomy":"category","embeddable":true,"href":"https:\/\/tribunadapraia.com.br\/index.php?rest_route=%2Fwp%2Fv2%2Fcategories&post=2177"},{"taxonomy":"post_tag","embeddable":true,"href":"https:\/\/tribunadapraia.com.br\/index.php?rest_route=%2Fwp%2Fv2%2Ftags&post=2177"}],"curies":[{"name":"wp","href":"https:\/\/api.w.org\/{rel}","templated":true}]}}