{"id":2173,"date":"2021-01-20T09:38:28","date_gmt":"2021-01-20T12:38:28","guid":{"rendered":"https:\/\/tribunadapraia.com.br\/?p=2173"},"modified":"2021-01-20T09:43:12","modified_gmt":"2021-01-20T12:43:12","slug":"propria-bom-jesus-dos-navegantes-nao-quer-aglomeracao-nem-seu-povo-agonizando","status":"publish","type":"post","link":"https:\/\/tribunadapraia.com.br\/?p=2173","title":{"rendered":"Propri\u00e1: Bom Jesus dos Navegantes n\u00e3o quer aglomera\u00e7\u00e3o nem seu povo agonizando"},"content":{"rendered":"<p>A realiza\u00e7\u00e3o da cnten\u00e1ria prociss\u00e3o fluvial do Bom Jesus dos Navegantes de Propri\u00e1, distante 98 km de Aracaju, em 31 de janeiro de 2021 e que completa 107 anos, \u00e9 uma temeridade e os respons\u00e1veis pela insist\u00eancia e teimosia em realiz\u00e1-la, ainda que com n\u00famero reduzido de embarca\u00e7\u00f5es e lota\u00e7\u00e3o limitada,, devem ser responsabilizadas, uma vez que se prev\u00ea aglometa\u00e7\u00e3o na balaustrada ou mureta \u00e0s margens do Rio S\u00e3o Francisco.<\/p>\n<p>Para efeito de compara\u00e7\u00e3o e estabelecer paralelo, a prociss\u00e3o do Porto Grande, no leito do Rio Japaratuba, em Barra dos Coqueiros, uma das mais tradicuonais de Sergipe, realizada desde a primeira metade do S\u00e9culo XIX, testemunhada pelo impetador Dom Pedro II em 1860, re\u00fane anualmente cerca de 15 embarca\u00e7\u00f5e e algumas dezenas de pessoas, n\u00e3o acontecer\u00e1 este ano, assim como n\u00e3o acontecer\u00e3o \u00e0s prciss\u00f5es de Aracaju (Rio Sergipe), Atalaia (Rio Poxim), Laranjeiras (Rio Cotinguiba), Aguada, Pirambu e Marimbondo (Rio Japaratuba), pois em tempos de pandemia, &#8220;Bom Jesus dos Navegantes n\u00e3o quer aglomera\u00e7\u00e3o nem seu povo agonizando&#8221;, conforme un\u00edssono bom senso destas comunidades.<\/p>\n<p>Assim, a prociss\u00e3o do Bom Jrsus dos Navegantes de Propri\u00e1, que em Sergipe narca o encerramento do Ciclo Natalino (iniciado com \u00e0s homenagens ao Menino Jesus, passando pelas celebra\u00e7\u00f5es de Santos Reis e S\u00e3o Benedito, encerrando com a maior manifesta\u00e7\u00e3o de f\u00e9 e religiosidade popular do Bsixo S\u00e3o Francisco sergipano e alagoano, que atrai anualmente no \u00faltimo domingo de janriro n\u00e3o menos que algumas ldezenas de milhares de fi\u00e9is, turistas e curiosos, sendo um dos mais relevantes do calend\u00e1rio cultural, religioso e tur\u00edstico no Norte-Nordeste do Brasil.<\/p>\n<p>Por fim, em nosso nome e do ou de que e quem representamos, apelamos ao bispo Dom Vitor Agnaldo, ao padre Clebson Ferreira, ao prefeito Valberto Lima, a compreens\u00e3o e sensibilidade da comunidade cat\u00f3lica, que repensem e recuem, realizando-a nos moldes inicisis propostos pela Diocese de Propri\u00e1, signat\u00e1ria da festa.<\/p>\n<p>por ClaudOmir Herzog<\/p>\n","protected":false},"excerpt":{"rendered":"<p>A realiza\u00e7\u00e3o da cnten\u00e1ria prociss\u00e3o fluvial do Bom Jesus dos Navegantes de Propri\u00e1, distante 98 km de Aracaju, em 31 de janeiro de 2021 e que completa 107 anos, \u00e9 uma temeridade e os respons\u00e1veis pela insist\u00eancia e teimosia em realiz\u00e1-la, ainda que com n\u00famero reduzido de embarca\u00e7\u00f5es e lota\u00e7\u00e3o limitada,, devem ser responsabilizadas, uma vez que se prev\u00ea aglometa\u00e7\u00e3o na balaustrada ou mureta \u00e0s margens do Rio S\u00e3o Francisco.<\/p>\n","protected":false},"author":3,"featured_media":2174,"comment_status":"open","ping_status":"open","sticky":false,"template":"","format":"standard","meta":[],"categories":[18],"tags":[],"yoast_head":"<!-- This site is optimized with the Yoast SEO plugin v16.3 - https:\/\/yoast.com\/wordpress\/plugins\/seo\/ -->\n<title>Propri\u00e1: Bom Jesus dos Navegantes n\u00e3o quer aglomera\u00e7\u00e3o nem seu povo agonizando - TRIBUNA DA PRAIA<\/title>\n<meta name=\"robots\" content=\"index, follow, max-snippet:-1, max-image-preview:large, max-video-preview:-1\" \/>\n<link rel=\"canonical\" href=\"https:\/\/tribunadapraia.com.br\/?p=2173\" \/>\n<meta property=\"og:locale\" content=\"pt_BR\" \/>\n<meta property=\"og:type\" content=\"article\" \/>\n<meta property=\"og:title\" content=\"Propri\u00e1: Bom Jesus dos Navegantes n\u00e3o quer aglomera\u00e7\u00e3o nem seu povo agonizando - TRIBUNA DA PRAIA\" \/>\n<meta property=\"og:description\" content=\"A realiza\u00e7\u00e3o da cnten\u00e1ria prociss\u00e3o fluvial do Bom Jesus dos Navegantes de Propri\u00e1, distante 98 km de Aracaju, em 31 de janeiro de 2021 e que completa 107 anos, \u00e9 uma temeridade e os respons\u00e1veis pela insist\u00eancia e teimosia em realiz\u00e1-la, ainda que com n\u00famero reduzido de embarca\u00e7\u00f5es e lota\u00e7\u00e3o limitada,, devem ser responsabilizadas, uma vez que se prev\u00ea aglometa\u00e7\u00e3o na balaustrada ou mureta \u00e0s margens do Rio S\u00e3o Francisco.\" \/>\n<meta property=\"og:url\" content=\"https:\/\/tribunadapraia.com.br\/?p=2173\" \/>\n<meta property=\"og:site_name\" content=\"TRIBUNA DA PRAIA\" \/>\n<meta property=\"article:publisher\" content=\"https:\/\/www.facebook.com\/tribunadapraiaonline\/\" \/>\n<meta property=\"article:published_time\" content=\"2021-01-20T12:38:28+00:00\" \/>\n<meta property=\"article:modified_time\" content=\"2021-01-20T12:43:12+00:00\" \/>\n<meta property=\"og:image\" content=\"https:\/\/tribunadapraia.com.br\/wp-content\/uploads\/2021\/01\/big_56ca85d46aab9b527216aa3831c7a208.jpg\" \/>\n\t<meta property=\"og:image:width\" content=\"555\" \/>\n\t<meta property=\"og:image:height\" content=\"555\" \/>\n<meta name=\"twitter:card\" content=\"summary_large_image\" \/>\n<meta name=\"twitter:creator\" content=\"@Claudomir21\" \/>\n<meta name=\"twitter:site\" content=\"@Claudomir21\" \/>\n<meta name=\"twitter:label1\" content=\"Est. tempo de leitura\">\n\t<meta name=\"twitter:data1\" content=\"2 minutos\">\n<script type=\"application\/ld+json\" class=\"yoast-schema-graph\">{\"@context\":\"https:\/\/schema.org\",\"@graph\":[{\"@type\":\"Organization\",\"@id\":\"https:\/\/tribunadapraia.com.br\/#organization\",\"name\":\"Tribuna da Praia\",\"url\":\"https:\/\/tribunadapraia.com.br\/\",\"sameAs\":[\"https:\/\/www.facebook.com\/tribunadapraiaonline\/\",\"https:\/\/www.instagram.com\/claudomirtavares\/\",\"https:\/\/www.youtube.com\/channel\/UCwQf80nxiMzCefAyjbp53Rw\",\"https:\/\/twitter.com\/Claudomir21\"],\"logo\":{\"@type\":\"ImageObject\",\"@id\":\"https:\/\/tribunadapraia.com.br\/#logo\",\"inLanguage\":\"pt-BR\",\"url\":\"https:\/\/tribunadapraia.com.br\/wp-content\/uploads\/2020\/02\/logo.png\",\"contentUrl\":\"https:\/\/tribunadapraia.com.br\/wp-content\/uploads\/2020\/02\/logo.png\",\"width\":501,\"height\":121,\"caption\":\"Tribuna da Praia\"},\"image\":{\"@id\":\"https:\/\/tribunadapraia.com.br\/#logo\"}},{\"@type\":\"WebSite\",\"@id\":\"https:\/\/tribunadapraia.com.br\/#website\",\"url\":\"https:\/\/tribunadapraia.com.br\/\",\"name\":\"TRIBUNA DA PRAIA\",\"description\":\"O 1\\u00ba jornal do interior de Sergipe na internet\",\"publisher\":{\"@id\":\"https:\/\/tribunadapraia.com.br\/#organization\"},\"potentialAction\":[{\"@type\":\"SearchAction\",\"target\":\"https:\/\/tribunadapraia.com.br\/?s={search_term_string}\",\"query-input\":\"required name=search_term_string\"}],\"inLanguage\":\"pt-BR\"},{\"@type\":\"ImageObject\",\"@id\":\"https:\/\/tribunadapraia.com.br\/?p=2173#primaryimage\",\"inLanguage\":\"pt-BR\",\"url\":\"https:\/\/tribunadapraia.com.br\/wp-content\/uploads\/2021\/01\/big_56ca85d46aab9b527216aa3831c7a208.jpg\",\"contentUrl\":\"https:\/\/tribunadapraia.com.br\/wp-content\/uploads\/2021\/01\/big_56ca85d46aab9b527216aa3831c7a208.jpg\",\"width\":555,\"height\":555},{\"@type\":\"WebPage\",\"@id\":\"https:\/\/tribunadapraia.com.br\/?p=2173#webpage\",\"url\":\"https:\/\/tribunadapraia.com.br\/?p=2173\",\"name\":\"Propri\\u00e1: Bom Jesus dos Navegantes n\\u00e3o quer aglomera\\u00e7\\u00e3o nem seu povo agonizando - TRIBUNA DA PRAIA\",\"isPartOf\":{\"@id\":\"https:\/\/tribunadapraia.com.br\/#website\"},\"primaryImageOfPage\":{\"@id\":\"https:\/\/tribunadapraia.com.br\/?p=2173#primaryimage\"},\"datePublished\":\"2021-01-20T12:38:28+00:00\",\"dateModified\":\"2021-01-20T12:43:12+00:00\",\"breadcrumb\":{\"@id\":\"https:\/\/tribunadapraia.com.br\/?p=2173#breadcrumb\"},\"inLanguage\":\"pt-BR\",\"potentialAction\":[{\"@type\":\"ReadAction\",\"target\":[\"https:\/\/tribunadapraia.com.br\/?p=2173\"]}]},{\"@type\":\"BreadcrumbList\",\"@id\":\"https:\/\/tribunadapraia.com.br\/?p=2173#breadcrumb\",\"itemListElement\":[{\"@type\":\"ListItem\",\"position\":1,\"item\":{\"@type\":\"WebPage\",\"@id\":\"https:\/\/tribunadapraia.com.br\/\",\"url\":\"https:\/\/tribunadapraia.com.br\/\",\"name\":\"In\\u00edcio\"}},{\"@type\":\"ListItem\",\"position\":2,\"item\":{\"@id\":\"https:\/\/tribunadapraia.com.br\/?p=2173#webpage\"}}]},{\"@type\":\"Article\",\"@id\":\"https:\/\/tribunadapraia.com.br\/?p=2173#article\",\"isPartOf\":{\"@id\":\"https:\/\/tribunadapraia.com.br\/?p=2173#webpage\"},\"author\":{\"@id\":\"https:\/\/tribunadapraia.com.br\/#\/schema\/person\/099fbbf59acc5895c0d7d52b4fc46c97\"},\"headline\":\"Propri\\u00e1: Bom Jesus dos Navegantes n\\u00e3o quer aglomera\\u00e7\\u00e3o nem seu povo agonizando\",\"datePublished\":\"2021-01-20T12:38:28+00:00\",\"dateModified\":\"2021-01-20T12:43:12+00:00\",\"mainEntityOfPage\":{\"@id\":\"https:\/\/tribunadapraia.com.br\/?p=2173#webpage\"},\"wordCount\":354,\"commentCount\":0,\"publisher\":{\"@id\":\"https:\/\/tribunadapraia.com.br\/#organization\"},\"image\":{\"@id\":\"https:\/\/tribunadapraia.com.br\/?p=2173#primaryimage\"},\"thumbnailUrl\":\"https:\/\/tribunadapraia.com.br\/wp-content\/uploads\/2021\/01\/big_56ca85d46aab9b527216aa3831c7a208.jpg\",\"articleSection\":[\"Not\\u00edcias\"],\"inLanguage\":\"pt-BR\",\"potentialAction\":[{\"@type\":\"CommentAction\",\"name\":\"Comment\",\"target\":[\"https:\/\/tribunadapraia.com.br\/?p=2173#respond\"]}]},{\"@type\":\"Person\",\"@id\":\"https:\/\/tribunadapraia.com.br\/#\/schema\/person\/099fbbf59acc5895c0d7d52b4fc46c97\",\"name\":\"Reda\\u00e7\\u00e3o\",\"image\":{\"@type\":\"ImageObject\",\"@id\":\"https:\/\/tribunadapraia.com.br\/#personlogo\",\"inLanguage\":\"pt-BR\",\"url\":\"https:\/\/secure.gravatar.com\/avatar\/91c8b91d2bfd7784eac5c3e055361f64?s=96&d=identicon&r=g\",\"contentUrl\":\"https:\/\/secure.gravatar.com\/avatar\/91c8b91d2bfd7784eac5c3e055361f64?s=96&d=identicon&r=g\",\"caption\":\"Reda\\u00e7\\u00e3o\"}}]}<\/script>\n<!-- \/ Yoast SEO plugin. -->","wps_subtitle":"","_links":{"self":[{"href":"https:\/\/tribunadapraia.com.br\/index.php?rest_route=\/wp\/v2\/posts\/2173"}],"collection":[{"href":"https:\/\/tribunadapraia.com.br\/index.php?rest_route=\/wp\/v2\/posts"}],"about":[{"href":"https:\/\/tribunadapraia.com.br\/index.php?rest_route=\/wp\/v2\/types\/post"}],"author":[{"embeddable":true,"href":"https:\/\/tribunadapraia.com.br\/index.php?rest_route=\/wp\/v2\/users\/3"}],"replies":[{"embeddable":true,"href":"https:\/\/tribunadapraia.com.br\/index.php?rest_route=%2Fwp%2Fv2%2Fcomments&post=2173"}],"version-history":[{"count":2,"href":"https:\/\/tribunadapraia.com.br\/index.php?rest_route=\/wp\/v2\/posts\/2173\/revisions"}],"predecessor-version":[{"id":2176,"href":"https:\/\/tribunadapraia.com.br\/index.php?rest_route=\/wp\/v2\/posts\/2173\/revisions\/2176"}],"wp:featuredmedia":[{"embeddable":true,"href":"https:\/\/tribunadapraia.com.br\/index.php?rest_route=\/wp\/v2\/media\/2174"}],"wp:attachment":[{"href":"https:\/\/tribunadapraia.com.br\/index.php?rest_route=%2Fwp%2Fv2%2Fmedia&parent=2173"}],"wp:term":[{"taxonomy":"category","embeddable":true,"href":"https:\/\/tribunadapraia.com.br\/index.php?rest_route=%2Fwp%2Fv2%2Fcategories&post=2173"},{"taxonomy":"post_tag","embeddable":true,"href":"https:\/\/tribunadapraia.com.br\/index.php?rest_route=%2Fwp%2Fv2%2Ftags&post=2173"}],"curies":[{"name":"wp","href":"https:\/\/api.w.org\/{rel}","templated":true}]}}