{"id":2170,"date":"2021-01-19T23:25:36","date_gmt":"2021-01-20T02:25:36","guid":{"rendered":"https:\/\/tribunadapraia.com.br\/?p=2170"},"modified":"2021-01-19T23:26:57","modified_gmt":"2021-01-20T02:26:57","slug":"vice-prefeito-tenta-exerce-a-funcao-de-prefeito-e-secretario-de-educacao","status":"publish","type":"post","link":"https:\/\/tribunadapraia.com.br\/?p=2170","title":{"rendered":"VICE PREFEITO TENTA EXERCE A FUN\u00c7\u00c3O DE PREFEITO E SECRETARIO DE EDUCA\u00c7\u00c3O"},"content":{"rendered":"<p>N\u00e3o \u00e9 de hoje que o vice prefeito Rafael Sandes vem tentando ofuscar o trabalho do competente Professor Glaedson na pasta da EDUCA\u00c7\u00c3O em Propri\u00e1, leigo por\u00e9m patinando em todas as \u00e1reas que a prefeitura pode oferecer, O vice arteiro em sua primeira entrevista como vice prefeito, acompanhado do Prefeito Valberto Lima na Propri\u00e1 FM 104.9, procurou se destacar mais que o pr\u00f3prio Prefeito assumindo compromissos e firmando propostas como se ele fosse o Prefeito, quem ouviu sabe, inclusive falou tamb\u00e9m como se fosse o secret\u00e1rio de Educa\u00e7\u00e3o dizendo que iria viajar a outros estados em busca de experi\u00eancias para a Educa\u00e7\u00e3o. Pasmem&#8230;!!! Quem.deveria viajar n\u00e3o seria o Secretario de educa\u00e7\u00e3o e\/ou o Prefeito??? Observamos tamb\u00e9m que em v\u00e1rias reuni\u00f5es o Sr. Vice prefeito vem ocupando o espa\u00e7o do prefeito e ou de Secret\u00e1rios inclusive fazendo reuni\u00f5es com Mototaxisas e Diretores de Escolas Particulares onde disse discutir os problemas da educa\u00e7\u00e3o para 2021.<\/p>\n<p>Afinal, Glaedson vai ou n\u00e3o ocupar e assumir a Secretaria de Educa\u00e7\u00e3o de fato e de direito? Acho melhor passar de vez o Bast\u00e3o da Educa\u00e7\u00e3o pra Sandes, pois mesmo sabendo que n\u00e3o \u00e9 Jesus Cristo quer est\u00e1 em todos os lugares ao mesmo tempo.<br \/>\nMas melhor mesmo \u00e9 ocupar e reconhecer que foi eleito pra Vice Prefeito seria bom pegar a Constitui\u00e7\u00e3o Federal e ver qual a fun\u00e7\u00e3o do vice prefeito, mais como nessa gest\u00e3o todos est\u00e3o perdidos fica aqui a dica. Se cuida Professor Glaedson seus dias est\u00e3o contados nessa pasta, quanto ao prefeito melhor olhar pelo Retrovisor e tentar ver o que esse rapaz fez com o Ex Prefeito Iokanaan, e lembre-se a turma dele ta toda ai a mesma de Ioka.<\/p>\n<p>Boletim informativo<br \/>\nPol\u00edtica com &#8220;P&#8221;<br \/>\nJonata Gomes<\/p>\n","protected":false},"excerpt":{"rendered":"<p>N\u00e3o \u00e9 de hoje que o vice prefeito Rafael Sandes vem tentando ofuscar o trabalho do competente Professor Glaedson na pasta da EDUCA\u00c7\u00c3O em Propri\u00e1, leigo por\u00e9m patinando em todas as \u00e1reas que a prefeitura pode oferecer, O vice arteiro em sua primeira entrevista como vice prefeito, acompanhado do Prefeito Valberto Lima na Propri\u00e1 FM 104.9, procurou se destacar mais que o pr\u00f3prio Prefeito assumindo compromissos e firmando propostas como<\/p>\n","protected":false},"author":1,"featured_media":1734,"comment_status":"open","ping_status":"open","sticky":false,"template":"","format":"standard","meta":[],"categories":[18],"tags":[],"yoast_head":"<!-- This site is optimized with the Yoast SEO plugin v16.3 - https:\/\/yoast.com\/wordpress\/plugins\/seo\/ -->\n<title>VICE PREFEITO TENTA EXERCE A FUN\u00c7\u00c3O DE PREFEITO E SECRETARIO DE EDUCA\u00c7\u00c3O - TRIBUNA DA PRAIA<\/title>\n<meta name=\"robots\" content=\"index, follow, max-snippet:-1, max-image-preview:large, max-video-preview:-1\" \/>\n<link rel=\"canonical\" href=\"https:\/\/tribunadapraia.com.br\/?p=2170\" \/>\n<meta property=\"og:locale\" content=\"pt_BR\" \/>\n<meta property=\"og:type\" content=\"article\" \/>\n<meta property=\"og:title\" content=\"VICE PREFEITO TENTA EXERCE A FUN\u00c7\u00c3O DE PREFEITO E SECRETARIO DE EDUCA\u00c7\u00c3O - TRIBUNA DA PRAIA\" \/>\n<meta property=\"og:description\" content=\"N\u00e3o \u00e9 de hoje que o vice prefeito Rafael Sandes vem tentando ofuscar o trabalho do competente Professor Glaedson na pasta da EDUCA\u00c7\u00c3O em Propri\u00e1, leigo por\u00e9m patinando em todas as \u00e1reas que a prefeitura pode oferecer, O vice arteiro em sua primeira entrevista como vice prefeito, acompanhado do Prefeito Valberto Lima na Propri\u00e1 FM 104.9, procurou se destacar mais que o pr\u00f3prio Prefeito assumindo compromissos e firmando propostas como\" \/>\n<meta property=\"og:url\" content=\"https:\/\/tribunadapraia.com.br\/?p=2170\" \/>\n<meta property=\"og:site_name\" content=\"TRIBUNA DA PRAIA\" \/>\n<meta property=\"article:publisher\" content=\"https:\/\/www.facebook.com\/tribunadapraiaonline\/\" \/>\n<meta property=\"article:published_time\" content=\"2021-01-20T02:25:36+00:00\" \/>\n<meta property=\"article:modified_time\" content=\"2021-01-20T02:26:57+00:00\" \/>\n<meta property=\"og:image\" content=\"https:\/\/tribunadapraia.com.br\/wp-content\/uploads\/2020\/09\/1-xkgd9OLwFNLpfpC5uBXnQ.jpeg\" \/>\n\t<meta property=\"og:image:width\" content=\"700\" \/>\n\t<meta property=\"og:image:height\" content=\"450\" \/>\n<meta name=\"twitter:card\" content=\"summary_large_image\" \/>\n<meta name=\"twitter:creator\" content=\"@Claudomir21\" \/>\n<meta name=\"twitter:site\" content=\"@Claudomir21\" \/>\n<meta name=\"twitter:label1\" content=\"Est. tempo de leitura\">\n\t<meta name=\"twitter:data1\" content=\"2 minutos\">\n<script type=\"application\/ld+json\" class=\"yoast-schema-graph\">{\"@context\":\"https:\/\/schema.org\",\"@graph\":[{\"@type\":\"Organization\",\"@id\":\"https:\/\/tribunadapraia.com.br\/#organization\",\"name\":\"Tribuna da Praia\",\"url\":\"https:\/\/tribunadapraia.com.br\/\",\"sameAs\":[\"https:\/\/www.facebook.com\/tribunadapraiaonline\/\",\"https:\/\/www.instagram.com\/claudomirtavares\/\",\"https:\/\/www.youtube.com\/channel\/UCwQf80nxiMzCefAyjbp53Rw\",\"https:\/\/twitter.com\/Claudomir21\"],\"logo\":{\"@type\":\"ImageObject\",\"@id\":\"https:\/\/tribunadapraia.com.br\/#logo\",\"inLanguage\":\"pt-BR\",\"url\":\"https:\/\/tribunadapraia.com.br\/wp-content\/uploads\/2020\/02\/logo.png\",\"contentUrl\":\"https:\/\/tribunadapraia.com.br\/wp-content\/uploads\/2020\/02\/logo.png\",\"width\":501,\"height\":121,\"caption\":\"Tribuna da Praia\"},\"image\":{\"@id\":\"https:\/\/tribunadapraia.com.br\/#logo\"}},{\"@type\":\"WebSite\",\"@id\":\"https:\/\/tribunadapraia.com.br\/#website\",\"url\":\"https:\/\/tribunadapraia.com.br\/\",\"name\":\"TRIBUNA DA PRAIA\",\"description\":\"O 1\\u00ba jornal do interior de Sergipe na internet\",\"publisher\":{\"@id\":\"https:\/\/tribunadapraia.com.br\/#organization\"},\"potentialAction\":[{\"@type\":\"SearchAction\",\"target\":\"https:\/\/tribunadapraia.com.br\/?s={search_term_string}\",\"query-input\":\"required name=search_term_string\"}],\"inLanguage\":\"pt-BR\"},{\"@type\":\"ImageObject\",\"@id\":\"https:\/\/tribunadapraia.com.br\/?p=2170#primaryimage\",\"inLanguage\":\"pt-BR\",\"url\":\"https:\/\/tribunadapraia.com.br\/wp-content\/uploads\/2020\/09\/1-xkgd9OLwFNLpfpC5uBXnQ.jpeg\",\"contentUrl\":\"https:\/\/tribunadapraia.com.br\/wp-content\/uploads\/2020\/09\/1-xkgd9OLwFNLpfpC5uBXnQ.jpeg\",\"width\":700,\"height\":450},{\"@type\":\"WebPage\",\"@id\":\"https:\/\/tribunadapraia.com.br\/?p=2170#webpage\",\"url\":\"https:\/\/tribunadapraia.com.br\/?p=2170\",\"name\":\"VICE PREFEITO TENTA EXERCE A FUN\\u00c7\\u00c3O DE PREFEITO E SECRETARIO DE EDUCA\\u00c7\\u00c3O - TRIBUNA DA PRAIA\",\"isPartOf\":{\"@id\":\"https:\/\/tribunadapraia.com.br\/#website\"},\"primaryImageOfPage\":{\"@id\":\"https:\/\/tribunadapraia.com.br\/?p=2170#primaryimage\"},\"datePublished\":\"2021-01-20T02:25:36+00:00\",\"dateModified\":\"2021-01-20T02:26:57+00:00\",\"breadcrumb\":{\"@id\":\"https:\/\/tribunadapraia.com.br\/?p=2170#breadcrumb\"},\"inLanguage\":\"pt-BR\",\"potentialAction\":[{\"@type\":\"ReadAction\",\"target\":[\"https:\/\/tribunadapraia.com.br\/?p=2170\"]}]},{\"@type\":\"BreadcrumbList\",\"@id\":\"https:\/\/tribunadapraia.com.br\/?p=2170#breadcrumb\",\"itemListElement\":[{\"@type\":\"ListItem\",\"position\":1,\"item\":{\"@type\":\"WebPage\",\"@id\":\"https:\/\/tribunadapraia.com.br\/\",\"url\":\"https:\/\/tribunadapraia.com.br\/\",\"name\":\"In\\u00edcio\"}},{\"@type\":\"ListItem\",\"position\":2,\"item\":{\"@id\":\"https:\/\/tribunadapraia.com.br\/?p=2170#webpage\"}}]},{\"@type\":\"Article\",\"@id\":\"https:\/\/tribunadapraia.com.br\/?p=2170#article\",\"isPartOf\":{\"@id\":\"https:\/\/tribunadapraia.com.br\/?p=2170#webpage\"},\"author\":{\"@id\":\"https:\/\/tribunadapraia.com.br\/#\/schema\/person\/326b0a9f3163b479142c64eba4928de0\"},\"headline\":\"VICE PREFEITO TENTA EXERCE A FUN\\u00c7\\u00c3O DE PREFEITO E SECRETARIO DE EDUCA\\u00c7\\u00c3O\",\"datePublished\":\"2021-01-20T02:25:36+00:00\",\"dateModified\":\"2021-01-20T02:26:57+00:00\",\"mainEntityOfPage\":{\"@id\":\"https:\/\/tribunadapraia.com.br\/?p=2170#webpage\"},\"wordCount\":325,\"commentCount\":0,\"publisher\":{\"@id\":\"https:\/\/tribunadapraia.com.br\/#organization\"},\"image\":{\"@id\":\"https:\/\/tribunadapraia.com.br\/?p=2170#primaryimage\"},\"thumbnailUrl\":\"https:\/\/tribunadapraia.com.br\/wp-content\/uploads\/2020\/09\/1-xkgd9OLwFNLpfpC5uBXnQ.jpeg\",\"articleSection\":[\"Not\\u00edcias\"],\"inLanguage\":\"pt-BR\",\"potentialAction\":[{\"@type\":\"CommentAction\",\"name\":\"Comment\",\"target\":[\"https:\/\/tribunadapraia.com.br\/?p=2170#respond\"]}]},{\"@type\":\"Person\",\"@id\":\"https:\/\/tribunadapraia.com.br\/#\/schema\/person\/326b0a9f3163b479142c64eba4928de0\",\"name\":\"tribunadapraia\",\"image\":{\"@type\":\"ImageObject\",\"@id\":\"https:\/\/tribunadapraia.com.br\/#personlogo\",\"inLanguage\":\"pt-BR\",\"url\":\"https:\/\/secure.gravatar.com\/avatar\/38b019c74762496076b7355024a0dad9?s=96&d=identicon&r=g\",\"contentUrl\":\"https:\/\/secure.gravatar.com\/avatar\/38b019c74762496076b7355024a0dad9?s=96&d=identicon&r=g\",\"caption\":\"tribunadapraia\"}}]}<\/script>\n<!-- \/ Yoast SEO plugin. -->","wps_subtitle":"","_links":{"self":[{"href":"https:\/\/tribunadapraia.com.br\/index.php?rest_route=\/wp\/v2\/posts\/2170"}],"collection":[{"href":"https:\/\/tribunadapraia.com.br\/index.php?rest_route=\/wp\/v2\/posts"}],"about":[{"href":"https:\/\/tribunadapraia.com.br\/index.php?rest_route=\/wp\/v2\/types\/post"}],"author":[{"embeddable":true,"href":"https:\/\/tribunadapraia.com.br\/index.php?rest_route=\/wp\/v2\/users\/1"}],"replies":[{"embeddable":true,"href":"https:\/\/tribunadapraia.com.br\/index.php?rest_route=%2Fwp%2Fv2%2Fcomments&post=2170"}],"version-history":[{"count":1,"href":"https:\/\/tribunadapraia.com.br\/index.php?rest_route=\/wp\/v2\/posts\/2170\/revisions"}],"predecessor-version":[{"id":2171,"href":"https:\/\/tribunadapraia.com.br\/index.php?rest_route=\/wp\/v2\/posts\/2170\/revisions\/2171"}],"wp:featuredmedia":[{"embeddable":true,"href":"https:\/\/tribunadapraia.com.br\/index.php?rest_route=\/wp\/v2\/media\/1734"}],"wp:attachment":[{"href":"https:\/\/tribunadapraia.com.br\/index.php?rest_route=%2Fwp%2Fv2%2Fmedia&parent=2170"}],"wp:term":[{"taxonomy":"category","embeddable":true,"href":"https:\/\/tribunadapraia.com.br\/index.php?rest_route=%2Fwp%2Fv2%2Fcategories&post=2170"},{"taxonomy":"post_tag","embeddable":true,"href":"https:\/\/tribunadapraia.com.br\/index.php?rest_route=%2Fwp%2Fv2%2Ftags&post=2170"}],"curies":[{"name":"wp","href":"https:\/\/api.w.org\/{rel}","templated":true}]}}