{"id":2167,"date":"2021-01-19T23:06:54","date_gmt":"2021-01-20T02:06:54","guid":{"rendered":"https:\/\/tribunadapraia.com.br\/?p=2167"},"modified":"2021-01-19T23:07:52","modified_gmt":"2021-01-20T02:07:52","slug":"pela-vacinacao-imediata-de-toda-a-populacao-brasileira","status":"publish","type":"post","link":"https:\/\/tribunadapraia.com.br\/?p=2167","title":{"rendered":"Pela vacina\u00e7\u00e3o imediata de toda a popula\u00e7\u00e3o brasileira!"},"content":{"rendered":"<p>Neste domingo \u00e0s 15h30 foi vacinada a primeira brasileira com a vacina Coranavac liberada pela ANVISA para uso emergencial. Celebramos esse acontecimento hist\u00f3rico, mas n\u00e3o podemos deixar de registrar que milhares de pessoas est\u00e3o internadas nesse instante e mais de 209 mil vidas foram perdidas em um contexto em que o Governo Bolsonaro negou a periculosidade da Pandemia, classificando o v\u00edrus como uma \u201cgripezinha\u201d, preferindo alimentar o obscurantismo, o negacionismo e o favorecimento apenas dos lucros em detrimento da vida humana.<\/p>\n<p>Por sua vez, a pandemia continua descontrolada no Brasil, Manaus segue em flagelo sanit\u00e1rio e outras cidades podem sofrer processos semelhantes. Prefeitos, governadores, Minist\u00e9rio da Sa\u00fade e, principalmente, o presidente da Rep\u00fablica devem ser responsabilizados. Essa trag\u00e9dia que assola o pa\u00eds escancara a pol\u00edtica de desmonte da sa\u00fade p\u00fablica adotada pelo Governo Bolsonaro e Mour\u00e3o.<\/p>\n<p>\u00c9 importante ressaltar o papel que o SUS teve no combate ao avan\u00e7o da COVID-19, evitando uma cat\u00e1strofe ainda pior! \u00c9 preciso destacar ainda que, devido \u00e0 PEC 95 aprovada no Governo Temer e \u00e0 pol\u00edtica de conten\u00e7\u00e3o de gastos p\u00fablicos para atender a l\u00f3gica da D\u00edvida alimentando o Sistema Financeiro, toda a log\u00edstica necess\u00e1ria para acelerar a distribui\u00e7\u00e3o das vacinas e a aquisi\u00e7\u00e3o de insumos est\u00e1 comprometida!<\/p>\n<p>Exigimos vacina\u00e7\u00e3o para toda a popula\u00e7\u00e3o e a responsabiliza\u00e7\u00e3o das autoridades do AM e do Governo Federal pelo holocausto sanit\u00e1rio que a Cidade de Manaus vivencia nesse momento.<\/p>\n<p>FORA BOLSONARO!<br \/>\nFORA MOUR\u00c3O!<br \/>\nIMPEACHMENT J\u00c1!<\/p>\n<p>Brasil, 17 de Janeiro de 2021.<br \/>\nComiss\u00e3o Pol\u00edtica Nacional do PCB<\/p>\n","protected":false},"excerpt":{"rendered":"<p>Neste domingo \u00e0s 15h30 foi vacinada a primeira brasileira com a vacina Coranavac liberada pela ANVISA para uso emergencial. Celebramos esse acontecimento hist\u00f3rico, mas n\u00e3o podemos deixar de registrar que milhares de pessoas est\u00e3o internadas nesse instante e mais de 209 mil vidas foram perdidas em um contexto em que o Governo Bolsonaro negou a periculosidade da Pandemia, classificando o v\u00edrus como uma \u201cgripezinha\u201d, preferindo alimentar o obscurantismo, o negacionismo<\/p>\n","protected":false},"author":1,"featured_media":2168,"comment_status":"open","ping_status":"open","sticky":false,"template":"","format":"standard","meta":[],"categories":[18],"tags":[],"yoast_head":"<!-- This site is optimized with the Yoast SEO plugin v16.3 - https:\/\/yoast.com\/wordpress\/plugins\/seo\/ -->\n<title>Pela vacina\u00e7\u00e3o imediata de toda a popula\u00e7\u00e3o brasileira! - TRIBUNA DA PRAIA<\/title>\n<meta name=\"robots\" content=\"index, follow, max-snippet:-1, max-image-preview:large, max-video-preview:-1\" \/>\n<link rel=\"canonical\" href=\"https:\/\/tribunadapraia.com.br\/?p=2167\" \/>\n<meta property=\"og:locale\" content=\"pt_BR\" \/>\n<meta property=\"og:type\" content=\"article\" \/>\n<meta property=\"og:title\" content=\"Pela vacina\u00e7\u00e3o imediata de toda a popula\u00e7\u00e3o brasileira! - TRIBUNA DA PRAIA\" \/>\n<meta property=\"og:description\" content=\"Neste domingo \u00e0s 15h30 foi vacinada a primeira brasileira com a vacina Coranavac liberada pela ANVISA para uso emergencial. Celebramos esse acontecimento hist\u00f3rico, mas n\u00e3o podemos deixar de registrar que milhares de pessoas est\u00e3o internadas nesse instante e mais de 209 mil vidas foram perdidas em um contexto em que o Governo Bolsonaro negou a periculosidade da Pandemia, classificando o v\u00edrus como uma \u201cgripezinha\u201d, preferindo alimentar o obscurantismo, o negacionismo\" \/>\n<meta property=\"og:url\" content=\"https:\/\/tribunadapraia.com.br\/?p=2167\" \/>\n<meta property=\"og:site_name\" content=\"TRIBUNA DA PRAIA\" \/>\n<meta property=\"article:publisher\" content=\"https:\/\/www.facebook.com\/tribunadapraiaonline\/\" \/>\n<meta property=\"article:published_time\" content=\"2021-01-20T02:06:54+00:00\" \/>\n<meta property=\"article:modified_time\" content=\"2021-01-20T02:07:52+00:00\" \/>\n<meta property=\"og:image\" content=\"https:\/\/tribunadapraia.com.br\/wp-content\/uploads\/2021\/01\/vacinacao.png\" \/>\n\t<meta property=\"og:image:width\" content=\"869\" \/>\n\t<meta property=\"og:image:height\" content=\"626\" \/>\n<meta name=\"twitter:card\" content=\"summary_large_image\" \/>\n<meta name=\"twitter:creator\" content=\"@Claudomir21\" \/>\n<meta name=\"twitter:site\" content=\"@Claudomir21\" \/>\n<meta name=\"twitter:label1\" content=\"Est. tempo de leitura\">\n\t<meta name=\"twitter:data1\" content=\"1 minuto\">\n<script type=\"application\/ld+json\" class=\"yoast-schema-graph\">{\"@context\":\"https:\/\/schema.org\",\"@graph\":[{\"@type\":\"Organization\",\"@id\":\"https:\/\/tribunadapraia.com.br\/#organization\",\"name\":\"Tribuna da Praia\",\"url\":\"https:\/\/tribunadapraia.com.br\/\",\"sameAs\":[\"https:\/\/www.facebook.com\/tribunadapraiaonline\/\",\"https:\/\/www.instagram.com\/claudomirtavares\/\",\"https:\/\/www.youtube.com\/channel\/UCwQf80nxiMzCefAyjbp53Rw\",\"https:\/\/twitter.com\/Claudomir21\"],\"logo\":{\"@type\":\"ImageObject\",\"@id\":\"https:\/\/tribunadapraia.com.br\/#logo\",\"inLanguage\":\"pt-BR\",\"url\":\"https:\/\/tribunadapraia.com.br\/wp-content\/uploads\/2020\/02\/logo.png\",\"contentUrl\":\"https:\/\/tribunadapraia.com.br\/wp-content\/uploads\/2020\/02\/logo.png\",\"width\":501,\"height\":121,\"caption\":\"Tribuna da Praia\"},\"image\":{\"@id\":\"https:\/\/tribunadapraia.com.br\/#logo\"}},{\"@type\":\"WebSite\",\"@id\":\"https:\/\/tribunadapraia.com.br\/#website\",\"url\":\"https:\/\/tribunadapraia.com.br\/\",\"name\":\"TRIBUNA DA PRAIA\",\"description\":\"O 1\\u00ba jornal do interior de Sergipe na internet\",\"publisher\":{\"@id\":\"https:\/\/tribunadapraia.com.br\/#organization\"},\"potentialAction\":[{\"@type\":\"SearchAction\",\"target\":\"https:\/\/tribunadapraia.com.br\/?s={search_term_string}\",\"query-input\":\"required name=search_term_string\"}],\"inLanguage\":\"pt-BR\"},{\"@type\":\"ImageObject\",\"@id\":\"https:\/\/tribunadapraia.com.br\/?p=2167#primaryimage\",\"inLanguage\":\"pt-BR\",\"url\":\"https:\/\/tribunadapraia.com.br\/wp-content\/uploads\/2021\/01\/vacinacao.png\",\"contentUrl\":\"https:\/\/tribunadapraia.com.br\/wp-content\/uploads\/2021\/01\/vacinacao.png\",\"width\":869,\"height\":626},{\"@type\":\"WebPage\",\"@id\":\"https:\/\/tribunadapraia.com.br\/?p=2167#webpage\",\"url\":\"https:\/\/tribunadapraia.com.br\/?p=2167\",\"name\":\"Pela vacina\\u00e7\\u00e3o imediata de toda a popula\\u00e7\\u00e3o brasileira! - TRIBUNA DA PRAIA\",\"isPartOf\":{\"@id\":\"https:\/\/tribunadapraia.com.br\/#website\"},\"primaryImageOfPage\":{\"@id\":\"https:\/\/tribunadapraia.com.br\/?p=2167#primaryimage\"},\"datePublished\":\"2021-01-20T02:06:54+00:00\",\"dateModified\":\"2021-01-20T02:07:52+00:00\",\"breadcrumb\":{\"@id\":\"https:\/\/tribunadapraia.com.br\/?p=2167#breadcrumb\"},\"inLanguage\":\"pt-BR\",\"potentialAction\":[{\"@type\":\"ReadAction\",\"target\":[\"https:\/\/tribunadapraia.com.br\/?p=2167\"]}]},{\"@type\":\"BreadcrumbList\",\"@id\":\"https:\/\/tribunadapraia.com.br\/?p=2167#breadcrumb\",\"itemListElement\":[{\"@type\":\"ListItem\",\"position\":1,\"item\":{\"@type\":\"WebPage\",\"@id\":\"https:\/\/tribunadapraia.com.br\/\",\"url\":\"https:\/\/tribunadapraia.com.br\/\",\"name\":\"In\\u00edcio\"}},{\"@type\":\"ListItem\",\"position\":2,\"item\":{\"@id\":\"https:\/\/tribunadapraia.com.br\/?p=2167#webpage\"}}]},{\"@type\":\"Article\",\"@id\":\"https:\/\/tribunadapraia.com.br\/?p=2167#article\",\"isPartOf\":{\"@id\":\"https:\/\/tribunadapraia.com.br\/?p=2167#webpage\"},\"author\":{\"@id\":\"https:\/\/tribunadapraia.com.br\/#\/schema\/person\/326b0a9f3163b479142c64eba4928de0\"},\"headline\":\"Pela vacina\\u00e7\\u00e3o imediata de toda a popula\\u00e7\\u00e3o brasileira!\",\"datePublished\":\"2021-01-20T02:06:54+00:00\",\"dateModified\":\"2021-01-20T02:07:52+00:00\",\"mainEntityOfPage\":{\"@id\":\"https:\/\/tribunadapraia.com.br\/?p=2167#webpage\"},\"wordCount\":283,\"commentCount\":0,\"publisher\":{\"@id\":\"https:\/\/tribunadapraia.com.br\/#organization\"},\"image\":{\"@id\":\"https:\/\/tribunadapraia.com.br\/?p=2167#primaryimage\"},\"thumbnailUrl\":\"https:\/\/tribunadapraia.com.br\/wp-content\/uploads\/2021\/01\/vacinacao.png\",\"articleSection\":[\"Not\\u00edcias\"],\"inLanguage\":\"pt-BR\",\"potentialAction\":[{\"@type\":\"CommentAction\",\"name\":\"Comment\",\"target\":[\"https:\/\/tribunadapraia.com.br\/?p=2167#respond\"]}]},{\"@type\":\"Person\",\"@id\":\"https:\/\/tribunadapraia.com.br\/#\/schema\/person\/326b0a9f3163b479142c64eba4928de0\",\"name\":\"tribunadapraia\",\"image\":{\"@type\":\"ImageObject\",\"@id\":\"https:\/\/tribunadapraia.com.br\/#personlogo\",\"inLanguage\":\"pt-BR\",\"url\":\"https:\/\/secure.gravatar.com\/avatar\/38b019c74762496076b7355024a0dad9?s=96&d=identicon&r=g\",\"contentUrl\":\"https:\/\/secure.gravatar.com\/avatar\/38b019c74762496076b7355024a0dad9?s=96&d=identicon&r=g\",\"caption\":\"tribunadapraia\"}}]}<\/script>\n<!-- \/ Yoast SEO plugin. -->","wps_subtitle":"","_links":{"self":[{"href":"https:\/\/tribunadapraia.com.br\/index.php?rest_route=\/wp\/v2\/posts\/2167"}],"collection":[{"href":"https:\/\/tribunadapraia.com.br\/index.php?rest_route=\/wp\/v2\/posts"}],"about":[{"href":"https:\/\/tribunadapraia.com.br\/index.php?rest_route=\/wp\/v2\/types\/post"}],"author":[{"embeddable":true,"href":"https:\/\/tribunadapraia.com.br\/index.php?rest_route=\/wp\/v2\/users\/1"}],"replies":[{"embeddable":true,"href":"https:\/\/tribunadapraia.com.br\/index.php?rest_route=%2Fwp%2Fv2%2Fcomments&post=2167"}],"version-history":[{"count":1,"href":"https:\/\/tribunadapraia.com.br\/index.php?rest_route=\/wp\/v2\/posts\/2167\/revisions"}],"predecessor-version":[{"id":2169,"href":"https:\/\/tribunadapraia.com.br\/index.php?rest_route=\/wp\/v2\/posts\/2167\/revisions\/2169"}],"wp:featuredmedia":[{"embeddable":true,"href":"https:\/\/tribunadapraia.com.br\/index.php?rest_route=\/wp\/v2\/media\/2168"}],"wp:attachment":[{"href":"https:\/\/tribunadapraia.com.br\/index.php?rest_route=%2Fwp%2Fv2%2Fmedia&parent=2167"}],"wp:term":[{"taxonomy":"category","embeddable":true,"href":"https:\/\/tribunadapraia.com.br\/index.php?rest_route=%2Fwp%2Fv2%2Fcategories&post=2167"},{"taxonomy":"post_tag","embeddable":true,"href":"https:\/\/tribunadapraia.com.br\/index.php?rest_route=%2Fwp%2Fv2%2Ftags&post=2167"}],"curies":[{"name":"wp","href":"https:\/\/api.w.org\/{rel}","templated":true}]}}