{"id":2164,"date":"2021-01-19T09:57:19","date_gmt":"2021-01-19T12:57:19","guid":{"rendered":"https:\/\/tribunadapraia.com.br\/?p=2164"},"modified":"2021-01-19T09:57:19","modified_gmt":"2021-01-19T12:57:19","slug":"nepotismo-fazendo-do-poder-uma-armadilha-valberto-lima-transforma-a-prefeitura-de-propria-um-negocio-de-familia","status":"publish","type":"post","link":"https:\/\/tribunadapraia.com.br\/?p=2164","title":{"rendered":"Nepotismo: Fazendo do poder uma armadilha, Valberto Lima transforma a Prefeitura de Propri\u00e1 um neg\u00f3cio de fam\u00edlia"},"content":{"rendered":"<p>Metaforicamente falando, em Propri\u00e1, distante 98 km da capital, Aracaju, a esperan\u00e7a \u00e9 a primeira que morre &#8211; o prefeito Valberto de Oliveira Lima t\u00eam feito literalmente do poder uma armadilha, transformando a Prefeitura um neg\u00f3cio de fam\u00edlia.<\/p>\n<p>Prova inequ\u00edvoca do nepotismo \u00e9 a nomea\u00e7\u00e3o da esposa Karine Feitosa secret\u00e1ria de Assist\u00eancia Social, do filho Luan Vieira Lima secret\u00e1rup de Governo e mais recentemente o genrro Carlos Freud Moura de Melo Procurador Geral.<\/p>\n<p>Aqui n\u00e3o estamos avaliando credenciais e predicados dos citados, mas a manuten\u00e7\u00e3o da velha pol\u00edtica do malfadado deixe como est\u00e1 para ver como \u00e9 que fica.<\/p>\n<p>porClaudOmir Herzog<\/p>\n","protected":false},"excerpt":{"rendered":"<p>Metaforicamente falando, em Propri\u00e1, distante 98 km da capital, Aracaju, a esperan\u00e7a \u00e9 a primeira que morre &#8211; o prefeito Valberto de Oliveira Lima t\u00eam feito literalmente do poder uma armadilha, transformando a Prefeitura um neg\u00f3cio de fam\u00edlia. Prova inequ\u00edvoca do nepotismo \u00e9 a nomea\u00e7\u00e3o da esposa Karine Feitosa secret\u00e1ria de Assist\u00eancia Social, do filho Luan Vieira Lima secret\u00e1rup de Governo e mais recentemente o genrro Carlos Freud Moura de<\/p>\n","protected":false},"author":3,"featured_media":2165,"comment_status":"open","ping_status":"open","sticky":false,"template":"","format":"standard","meta":[],"categories":[18],"tags":[],"yoast_head":"<!-- This site is optimized with the Yoast SEO plugin v16.3 - https:\/\/yoast.com\/wordpress\/plugins\/seo\/ -->\n<title>Nepotismo: Fazendo do poder uma armadilha, Valberto Lima transforma a Prefeitura de Propri\u00e1 um neg\u00f3cio de fam\u00edlia - TRIBUNA DA PRAIA<\/title>\n<meta name=\"robots\" content=\"index, follow, max-snippet:-1, max-image-preview:large, max-video-preview:-1\" \/>\n<link rel=\"canonical\" href=\"https:\/\/tribunadapraia.com.br\/?p=2164\" \/>\n<meta property=\"og:locale\" content=\"pt_BR\" \/>\n<meta property=\"og:type\" content=\"article\" \/>\n<meta property=\"og:title\" content=\"Nepotismo: Fazendo do poder uma armadilha, Valberto Lima transforma a Prefeitura de Propri\u00e1 um neg\u00f3cio de fam\u00edlia - TRIBUNA DA PRAIA\" \/>\n<meta property=\"og:description\" content=\"Metaforicamente falando, em Propri\u00e1, distante 98 km da capital, Aracaju, a esperan\u00e7a \u00e9 a primeira que morre &#8211; o prefeito Valberto de Oliveira Lima t\u00eam feito literalmente do poder uma armadilha, transformando a Prefeitura um neg\u00f3cio de fam\u00edlia. Prova inequ\u00edvoca do nepotismo \u00e9 a nomea\u00e7\u00e3o da esposa Karine Feitosa secret\u00e1ria de Assist\u00eancia Social, do filho Luan Vieira Lima secret\u00e1rup de Governo e mais recentemente o genrro Carlos Freud Moura de\" \/>\n<meta property=\"og:url\" content=\"https:\/\/tribunadapraia.com.br\/?p=2164\" \/>\n<meta property=\"og:site_name\" content=\"TRIBUNA DA PRAIA\" \/>\n<meta property=\"article:publisher\" content=\"https:\/\/www.facebook.com\/tribunadapraiaonline\/\" \/>\n<meta property=\"article:published_time\" content=\"2021-01-19T12:57:19+00:00\" \/>\n<meta property=\"og:image\" content=\"https:\/\/tribunadapraia.com.br\/wp-content\/uploads\/2021\/01\/IMG_20210117_102914_052.jpg\" \/>\n\t<meta property=\"og:image:width\" content=\"767\" \/>\n\t<meta property=\"og:image:height\" content=\"767\" \/>\n<meta name=\"twitter:card\" content=\"summary_large_image\" \/>\n<meta name=\"twitter:creator\" content=\"@Claudomir21\" \/>\n<meta name=\"twitter:site\" content=\"@Claudomir21\" \/>\n<meta name=\"twitter:label1\" content=\"Est. tempo de leitura\">\n\t<meta name=\"twitter:data1\" content=\"1 minuto\">\n<script type=\"application\/ld+json\" class=\"yoast-schema-graph\">{\"@context\":\"https:\/\/schema.org\",\"@graph\":[{\"@type\":\"Organization\",\"@id\":\"https:\/\/tribunadapraia.com.br\/#organization\",\"name\":\"Tribuna da Praia\",\"url\":\"https:\/\/tribunadapraia.com.br\/\",\"sameAs\":[\"https:\/\/www.facebook.com\/tribunadapraiaonline\/\",\"https:\/\/www.instagram.com\/claudomirtavares\/\",\"https:\/\/www.youtube.com\/channel\/UCwQf80nxiMzCefAyjbp53Rw\",\"https:\/\/twitter.com\/Claudomir21\"],\"logo\":{\"@type\":\"ImageObject\",\"@id\":\"https:\/\/tribunadapraia.com.br\/#logo\",\"inLanguage\":\"pt-BR\",\"url\":\"https:\/\/tribunadapraia.com.br\/wp-content\/uploads\/2020\/02\/logo.png\",\"contentUrl\":\"https:\/\/tribunadapraia.com.br\/wp-content\/uploads\/2020\/02\/logo.png\",\"width\":501,\"height\":121,\"caption\":\"Tribuna da Praia\"},\"image\":{\"@id\":\"https:\/\/tribunadapraia.com.br\/#logo\"}},{\"@type\":\"WebSite\",\"@id\":\"https:\/\/tribunadapraia.com.br\/#website\",\"url\":\"https:\/\/tribunadapraia.com.br\/\",\"name\":\"TRIBUNA DA PRAIA\",\"description\":\"O 1\\u00ba jornal do interior de Sergipe na internet\",\"publisher\":{\"@id\":\"https:\/\/tribunadapraia.com.br\/#organization\"},\"potentialAction\":[{\"@type\":\"SearchAction\",\"target\":\"https:\/\/tribunadapraia.com.br\/?s={search_term_string}\",\"query-input\":\"required name=search_term_string\"}],\"inLanguage\":\"pt-BR\"},{\"@type\":\"ImageObject\",\"@id\":\"https:\/\/tribunadapraia.com.br\/?p=2164#primaryimage\",\"inLanguage\":\"pt-BR\",\"url\":\"https:\/\/tribunadapraia.com.br\/wp-content\/uploads\/2021\/01\/IMG_20210117_102914_052.jpg\",\"contentUrl\":\"https:\/\/tribunadapraia.com.br\/wp-content\/uploads\/2021\/01\/IMG_20210117_102914_052.jpg\",\"width\":767,\"height\":767},{\"@type\":\"WebPage\",\"@id\":\"https:\/\/tribunadapraia.com.br\/?p=2164#webpage\",\"url\":\"https:\/\/tribunadapraia.com.br\/?p=2164\",\"name\":\"Nepotismo: Fazendo do poder uma armadilha, Valberto Lima transforma a Prefeitura de Propri\\u00e1 um neg\\u00f3cio de fam\\u00edlia - TRIBUNA DA PRAIA\",\"isPartOf\":{\"@id\":\"https:\/\/tribunadapraia.com.br\/#website\"},\"primaryImageOfPage\":{\"@id\":\"https:\/\/tribunadapraia.com.br\/?p=2164#primaryimage\"},\"datePublished\":\"2021-01-19T12:57:19+00:00\",\"dateModified\":\"2021-01-19T12:57:19+00:00\",\"breadcrumb\":{\"@id\":\"https:\/\/tribunadapraia.com.br\/?p=2164#breadcrumb\"},\"inLanguage\":\"pt-BR\",\"potentialAction\":[{\"@type\":\"ReadAction\",\"target\":[\"https:\/\/tribunadapraia.com.br\/?p=2164\"]}]},{\"@type\":\"BreadcrumbList\",\"@id\":\"https:\/\/tribunadapraia.com.br\/?p=2164#breadcrumb\",\"itemListElement\":[{\"@type\":\"ListItem\",\"position\":1,\"item\":{\"@type\":\"WebPage\",\"@id\":\"https:\/\/tribunadapraia.com.br\/\",\"url\":\"https:\/\/tribunadapraia.com.br\/\",\"name\":\"In\\u00edcio\"}},{\"@type\":\"ListItem\",\"position\":2,\"item\":{\"@id\":\"https:\/\/tribunadapraia.com.br\/?p=2164#webpage\"}}]},{\"@type\":\"Article\",\"@id\":\"https:\/\/tribunadapraia.com.br\/?p=2164#article\",\"isPartOf\":{\"@id\":\"https:\/\/tribunadapraia.com.br\/?p=2164#webpage\"},\"author\":{\"@id\":\"https:\/\/tribunadapraia.com.br\/#\/schema\/person\/099fbbf59acc5895c0d7d52b4fc46c97\"},\"headline\":\"Nepotismo: Fazendo do poder uma armadilha, Valberto Lima transforma a Prefeitura de Propri\\u00e1 um neg\\u00f3cio de fam\\u00edlia\",\"datePublished\":\"2021-01-19T12:57:19+00:00\",\"dateModified\":\"2021-01-19T12:57:19+00:00\",\"mainEntityOfPage\":{\"@id\":\"https:\/\/tribunadapraia.com.br\/?p=2164#webpage\"},\"wordCount\":128,\"commentCount\":0,\"publisher\":{\"@id\":\"https:\/\/tribunadapraia.com.br\/#organization\"},\"image\":{\"@id\":\"https:\/\/tribunadapraia.com.br\/?p=2164#primaryimage\"},\"thumbnailUrl\":\"https:\/\/tribunadapraia.com.br\/wp-content\/uploads\/2021\/01\/IMG_20210117_102914_052.jpg\",\"articleSection\":[\"Not\\u00edcias\"],\"inLanguage\":\"pt-BR\",\"potentialAction\":[{\"@type\":\"CommentAction\",\"name\":\"Comment\",\"target\":[\"https:\/\/tribunadapraia.com.br\/?p=2164#respond\"]}]},{\"@type\":\"Person\",\"@id\":\"https:\/\/tribunadapraia.com.br\/#\/schema\/person\/099fbbf59acc5895c0d7d52b4fc46c97\",\"name\":\"Reda\\u00e7\\u00e3o\",\"image\":{\"@type\":\"ImageObject\",\"@id\":\"https:\/\/tribunadapraia.com.br\/#personlogo\",\"inLanguage\":\"pt-BR\",\"url\":\"https:\/\/secure.gravatar.com\/avatar\/91c8b91d2bfd7784eac5c3e055361f64?s=96&d=identicon&r=g\",\"contentUrl\":\"https:\/\/secure.gravatar.com\/avatar\/91c8b91d2bfd7784eac5c3e055361f64?s=96&d=identicon&r=g\",\"caption\":\"Reda\\u00e7\\u00e3o\"}}]}<\/script>\n<!-- \/ Yoast SEO plugin. -->","wps_subtitle":"","_links":{"self":[{"href":"https:\/\/tribunadapraia.com.br\/index.php?rest_route=\/wp\/v2\/posts\/2164"}],"collection":[{"href":"https:\/\/tribunadapraia.com.br\/index.php?rest_route=\/wp\/v2\/posts"}],"about":[{"href":"https:\/\/tribunadapraia.com.br\/index.php?rest_route=\/wp\/v2\/types\/post"}],"author":[{"embeddable":true,"href":"https:\/\/tribunadapraia.com.br\/index.php?rest_route=\/wp\/v2\/users\/3"}],"replies":[{"embeddable":true,"href":"https:\/\/tribunadapraia.com.br\/index.php?rest_route=%2Fwp%2Fv2%2Fcomments&post=2164"}],"version-history":[{"count":1,"href":"https:\/\/tribunadapraia.com.br\/index.php?rest_route=\/wp\/v2\/posts\/2164\/revisions"}],"predecessor-version":[{"id":2166,"href":"https:\/\/tribunadapraia.com.br\/index.php?rest_route=\/wp\/v2\/posts\/2164\/revisions\/2166"}],"wp:featuredmedia":[{"embeddable":true,"href":"https:\/\/tribunadapraia.com.br\/index.php?rest_route=\/wp\/v2\/media\/2165"}],"wp:attachment":[{"href":"https:\/\/tribunadapraia.com.br\/index.php?rest_route=%2Fwp%2Fv2%2Fmedia&parent=2164"}],"wp:term":[{"taxonomy":"category","embeddable":true,"href":"https:\/\/tribunadapraia.com.br\/index.php?rest_route=%2Fwp%2Fv2%2Fcategories&post=2164"},{"taxonomy":"post_tag","embeddable":true,"href":"https:\/\/tribunadapraia.com.br\/index.php?rest_route=%2Fwp%2Fv2%2Ftags&post=2164"}],"curies":[{"name":"wp","href":"https:\/\/api.w.org\/{rel}","templated":true}]}}