{"id":2154,"date":"2021-01-18T10:55:48","date_gmt":"2021-01-18T13:55:48","guid":{"rendered":"https:\/\/tribunadapraia.com.br\/?p=2154"},"modified":"2021-01-18T10:55:48","modified_gmt":"2021-01-18T13:55:48","slug":"relatorio-de-gestao-2017-2020-ex-prefeitos-terao-ate-31-01-2021-para-apresenta-lo","status":"publish","type":"post","link":"https:\/\/tribunadapraia.com.br\/?p=2154","title":{"rendered":"Relat\u00f3rio de Gest\u00e3o (2017\/2020) &#8211; Ex-prefeitos ter\u00e3o at\u00e9 31\/01\/2021) para apresent\u00e1-lo"},"content":{"rendered":"<p>Os ex-prefeitos que encerraram seus nandatos em 31 de dezembro de 2020 ter\u00e3o at\u00e9 31 de janeiro de 2021 para apresentar os respectivos Relat\u00f3rios de Gest\u00f5es (2017\/2020) contendo elementos cont\u00e1beis, financeiros, jur\u00eddicos, administrativos, etc. \u00c9 o caso dos ex-prefeitos Airton Martins (PSD), de Barra dos Coqueiros, \u00c9lio Martins (PSC), de Pirambu e Iokanaan Sanrana (PL) de Propri\u00e1. Em Japaratuba, a prefeita Lara Moura (PSC), reeleita, tamb\u00e9m apresentar\u00e1 seu relat\u00f3rio aos \u00f3rgaos de fiscaliza\u00e7\u00e3o e controle.<\/p>\n<p>Os &#8220;novos&#8221; prefeitos assumiram \u00e0s prefeituras em condi\u00e7\u00f5es diferentes por terem sido apoiados pelos ent\u00e3o alcaides, a exemplo de Alberto Macedo (MDB) em Barra dos Coqueiros e Guilherme Melo (PSC) em Pirambu, ao tempo en que Valberto Lima (MDB), em Propri\u00e1, eleito em oposi\u00e7\u00e3o ao entao prefeito.<\/p>\n<p>Aguardamos, ent\u00e3o, os relat\u00f3rios de gest\u00f5es e os pareceres dos \u00f3rg\u00e3os de fiscaliza\u00e7\u00e3o , controle e jur\u00eddico, para emitirmos nossa opini\u00e3o, sem reivindicar verdade relativa nem absoluta.<\/p>\n<p>por ClaudOmir Herzog<\/p>\n","protected":false},"excerpt":{"rendered":"<p>Os ex-prefeitos que encerraram seus nandatos em 31 de dezembro de 2020 ter\u00e3o at\u00e9 31 de janeiro de 2021 para apresentar os respectivos Relat\u00f3rios de Gest\u00f5es (2017\/2020) contendo elementos cont\u00e1beis, financeiros, jur\u00eddicos, administrativos, etc. \u00c9 o caso dos ex-prefeitos Airton Martins (PSD), de Barra dos Coqueiros, \u00c9lio Martins (PSC), de Pirambu e Iokanaan Sanrana (PL) de Propri\u00e1. Em Japaratuba, a prefeita Lara Moura (PSC), reeleita, tamb\u00e9m apresentar\u00e1 seu relat\u00f3rio aos<\/p>\n","protected":false},"author":3,"featured_media":2155,"comment_status":"open","ping_status":"open","sticky":false,"template":"","format":"standard","meta":[],"categories":[18],"tags":[],"yoast_head":"<!-- This site is optimized with the Yoast SEO plugin v16.3 - https:\/\/yoast.com\/wordpress\/plugins\/seo\/ -->\n<title>Relat\u00f3rio de Gest\u00e3o (2017\/2020) - Ex-prefeitos ter\u00e3o at\u00e9 31\/01\/2021) para apresent\u00e1-lo - TRIBUNA DA PRAIA<\/title>\n<meta name=\"robots\" content=\"index, follow, max-snippet:-1, max-image-preview:large, max-video-preview:-1\" \/>\n<link rel=\"canonical\" href=\"https:\/\/tribunadapraia.com.br\/?p=2154\" \/>\n<meta property=\"og:locale\" content=\"pt_BR\" \/>\n<meta property=\"og:type\" content=\"article\" \/>\n<meta property=\"og:title\" content=\"Relat\u00f3rio de Gest\u00e3o (2017\/2020) - Ex-prefeitos ter\u00e3o at\u00e9 31\/01\/2021) para apresent\u00e1-lo - TRIBUNA DA PRAIA\" \/>\n<meta property=\"og:description\" content=\"Os ex-prefeitos que encerraram seus nandatos em 31 de dezembro de 2020 ter\u00e3o at\u00e9 31 de janeiro de 2021 para apresentar os respectivos Relat\u00f3rios de Gest\u00f5es (2017\/2020) contendo elementos cont\u00e1beis, financeiros, jur\u00eddicos, administrativos, etc. \u00c9 o caso dos ex-prefeitos Airton Martins (PSD), de Barra dos Coqueiros, \u00c9lio Martins (PSC), de Pirambu e Iokanaan Sanrana (PL) de Propri\u00e1. Em Japaratuba, a prefeita Lara Moura (PSC), reeleita, tamb\u00e9m apresentar\u00e1 seu relat\u00f3rio aos\" \/>\n<meta property=\"og:url\" content=\"https:\/\/tribunadapraia.com.br\/?p=2154\" \/>\n<meta property=\"og:site_name\" content=\"TRIBUNA DA PRAIA\" \/>\n<meta property=\"article:publisher\" content=\"https:\/\/www.facebook.com\/tribunadapraiaonline\/\" \/>\n<meta property=\"article:published_time\" content=\"2021-01-18T13:55:48+00:00\" \/>\n<meta property=\"og:image\" content=\"https:\/\/tribunadapraia.com.br\/wp-content\/uploads\/2021\/01\/relatorio-de-marketing-digital-blog.png\" \/>\n\t<meta property=\"og:image:width\" content=\"1090\" \/>\n\t<meta property=\"og:image:height\" content=\"672\" \/>\n<meta name=\"twitter:card\" content=\"summary_large_image\" \/>\n<meta name=\"twitter:creator\" content=\"@Claudomir21\" \/>\n<meta name=\"twitter:site\" content=\"@Claudomir21\" \/>\n<meta name=\"twitter:label1\" content=\"Est. tempo de leitura\">\n\t<meta name=\"twitter:data1\" content=\"1 minuto\">\n<script type=\"application\/ld+json\" class=\"yoast-schema-graph\">{\"@context\":\"https:\/\/schema.org\",\"@graph\":[{\"@type\":\"Organization\",\"@id\":\"https:\/\/tribunadapraia.com.br\/#organization\",\"name\":\"Tribuna da Praia\",\"url\":\"https:\/\/tribunadapraia.com.br\/\",\"sameAs\":[\"https:\/\/www.facebook.com\/tribunadapraiaonline\/\",\"https:\/\/www.instagram.com\/claudomirtavares\/\",\"https:\/\/www.youtube.com\/channel\/UCwQf80nxiMzCefAyjbp53Rw\",\"https:\/\/twitter.com\/Claudomir21\"],\"logo\":{\"@type\":\"ImageObject\",\"@id\":\"https:\/\/tribunadapraia.com.br\/#logo\",\"inLanguage\":\"pt-BR\",\"url\":\"https:\/\/tribunadapraia.com.br\/wp-content\/uploads\/2020\/02\/logo.png\",\"contentUrl\":\"https:\/\/tribunadapraia.com.br\/wp-content\/uploads\/2020\/02\/logo.png\",\"width\":501,\"height\":121,\"caption\":\"Tribuna da Praia\"},\"image\":{\"@id\":\"https:\/\/tribunadapraia.com.br\/#logo\"}},{\"@type\":\"WebSite\",\"@id\":\"https:\/\/tribunadapraia.com.br\/#website\",\"url\":\"https:\/\/tribunadapraia.com.br\/\",\"name\":\"TRIBUNA DA PRAIA\",\"description\":\"O 1\\u00ba jornal do interior de Sergipe na internet\",\"publisher\":{\"@id\":\"https:\/\/tribunadapraia.com.br\/#organization\"},\"potentialAction\":[{\"@type\":\"SearchAction\",\"target\":\"https:\/\/tribunadapraia.com.br\/?s={search_term_string}\",\"query-input\":\"required name=search_term_string\"}],\"inLanguage\":\"pt-BR\"},{\"@type\":\"ImageObject\",\"@id\":\"https:\/\/tribunadapraia.com.br\/?p=2154#primaryimage\",\"inLanguage\":\"pt-BR\",\"url\":\"https:\/\/tribunadapraia.com.br\/wp-content\/uploads\/2021\/01\/relatorio-de-marketing-digital-blog.png\",\"contentUrl\":\"https:\/\/tribunadapraia.com.br\/wp-content\/uploads\/2021\/01\/relatorio-de-marketing-digital-blog.png\",\"width\":1090,\"height\":672},{\"@type\":\"WebPage\",\"@id\":\"https:\/\/tribunadapraia.com.br\/?p=2154#webpage\",\"url\":\"https:\/\/tribunadapraia.com.br\/?p=2154\",\"name\":\"Relat\\u00f3rio de Gest\\u00e3o (2017\/2020) - Ex-prefeitos ter\\u00e3o at\\u00e9 31\/01\/2021) para apresent\\u00e1-lo - TRIBUNA DA PRAIA\",\"isPartOf\":{\"@id\":\"https:\/\/tribunadapraia.com.br\/#website\"},\"primaryImageOfPage\":{\"@id\":\"https:\/\/tribunadapraia.com.br\/?p=2154#primaryimage\"},\"datePublished\":\"2021-01-18T13:55:48+00:00\",\"dateModified\":\"2021-01-18T13:55:48+00:00\",\"breadcrumb\":{\"@id\":\"https:\/\/tribunadapraia.com.br\/?p=2154#breadcrumb\"},\"inLanguage\":\"pt-BR\",\"potentialAction\":[{\"@type\":\"ReadAction\",\"target\":[\"https:\/\/tribunadapraia.com.br\/?p=2154\"]}]},{\"@type\":\"BreadcrumbList\",\"@id\":\"https:\/\/tribunadapraia.com.br\/?p=2154#breadcrumb\",\"itemListElement\":[{\"@type\":\"ListItem\",\"position\":1,\"item\":{\"@type\":\"WebPage\",\"@id\":\"https:\/\/tribunadapraia.com.br\/\",\"url\":\"https:\/\/tribunadapraia.com.br\/\",\"name\":\"In\\u00edcio\"}},{\"@type\":\"ListItem\",\"position\":2,\"item\":{\"@id\":\"https:\/\/tribunadapraia.com.br\/?p=2154#webpage\"}}]},{\"@type\":\"Article\",\"@id\":\"https:\/\/tribunadapraia.com.br\/?p=2154#article\",\"isPartOf\":{\"@id\":\"https:\/\/tribunadapraia.com.br\/?p=2154#webpage\"},\"author\":{\"@id\":\"https:\/\/tribunadapraia.com.br\/#\/schema\/person\/099fbbf59acc5895c0d7d52b4fc46c97\"},\"headline\":\"Relat\\u00f3rio de Gest\\u00e3o (2017\/2020) &#8211; Ex-prefeitos ter\\u00e3o at\\u00e9 31\/01\/2021) para apresent\\u00e1-lo\",\"datePublished\":\"2021-01-18T13:55:48+00:00\",\"dateModified\":\"2021-01-18T13:55:48+00:00\",\"mainEntityOfPage\":{\"@id\":\"https:\/\/tribunadapraia.com.br\/?p=2154#webpage\"},\"wordCount\":176,\"commentCount\":0,\"publisher\":{\"@id\":\"https:\/\/tribunadapraia.com.br\/#organization\"},\"image\":{\"@id\":\"https:\/\/tribunadapraia.com.br\/?p=2154#primaryimage\"},\"thumbnailUrl\":\"https:\/\/tribunadapraia.com.br\/wp-content\/uploads\/2021\/01\/relatorio-de-marketing-digital-blog.png\",\"articleSection\":[\"Not\\u00edcias\"],\"inLanguage\":\"pt-BR\",\"potentialAction\":[{\"@type\":\"CommentAction\",\"name\":\"Comment\",\"target\":[\"https:\/\/tribunadapraia.com.br\/?p=2154#respond\"]}]},{\"@type\":\"Person\",\"@id\":\"https:\/\/tribunadapraia.com.br\/#\/schema\/person\/099fbbf59acc5895c0d7d52b4fc46c97\",\"name\":\"Reda\\u00e7\\u00e3o\",\"image\":{\"@type\":\"ImageObject\",\"@id\":\"https:\/\/tribunadapraia.com.br\/#personlogo\",\"inLanguage\":\"pt-BR\",\"url\":\"https:\/\/secure.gravatar.com\/avatar\/91c8b91d2bfd7784eac5c3e055361f64?s=96&d=identicon&r=g\",\"contentUrl\":\"https:\/\/secure.gravatar.com\/avatar\/91c8b91d2bfd7784eac5c3e055361f64?s=96&d=identicon&r=g\",\"caption\":\"Reda\\u00e7\\u00e3o\"}}]}<\/script>\n<!-- \/ Yoast SEO plugin. -->","wps_subtitle":"","_links":{"self":[{"href":"https:\/\/tribunadapraia.com.br\/index.php?rest_route=\/wp\/v2\/posts\/2154"}],"collection":[{"href":"https:\/\/tribunadapraia.com.br\/index.php?rest_route=\/wp\/v2\/posts"}],"about":[{"href":"https:\/\/tribunadapraia.com.br\/index.php?rest_route=\/wp\/v2\/types\/post"}],"author":[{"embeddable":true,"href":"https:\/\/tribunadapraia.com.br\/index.php?rest_route=\/wp\/v2\/users\/3"}],"replies":[{"embeddable":true,"href":"https:\/\/tribunadapraia.com.br\/index.php?rest_route=%2Fwp%2Fv2%2Fcomments&post=2154"}],"version-history":[{"count":1,"href":"https:\/\/tribunadapraia.com.br\/index.php?rest_route=\/wp\/v2\/posts\/2154\/revisions"}],"predecessor-version":[{"id":2156,"href":"https:\/\/tribunadapraia.com.br\/index.php?rest_route=\/wp\/v2\/posts\/2154\/revisions\/2156"}],"wp:featuredmedia":[{"embeddable":true,"href":"https:\/\/tribunadapraia.com.br\/index.php?rest_route=\/wp\/v2\/media\/2155"}],"wp:attachment":[{"href":"https:\/\/tribunadapraia.com.br\/index.php?rest_route=%2Fwp%2Fv2%2Fmedia&parent=2154"}],"wp:term":[{"taxonomy":"category","embeddable":true,"href":"https:\/\/tribunadapraia.com.br\/index.php?rest_route=%2Fwp%2Fv2%2Fcategories&post=2154"},{"taxonomy":"post_tag","embeddable":true,"href":"https:\/\/tribunadapraia.com.br\/index.php?rest_route=%2Fwp%2Fv2%2Ftags&post=2154"}],"curies":[{"name":"wp","href":"https:\/\/api.w.org\/{rel}","templated":true}]}}