{"id":2151,"date":"2021-01-15T18:00:35","date_gmt":"2021-01-15T21:00:35","guid":{"rendered":"https:\/\/tribunadapraia.com.br\/?p=2151"},"modified":"2021-01-15T18:01:43","modified_gmt":"2021-01-15T21:01:43","slug":"vai-ter-festa-no-canal-nota-de-esclarecimento-em-resposta-a-materia-aqui-publicada","status":"publish","type":"post","link":"https:\/\/tribunadapraia.com.br\/?p=2151","title":{"rendered":"Vai ter FESTA NO CANAL: Nota de esclarecimento em resposta a mat\u00e9ria aqui publicada"},"content":{"rendered":"<p>Informo que at\u00e9 o momento, a Par\u00f3quia Santa Luzia e S\u00e3o Benedito, a qual \u00e9 respons\u00e1vel pelos cuidados da Capela dedicada ao m\u00e1rtir S\u00e3o Sebasti\u00e3o, n\u00e3o emitiu nenhuma nota acerca do cancelamento da festa (1).. A festa inicia no pr\u00f3ximo domingo e vai at\u00e9 o a pr\u00f3xima quarta-feira, obedecendo os par\u00e2metros sanit\u00e1rios.<\/p>\n<p>por Duque Robert<\/p>\n<p>(1) No CANAL, cancelada Festa de S\u00e3o Sebasti\u00e3o, padroeiro da comunidade<\/p>\n<p>\u25a0 Nota da Reda\u00e7\u00e3o:<\/p>\n<p>A Tribuna da Praia esclarece que obteve esta informa\u00e7\u00e3o junto a fi\u00e9is da comunidade do Canal de S\u00e3o Sebasti\u00e3o, dianre da incerteza sobre a realiza\u00e7\u00e3o da festa, mas de qualquer forna, vale a informa\u00e7\u00e3o da Par\u00f3quia, acima publicada.<\/p>\n","protected":false},"excerpt":{"rendered":"<p>Informo que at\u00e9 o momento, a Par\u00f3quia Santa Luzia e S\u00e3o Benedito, a qual \u00e9 respons\u00e1vel pelos cuidados da Capela dedicada ao m\u00e1rtir S\u00e3o Sebasti\u00e3o, n\u00e3o emitiu nenhuma nota acerca do cancelamento da festa (1).. A festa inicia no pr\u00f3ximo domingo e vai at\u00e9 o a pr\u00f3xima quarta-feira, obedecendo os par\u00e2metros sanit\u00e1rios. por Duque Robert (1) No CANAL, cancelada Festa de S\u00e3o Sebasti\u00e3o, padroeiro da comunidade \u25a0 Nota da Reda\u00e7\u00e3o:<\/p>\n","protected":false},"author":1,"featured_media":2152,"comment_status":"open","ping_status":"open","sticky":false,"template":"","format":"standard","meta":[],"categories":[18],"tags":[],"yoast_head":"<!-- This site is optimized with the Yoast SEO plugin v16.3 - https:\/\/yoast.com\/wordpress\/plugins\/seo\/ -->\n<title>Vai ter FESTA NO CANAL: Nota de esclarecimento em resposta a mat\u00e9ria aqui publicada - TRIBUNA DA PRAIA<\/title>\n<meta name=\"robots\" content=\"index, follow, max-snippet:-1, max-image-preview:large, max-video-preview:-1\" \/>\n<link rel=\"canonical\" href=\"https:\/\/tribunadapraia.com.br\/?p=2151\" \/>\n<meta property=\"og:locale\" content=\"pt_BR\" \/>\n<meta property=\"og:type\" content=\"article\" \/>\n<meta property=\"og:title\" content=\"Vai ter FESTA NO CANAL: Nota de esclarecimento em resposta a mat\u00e9ria aqui publicada - TRIBUNA DA PRAIA\" \/>\n<meta property=\"og:description\" content=\"Informo que at\u00e9 o momento, a Par\u00f3quia Santa Luzia e S\u00e3o Benedito, a qual \u00e9 respons\u00e1vel pelos cuidados da Capela dedicada ao m\u00e1rtir S\u00e3o Sebasti\u00e3o, n\u00e3o emitiu nenhuma nota acerca do cancelamento da festa (1).. A festa inicia no pr\u00f3ximo domingo e vai at\u00e9 o a pr\u00f3xima quarta-feira, obedecendo os par\u00e2metros sanit\u00e1rios. por Duque Robert (1) No CANAL, cancelada Festa de S\u00e3o Sebasti\u00e3o, padroeiro da comunidade \u25a0 Nota da Reda\u00e7\u00e3o:\" \/>\n<meta property=\"og:url\" content=\"https:\/\/tribunadapraia.com.br\/?p=2151\" \/>\n<meta property=\"og:site_name\" content=\"TRIBUNA DA PRAIA\" \/>\n<meta property=\"article:publisher\" content=\"https:\/\/www.facebook.com\/tribunadapraiaonline\/\" \/>\n<meta property=\"article:published_time\" content=\"2021-01-15T21:00:35+00:00\" \/>\n<meta property=\"article:modified_time\" content=\"2021-01-15T21:01:43+00:00\" \/>\n<meta property=\"og:image\" content=\"https:\/\/tribunadapraia.com.br\/wp-content\/uploads\/2021\/01\/IMG-20210115-WA0073.jpg\" \/>\n\t<meta property=\"og:image:width\" content=\"451\" \/>\n\t<meta property=\"og:image:height\" content=\"296\" \/>\n<meta name=\"twitter:card\" content=\"summary_large_image\" \/>\n<meta name=\"twitter:creator\" content=\"@Claudomir21\" \/>\n<meta name=\"twitter:site\" content=\"@Claudomir21\" \/>\n<meta name=\"twitter:label1\" content=\"Est. tempo de leitura\">\n\t<meta name=\"twitter:data1\" content=\"1 minuto\">\n<script type=\"application\/ld+json\" class=\"yoast-schema-graph\">{\"@context\":\"https:\/\/schema.org\",\"@graph\":[{\"@type\":\"Organization\",\"@id\":\"https:\/\/tribunadapraia.com.br\/#organization\",\"name\":\"Tribuna da Praia\",\"url\":\"https:\/\/tribunadapraia.com.br\/\",\"sameAs\":[\"https:\/\/www.facebook.com\/tribunadapraiaonline\/\",\"https:\/\/www.instagram.com\/claudomirtavares\/\",\"https:\/\/www.youtube.com\/channel\/UCwQf80nxiMzCefAyjbp53Rw\",\"https:\/\/twitter.com\/Claudomir21\"],\"logo\":{\"@type\":\"ImageObject\",\"@id\":\"https:\/\/tribunadapraia.com.br\/#logo\",\"inLanguage\":\"pt-BR\",\"url\":\"https:\/\/tribunadapraia.com.br\/wp-content\/uploads\/2020\/02\/logo.png\",\"contentUrl\":\"https:\/\/tribunadapraia.com.br\/wp-content\/uploads\/2020\/02\/logo.png\",\"width\":501,\"height\":121,\"caption\":\"Tribuna da Praia\"},\"image\":{\"@id\":\"https:\/\/tribunadapraia.com.br\/#logo\"}},{\"@type\":\"WebSite\",\"@id\":\"https:\/\/tribunadapraia.com.br\/#website\",\"url\":\"https:\/\/tribunadapraia.com.br\/\",\"name\":\"TRIBUNA DA PRAIA\",\"description\":\"O 1\\u00ba jornal do interior de Sergipe na internet\",\"publisher\":{\"@id\":\"https:\/\/tribunadapraia.com.br\/#organization\"},\"potentialAction\":[{\"@type\":\"SearchAction\",\"target\":\"https:\/\/tribunadapraia.com.br\/?s={search_term_string}\",\"query-input\":\"required name=search_term_string\"}],\"inLanguage\":\"pt-BR\"},{\"@type\":\"ImageObject\",\"@id\":\"https:\/\/tribunadapraia.com.br\/?p=2151#primaryimage\",\"inLanguage\":\"pt-BR\",\"url\":\"https:\/\/tribunadapraia.com.br\/wp-content\/uploads\/2021\/01\/IMG-20210115-WA0073.jpg\",\"contentUrl\":\"https:\/\/tribunadapraia.com.br\/wp-content\/uploads\/2021\/01\/IMG-20210115-WA0073.jpg\",\"width\":451,\"height\":296},{\"@type\":\"WebPage\",\"@id\":\"https:\/\/tribunadapraia.com.br\/?p=2151#webpage\",\"url\":\"https:\/\/tribunadapraia.com.br\/?p=2151\",\"name\":\"Vai ter FESTA NO CANAL: Nota de esclarecimento em resposta a mat\\u00e9ria aqui publicada - TRIBUNA DA PRAIA\",\"isPartOf\":{\"@id\":\"https:\/\/tribunadapraia.com.br\/#website\"},\"primaryImageOfPage\":{\"@id\":\"https:\/\/tribunadapraia.com.br\/?p=2151#primaryimage\"},\"datePublished\":\"2021-01-15T21:00:35+00:00\",\"dateModified\":\"2021-01-15T21:01:43+00:00\",\"breadcrumb\":{\"@id\":\"https:\/\/tribunadapraia.com.br\/?p=2151#breadcrumb\"},\"inLanguage\":\"pt-BR\",\"potentialAction\":[{\"@type\":\"ReadAction\",\"target\":[\"https:\/\/tribunadapraia.com.br\/?p=2151\"]}]},{\"@type\":\"BreadcrumbList\",\"@id\":\"https:\/\/tribunadapraia.com.br\/?p=2151#breadcrumb\",\"itemListElement\":[{\"@type\":\"ListItem\",\"position\":1,\"item\":{\"@type\":\"WebPage\",\"@id\":\"https:\/\/tribunadapraia.com.br\/\",\"url\":\"https:\/\/tribunadapraia.com.br\/\",\"name\":\"In\\u00edcio\"}},{\"@type\":\"ListItem\",\"position\":2,\"item\":{\"@id\":\"https:\/\/tribunadapraia.com.br\/?p=2151#webpage\"}}]},{\"@type\":\"Article\",\"@id\":\"https:\/\/tribunadapraia.com.br\/?p=2151#article\",\"isPartOf\":{\"@id\":\"https:\/\/tribunadapraia.com.br\/?p=2151#webpage\"},\"author\":{\"@id\":\"https:\/\/tribunadapraia.com.br\/#\/schema\/person\/326b0a9f3163b479142c64eba4928de0\"},\"headline\":\"Vai ter FESTA NO CANAL: Nota de esclarecimento em resposta a mat\\u00e9ria aqui publicada\",\"datePublished\":\"2021-01-15T21:00:35+00:00\",\"dateModified\":\"2021-01-15T21:01:43+00:00\",\"mainEntityOfPage\":{\"@id\":\"https:\/\/tribunadapraia.com.br\/?p=2151#webpage\"},\"wordCount\":140,\"commentCount\":0,\"publisher\":{\"@id\":\"https:\/\/tribunadapraia.com.br\/#organization\"},\"image\":{\"@id\":\"https:\/\/tribunadapraia.com.br\/?p=2151#primaryimage\"},\"thumbnailUrl\":\"https:\/\/tribunadapraia.com.br\/wp-content\/uploads\/2021\/01\/IMG-20210115-WA0073.jpg\",\"articleSection\":[\"Not\\u00edcias\"],\"inLanguage\":\"pt-BR\",\"potentialAction\":[{\"@type\":\"CommentAction\",\"name\":\"Comment\",\"target\":[\"https:\/\/tribunadapraia.com.br\/?p=2151#respond\"]}]},{\"@type\":\"Person\",\"@id\":\"https:\/\/tribunadapraia.com.br\/#\/schema\/person\/326b0a9f3163b479142c64eba4928de0\",\"name\":\"tribunadapraia\",\"image\":{\"@type\":\"ImageObject\",\"@id\":\"https:\/\/tribunadapraia.com.br\/#personlogo\",\"inLanguage\":\"pt-BR\",\"url\":\"https:\/\/secure.gravatar.com\/avatar\/38b019c74762496076b7355024a0dad9?s=96&d=identicon&r=g\",\"contentUrl\":\"https:\/\/secure.gravatar.com\/avatar\/38b019c74762496076b7355024a0dad9?s=96&d=identicon&r=g\",\"caption\":\"tribunadapraia\"}}]}<\/script>\n<!-- \/ Yoast SEO plugin. -->","wps_subtitle":"","_links":{"self":[{"href":"https:\/\/tribunadapraia.com.br\/index.php?rest_route=\/wp\/v2\/posts\/2151"}],"collection":[{"href":"https:\/\/tribunadapraia.com.br\/index.php?rest_route=\/wp\/v2\/posts"}],"about":[{"href":"https:\/\/tribunadapraia.com.br\/index.php?rest_route=\/wp\/v2\/types\/post"}],"author":[{"embeddable":true,"href":"https:\/\/tribunadapraia.com.br\/index.php?rest_route=\/wp\/v2\/users\/1"}],"replies":[{"embeddable":true,"href":"https:\/\/tribunadapraia.com.br\/index.php?rest_route=%2Fwp%2Fv2%2Fcomments&post=2151"}],"version-history":[{"count":1,"href":"https:\/\/tribunadapraia.com.br\/index.php?rest_route=\/wp\/v2\/posts\/2151\/revisions"}],"predecessor-version":[{"id":2153,"href":"https:\/\/tribunadapraia.com.br\/index.php?rest_route=\/wp\/v2\/posts\/2151\/revisions\/2153"}],"wp:featuredmedia":[{"embeddable":true,"href":"https:\/\/tribunadapraia.com.br\/index.php?rest_route=\/wp\/v2\/media\/2152"}],"wp:attachment":[{"href":"https:\/\/tribunadapraia.com.br\/index.php?rest_route=%2Fwp%2Fv2%2Fmedia&parent=2151"}],"wp:term":[{"taxonomy":"category","embeddable":true,"href":"https:\/\/tribunadapraia.com.br\/index.php?rest_route=%2Fwp%2Fv2%2Fcategories&post=2151"},{"taxonomy":"post_tag","embeddable":true,"href":"https:\/\/tribunadapraia.com.br\/index.php?rest_route=%2Fwp%2Fv2%2Ftags&post=2151"}],"curies":[{"name":"wp","href":"https:\/\/api.w.org\/{rel}","templated":true}]}}