{"id":2131,"date":"2021-01-15T08:44:05","date_gmt":"2021-01-15T11:44:05","guid":{"rendered":"https:\/\/tribunadapraia.com.br\/?p=2131"},"modified":"2021-01-15T08:44:05","modified_gmt":"2021-01-15T11:44:05","slug":"tribunadapraia-com-br-o-1-jornal-do-interior-de-sergipe-na-internet","status":"publish","type":"post","link":"https:\/\/tribunadapraia.com.br\/?p=2131","title":{"rendered":"TRIBUNADAPRAIA.com.br: O 1\u00b0 jornal do interior de Sergipe na internet"},"content":{"rendered":"<p>No ar desde 24 de abril de 2004, o site da Tribuna da Praia esart\u00e1 completando 17 anos no ar, sendo o 1\u00aa jornal do interior de Sergipe na internet. Fundada em 23 de agosto de 1983, a Tribuna da Praia \u00e9 uma metamorfose na imprensa sergipana, nunca baixando a guarda, na trincheira da liberdade de express\u00e3o.<\/p>\n<p>Nosso lema:<\/p>\n<p>&#8220;A fun\u00e7\u00e3o da imprensa \u00e9 ser o c\u00e3o-de-guarda, o denunciador incans\u00e1vel dos opressores, o olho onipresente e a boca onipresente do esp\u00edrito do povo que guarda com ci\u00fame sua liberdade. [&#8230;] O dever da imprensa \u00e9 tomar a palavra em favor dos oprimidos a sua volta. [&#8230;] O primeiro dever da imprensa \u00e9 minar todas as bases do sistema pol\u00edtico existente.&#8221; (Karl Marx).<\/p>\n<p>Gratid\u00e3o<\/p>\n<p>Muito obrigado aos nossos leitores, antes da edi\u00e7\u00e3o impressa, atualmente online e digital.<\/p>\n<p>ClaudOmir Herzog<br \/>\nDiretor-Fundador<\/p>\n","protected":false},"excerpt":{"rendered":"<p>No ar desde 24 de abril de 2004, o site da Tribuna da Praia esart\u00e1 completando 17 anos no ar, sendo o 1\u00aa jornal do interior de Sergipe na internet. Fundada em 23 de agosto de 1983, a Tribuna da Praia \u00e9 uma metamorfose na imprensa sergipana, nunca baixando a guarda, na trincheira da liberdade de express\u00e3o. Nosso lema: &#8220;A fun\u00e7\u00e3o da imprensa \u00e9 ser o c\u00e3o-de-guarda, o denunciador incans\u00e1vel<\/p>\n","protected":false},"author":3,"featured_media":1271,"comment_status":"open","ping_status":"open","sticky":false,"template":"","format":"standard","meta":[],"categories":[18],"tags":[],"yoast_head":"<!-- This site is optimized with the Yoast SEO plugin v16.3 - https:\/\/yoast.com\/wordpress\/plugins\/seo\/ -->\n<title>TRIBUNADAPRAIA.com.br: O 1\u00b0 jornal do interior de Sergipe na internet - TRIBUNA DA PRAIA<\/title>\n<meta name=\"robots\" content=\"index, follow, max-snippet:-1, max-image-preview:large, max-video-preview:-1\" \/>\n<link rel=\"canonical\" href=\"https:\/\/tribunadapraia.com.br\/?p=2131\" \/>\n<meta property=\"og:locale\" content=\"pt_BR\" \/>\n<meta property=\"og:type\" content=\"article\" \/>\n<meta property=\"og:title\" content=\"TRIBUNADAPRAIA.com.br: O 1\u00b0 jornal do interior de Sergipe na internet - TRIBUNA DA PRAIA\" \/>\n<meta property=\"og:description\" content=\"No ar desde 24 de abril de 2004, o site da Tribuna da Praia esart\u00e1 completando 17 anos no ar, sendo o 1\u00aa jornal do interior de Sergipe na internet. Fundada em 23 de agosto de 1983, a Tribuna da Praia \u00e9 uma metamorfose na imprensa sergipana, nunca baixando a guarda, na trincheira da liberdade de express\u00e3o. Nosso lema: &#8220;A fun\u00e7\u00e3o da imprensa \u00e9 ser o c\u00e3o-de-guarda, o denunciador incans\u00e1vel\" \/>\n<meta property=\"og:url\" content=\"https:\/\/tribunadapraia.com.br\/?p=2131\" \/>\n<meta property=\"og:site_name\" content=\"TRIBUNA DA PRAIA\" \/>\n<meta property=\"article:publisher\" content=\"https:\/\/www.facebook.com\/tribunadapraiaonline\/\" \/>\n<meta property=\"article:published_time\" content=\"2021-01-15T11:44:05+00:00\" \/>\n<meta property=\"og:image\" content=\"https:\/\/tribunadapraia.com.br\/wp-content\/uploads\/2020\/05\/IMG-20200329-WA0124.jpg\" \/>\n\t<meta property=\"og:image:width\" content=\"430\" \/>\n\t<meta property=\"og:image:height\" content=\"430\" \/>\n<meta name=\"twitter:card\" content=\"summary_large_image\" \/>\n<meta name=\"twitter:creator\" content=\"@Claudomir21\" \/>\n<meta name=\"twitter:site\" content=\"@Claudomir21\" \/>\n<meta name=\"twitter:label1\" content=\"Est. tempo de leitura\">\n\t<meta name=\"twitter:data1\" content=\"1 minuto\">\n<script type=\"application\/ld+json\" class=\"yoast-schema-graph\">{\"@context\":\"https:\/\/schema.org\",\"@graph\":[{\"@type\":\"Organization\",\"@id\":\"https:\/\/tribunadapraia.com.br\/#organization\",\"name\":\"Tribuna da Praia\",\"url\":\"https:\/\/tribunadapraia.com.br\/\",\"sameAs\":[\"https:\/\/www.facebook.com\/tribunadapraiaonline\/\",\"https:\/\/www.instagram.com\/claudomirtavares\/\",\"https:\/\/www.youtube.com\/channel\/UCwQf80nxiMzCefAyjbp53Rw\",\"https:\/\/twitter.com\/Claudomir21\"],\"logo\":{\"@type\":\"ImageObject\",\"@id\":\"https:\/\/tribunadapraia.com.br\/#logo\",\"inLanguage\":\"pt-BR\",\"url\":\"https:\/\/tribunadapraia.com.br\/wp-content\/uploads\/2020\/02\/logo.png\",\"contentUrl\":\"https:\/\/tribunadapraia.com.br\/wp-content\/uploads\/2020\/02\/logo.png\",\"width\":501,\"height\":121,\"caption\":\"Tribuna da Praia\"},\"image\":{\"@id\":\"https:\/\/tribunadapraia.com.br\/#logo\"}},{\"@type\":\"WebSite\",\"@id\":\"https:\/\/tribunadapraia.com.br\/#website\",\"url\":\"https:\/\/tribunadapraia.com.br\/\",\"name\":\"TRIBUNA DA PRAIA\",\"description\":\"O 1\\u00ba jornal do interior de Sergipe na internet\",\"publisher\":{\"@id\":\"https:\/\/tribunadapraia.com.br\/#organization\"},\"potentialAction\":[{\"@type\":\"SearchAction\",\"target\":\"https:\/\/tribunadapraia.com.br\/?s={search_term_string}\",\"query-input\":\"required name=search_term_string\"}],\"inLanguage\":\"pt-BR\"},{\"@type\":\"ImageObject\",\"@id\":\"https:\/\/tribunadapraia.com.br\/?p=2131#primaryimage\",\"inLanguage\":\"pt-BR\",\"url\":\"https:\/\/tribunadapraia.com.br\/wp-content\/uploads\/2020\/05\/IMG-20200329-WA0124.jpg\",\"contentUrl\":\"https:\/\/tribunadapraia.com.br\/wp-content\/uploads\/2020\/05\/IMG-20200329-WA0124.jpg\",\"width\":430,\"height\":430},{\"@type\":\"WebPage\",\"@id\":\"https:\/\/tribunadapraia.com.br\/?p=2131#webpage\",\"url\":\"https:\/\/tribunadapraia.com.br\/?p=2131\",\"name\":\"TRIBUNADAPRAIA.com.br: O 1\\u00b0 jornal do interior de Sergipe na internet - TRIBUNA DA PRAIA\",\"isPartOf\":{\"@id\":\"https:\/\/tribunadapraia.com.br\/#website\"},\"primaryImageOfPage\":{\"@id\":\"https:\/\/tribunadapraia.com.br\/?p=2131#primaryimage\"},\"datePublished\":\"2021-01-15T11:44:05+00:00\",\"dateModified\":\"2021-01-15T11:44:05+00:00\",\"breadcrumb\":{\"@id\":\"https:\/\/tribunadapraia.com.br\/?p=2131#breadcrumb\"},\"inLanguage\":\"pt-BR\",\"potentialAction\":[{\"@type\":\"ReadAction\",\"target\":[\"https:\/\/tribunadapraia.com.br\/?p=2131\"]}]},{\"@type\":\"BreadcrumbList\",\"@id\":\"https:\/\/tribunadapraia.com.br\/?p=2131#breadcrumb\",\"itemListElement\":[{\"@type\":\"ListItem\",\"position\":1,\"item\":{\"@type\":\"WebPage\",\"@id\":\"https:\/\/tribunadapraia.com.br\/\",\"url\":\"https:\/\/tribunadapraia.com.br\/\",\"name\":\"In\\u00edcio\"}},{\"@type\":\"ListItem\",\"position\":2,\"item\":{\"@id\":\"https:\/\/tribunadapraia.com.br\/?p=2131#webpage\"}}]},{\"@type\":\"Article\",\"@id\":\"https:\/\/tribunadapraia.com.br\/?p=2131#article\",\"isPartOf\":{\"@id\":\"https:\/\/tribunadapraia.com.br\/?p=2131#webpage\"},\"author\":{\"@id\":\"https:\/\/tribunadapraia.com.br\/#\/schema\/person\/099fbbf59acc5895c0d7d52b4fc46c97\"},\"headline\":\"TRIBUNADAPRAIA.com.br: O 1\\u00b0 jornal do interior de Sergipe na internet\",\"datePublished\":\"2021-01-15T11:44:05+00:00\",\"dateModified\":\"2021-01-15T11:44:05+00:00\",\"mainEntityOfPage\":{\"@id\":\"https:\/\/tribunadapraia.com.br\/?p=2131#webpage\"},\"wordCount\":147,\"commentCount\":0,\"publisher\":{\"@id\":\"https:\/\/tribunadapraia.com.br\/#organization\"},\"image\":{\"@id\":\"https:\/\/tribunadapraia.com.br\/?p=2131#primaryimage\"},\"thumbnailUrl\":\"https:\/\/tribunadapraia.com.br\/wp-content\/uploads\/2020\/05\/IMG-20200329-WA0124.jpg\",\"articleSection\":[\"Not\\u00edcias\"],\"inLanguage\":\"pt-BR\",\"potentialAction\":[{\"@type\":\"CommentAction\",\"name\":\"Comment\",\"target\":[\"https:\/\/tribunadapraia.com.br\/?p=2131#respond\"]}]},{\"@type\":\"Person\",\"@id\":\"https:\/\/tribunadapraia.com.br\/#\/schema\/person\/099fbbf59acc5895c0d7d52b4fc46c97\",\"name\":\"Reda\\u00e7\\u00e3o\",\"image\":{\"@type\":\"ImageObject\",\"@id\":\"https:\/\/tribunadapraia.com.br\/#personlogo\",\"inLanguage\":\"pt-BR\",\"url\":\"https:\/\/secure.gravatar.com\/avatar\/91c8b91d2bfd7784eac5c3e055361f64?s=96&d=identicon&r=g\",\"contentUrl\":\"https:\/\/secure.gravatar.com\/avatar\/91c8b91d2bfd7784eac5c3e055361f64?s=96&d=identicon&r=g\",\"caption\":\"Reda\\u00e7\\u00e3o\"}}]}<\/script>\n<!-- \/ Yoast SEO plugin. -->","wps_subtitle":"","_links":{"self":[{"href":"https:\/\/tribunadapraia.com.br\/index.php?rest_route=\/wp\/v2\/posts\/2131"}],"collection":[{"href":"https:\/\/tribunadapraia.com.br\/index.php?rest_route=\/wp\/v2\/posts"}],"about":[{"href":"https:\/\/tribunadapraia.com.br\/index.php?rest_route=\/wp\/v2\/types\/post"}],"author":[{"embeddable":true,"href":"https:\/\/tribunadapraia.com.br\/index.php?rest_route=\/wp\/v2\/users\/3"}],"replies":[{"embeddable":true,"href":"https:\/\/tribunadapraia.com.br\/index.php?rest_route=%2Fwp%2Fv2%2Fcomments&post=2131"}],"version-history":[{"count":1,"href":"https:\/\/tribunadapraia.com.br\/index.php?rest_route=\/wp\/v2\/posts\/2131\/revisions"}],"predecessor-version":[{"id":2132,"href":"https:\/\/tribunadapraia.com.br\/index.php?rest_route=\/wp\/v2\/posts\/2131\/revisions\/2132"}],"wp:featuredmedia":[{"embeddable":true,"href":"https:\/\/tribunadapraia.com.br\/index.php?rest_route=\/wp\/v2\/media\/1271"}],"wp:attachment":[{"href":"https:\/\/tribunadapraia.com.br\/index.php?rest_route=%2Fwp%2Fv2%2Fmedia&parent=2131"}],"wp:term":[{"taxonomy":"category","embeddable":true,"href":"https:\/\/tribunadapraia.com.br\/index.php?rest_route=%2Fwp%2Fv2%2Fcategories&post=2131"},{"taxonomy":"post_tag","embeddable":true,"href":"https:\/\/tribunadapraia.com.br\/index.php?rest_route=%2Fwp%2Fv2%2Ftags&post=2131"}],"curies":[{"name":"wp","href":"https:\/\/api.w.org\/{rel}","templated":true}]}}