{"id":2124,"date":"2021-01-14T22:51:24","date_gmt":"2021-01-15T01:51:24","guid":{"rendered":"https:\/\/tribunadapraia.com.br\/?p=2124"},"modified":"2021-01-14T22:51:24","modified_gmt":"2021-01-15T01:51:24","slug":"dobradinha-irmaos-airton-e-adailton-devem-disputar-mandatos-de-deputados-federal-e-estadual","status":"publish","type":"post","link":"https:\/\/tribunadapraia.com.br\/?p=2124","title":{"rendered":"Dobradinha: Irm\u00e3os Airton e Adailton devem disputar mandatos de deputados federal e estadual."},"content":{"rendered":"<p>Com elevados \u00edndices de popularidade, o ex-prefeito de Barra dos Coqueiros Airton Martins (PSD) ajudou a eleger em 2018 o irm\u00e3o Adailton Martins (PSD) o primriro deputado estadual com base eleitoral l no munic\u00edpio e em 2020, Alberto Macedo (MDB) a retornar a Prefeitura, apoip condicionado a presen\u00e7a do sobrinho, Adailton Filho (PSD), vice-prefeito. O projeto famuliar dos Martins passa pelo apoio que ter\u00e1 do grupo na Ilha de Santa Luzia, retribuindo na reelei\u00e7\u00e3o do atual prefeito, em 2024.<\/p>\n<p><img loading=\"lazy\" class=\"alignnone size-medium wp-image-2126\" src=\"https:\/\/tribunadapraia.com.br\/wp-content\/uploads\/2021\/01\/IMG-20210114-WA0070-300x201.jpg\" alt=\"\" width=\"300\" height=\"201\" srcset=\"https:\/\/tribunadapraia.com.br\/wp-content\/uploads\/2021\/01\/IMG-20210114-WA0070-300x200.jpg 300w, https:\/\/tribunadapraia.com.br\/wp-content\/uploads\/2021\/01\/IMG-20210114-WA0070-768x514.jpg 768w, https:\/\/tribunadapraia.com.br\/wp-content\/uploads\/2021\/01\/IMG-20210114-WA0070-600x400.jpg 600w, https:\/\/tribunadapraia.com.br\/wp-content\/uploads\/2021\/01\/IMG-20210114-WA0070-272x182.jpg 272w, https:\/\/tribunadapraia.com.br\/wp-content\/uploads\/2021\/01\/IMG-20210114-WA0070.jpg 800w\" sizes=\"(max-width: 300px) 100vw, 300px\" \/><\/p>\n<p>A vari\u00e1vel mais prov\u00e1vel de Airton \u00e9 que a disputa para a C\u00e2nara Fedetal seria para fortalecimento da legenda do partido, que precisaria do seu esp\u00f3lio eleitoral para alcan\u00e7ar coeficiente que assegure a elei\u00e7\u00e3o de um nome e ajudar na reelei\u00e7\u00e3o do irm\u00e3o, mas esta estrat\u00e9gia poder\u00e1 se mostrar equivocada, ou mal calculada, uma vez que dificultaria outras dobradinhas e a celebra\u00e7\u00e3o de acordos de Adailtpn em outras regi\u00f5es de Sergipe, fato que os levar\u00e3o a repensar os pragm\u00e1ticos pol\u00edticos barracoqueirenses, a rever progn\u00f3sticos.<\/p>\n<p>por ClaudOmir Herzog<\/p>\n","protected":false},"excerpt":{"rendered":"<p>Com elevados \u00edndices de popularidade, o ex-prefeito de Barra dos Coqueiros Airton Martins (PSD) ajudou a eleger em 2018 o irm\u00e3o Adailton Martins (PSD) o primriro deputado estadual com base eleitoral l no munic\u00edpio e em 2020, Alberto Macedo (MDB) a retornar a Prefeitura, apoip condicionado a presen\u00e7a do sobrinho, Adailton Filho (PSD), vice-prefeito. O projeto famuliar dos Martins passa pelo apoio que ter\u00e1 do grupo na Ilha de Santa<\/p>\n","protected":false},"author":3,"featured_media":2125,"comment_status":"open","ping_status":"open","sticky":false,"template":"","format":"standard","meta":[],"categories":[18],"tags":[],"yoast_head":"<!-- This site is optimized with the Yoast SEO plugin v16.3 - https:\/\/yoast.com\/wordpress\/plugins\/seo\/ -->\n<title>Dobradinha: Irm\u00e3os Airton e Adailton devem disputar mandatos de deputados federal e estadual. - TRIBUNA DA PRAIA<\/title>\n<meta name=\"robots\" content=\"index, follow, max-snippet:-1, max-image-preview:large, max-video-preview:-1\" \/>\n<link rel=\"canonical\" href=\"https:\/\/tribunadapraia.com.br\/?p=2124\" \/>\n<meta property=\"og:locale\" content=\"pt_BR\" \/>\n<meta property=\"og:type\" content=\"article\" \/>\n<meta property=\"og:title\" content=\"Dobradinha: Irm\u00e3os Airton e Adailton devem disputar mandatos de deputados federal e estadual. - TRIBUNA DA PRAIA\" \/>\n<meta property=\"og:description\" content=\"Com elevados \u00edndices de popularidade, o ex-prefeito de Barra dos Coqueiros Airton Martins (PSD) ajudou a eleger em 2018 o irm\u00e3o Adailton Martins (PSD) o primriro deputado estadual com base eleitoral l no munic\u00edpio e em 2020, Alberto Macedo (MDB) a retornar a Prefeitura, apoip condicionado a presen\u00e7a do sobrinho, Adailton Filho (PSD), vice-prefeito. O projeto famuliar dos Martins passa pelo apoio que ter\u00e1 do grupo na Ilha de Santa\" \/>\n<meta property=\"og:url\" content=\"https:\/\/tribunadapraia.com.br\/?p=2124\" \/>\n<meta property=\"og:site_name\" content=\"TRIBUNA DA PRAIA\" \/>\n<meta property=\"article:publisher\" content=\"https:\/\/www.facebook.com\/tribunadapraiaonline\/\" \/>\n<meta property=\"article:published_time\" content=\"2021-01-15T01:51:24+00:00\" \/>\n<meta property=\"og:image\" content=\"https:\/\/tribunadapraia.com.br\/wp-content\/uploads\/2021\/01\/IMG-20210114-WA0071.jpg\" \/>\n\t<meta property=\"og:image:width\" content=\"640\" \/>\n\t<meta property=\"og:image:height\" content=\"457\" \/>\n<meta name=\"twitter:card\" content=\"summary_large_image\" \/>\n<meta name=\"twitter:creator\" content=\"@Claudomir21\" \/>\n<meta name=\"twitter:site\" content=\"@Claudomir21\" \/>\n<meta name=\"twitter:label1\" content=\"Est. tempo de leitura\">\n\t<meta name=\"twitter:data1\" content=\"1 minuto\">\n<script type=\"application\/ld+json\" class=\"yoast-schema-graph\">{\"@context\":\"https:\/\/schema.org\",\"@graph\":[{\"@type\":\"Organization\",\"@id\":\"https:\/\/tribunadapraia.com.br\/#organization\",\"name\":\"Tribuna da Praia\",\"url\":\"https:\/\/tribunadapraia.com.br\/\",\"sameAs\":[\"https:\/\/www.facebook.com\/tribunadapraiaonline\/\",\"https:\/\/www.instagram.com\/claudomirtavares\/\",\"https:\/\/www.youtube.com\/channel\/UCwQf80nxiMzCefAyjbp53Rw\",\"https:\/\/twitter.com\/Claudomir21\"],\"logo\":{\"@type\":\"ImageObject\",\"@id\":\"https:\/\/tribunadapraia.com.br\/#logo\",\"inLanguage\":\"pt-BR\",\"url\":\"https:\/\/tribunadapraia.com.br\/wp-content\/uploads\/2020\/02\/logo.png\",\"contentUrl\":\"https:\/\/tribunadapraia.com.br\/wp-content\/uploads\/2020\/02\/logo.png\",\"width\":501,\"height\":121,\"caption\":\"Tribuna da Praia\"},\"image\":{\"@id\":\"https:\/\/tribunadapraia.com.br\/#logo\"}},{\"@type\":\"WebSite\",\"@id\":\"https:\/\/tribunadapraia.com.br\/#website\",\"url\":\"https:\/\/tribunadapraia.com.br\/\",\"name\":\"TRIBUNA DA PRAIA\",\"description\":\"O 1\\u00ba jornal do interior de Sergipe na internet\",\"publisher\":{\"@id\":\"https:\/\/tribunadapraia.com.br\/#organization\"},\"potentialAction\":[{\"@type\":\"SearchAction\",\"target\":\"https:\/\/tribunadapraia.com.br\/?s={search_term_string}\",\"query-input\":\"required name=search_term_string\"}],\"inLanguage\":\"pt-BR\"},{\"@type\":\"ImageObject\",\"@id\":\"https:\/\/tribunadapraia.com.br\/?p=2124#primaryimage\",\"inLanguage\":\"pt-BR\",\"url\":\"https:\/\/tribunadapraia.com.br\/wp-content\/uploads\/2021\/01\/IMG-20210114-WA0071.jpg\",\"contentUrl\":\"https:\/\/tribunadapraia.com.br\/wp-content\/uploads\/2021\/01\/IMG-20210114-WA0071.jpg\",\"width\":640,\"height\":457},{\"@type\":\"WebPage\",\"@id\":\"https:\/\/tribunadapraia.com.br\/?p=2124#webpage\",\"url\":\"https:\/\/tribunadapraia.com.br\/?p=2124\",\"name\":\"Dobradinha: Irm\\u00e3os Airton e Adailton devem disputar mandatos de deputados federal e estadual. - TRIBUNA DA PRAIA\",\"isPartOf\":{\"@id\":\"https:\/\/tribunadapraia.com.br\/#website\"},\"primaryImageOfPage\":{\"@id\":\"https:\/\/tribunadapraia.com.br\/?p=2124#primaryimage\"},\"datePublished\":\"2021-01-15T01:51:24+00:00\",\"dateModified\":\"2021-01-15T01:51:24+00:00\",\"breadcrumb\":{\"@id\":\"https:\/\/tribunadapraia.com.br\/?p=2124#breadcrumb\"},\"inLanguage\":\"pt-BR\",\"potentialAction\":[{\"@type\":\"ReadAction\",\"target\":[\"https:\/\/tribunadapraia.com.br\/?p=2124\"]}]},{\"@type\":\"BreadcrumbList\",\"@id\":\"https:\/\/tribunadapraia.com.br\/?p=2124#breadcrumb\",\"itemListElement\":[{\"@type\":\"ListItem\",\"position\":1,\"item\":{\"@type\":\"WebPage\",\"@id\":\"https:\/\/tribunadapraia.com.br\/\",\"url\":\"https:\/\/tribunadapraia.com.br\/\",\"name\":\"In\\u00edcio\"}},{\"@type\":\"ListItem\",\"position\":2,\"item\":{\"@id\":\"https:\/\/tribunadapraia.com.br\/?p=2124#webpage\"}}]},{\"@type\":\"Article\",\"@id\":\"https:\/\/tribunadapraia.com.br\/?p=2124#article\",\"isPartOf\":{\"@id\":\"https:\/\/tribunadapraia.com.br\/?p=2124#webpage\"},\"author\":{\"@id\":\"https:\/\/tribunadapraia.com.br\/#\/schema\/person\/099fbbf59acc5895c0d7d52b4fc46c97\"},\"headline\":\"Dobradinha: Irm\\u00e3os Airton e Adailton devem disputar mandatos de deputados federal e estadual.\",\"datePublished\":\"2021-01-15T01:51:24+00:00\",\"dateModified\":\"2021-01-15T01:51:24+00:00\",\"mainEntityOfPage\":{\"@id\":\"https:\/\/tribunadapraia.com.br\/?p=2124#webpage\"},\"wordCount\":195,\"commentCount\":0,\"publisher\":{\"@id\":\"https:\/\/tribunadapraia.com.br\/#organization\"},\"image\":{\"@id\":\"https:\/\/tribunadapraia.com.br\/?p=2124#primaryimage\"},\"thumbnailUrl\":\"https:\/\/tribunadapraia.com.br\/wp-content\/uploads\/2021\/01\/IMG-20210114-WA0071.jpg\",\"articleSection\":[\"Not\\u00edcias\"],\"inLanguage\":\"pt-BR\",\"potentialAction\":[{\"@type\":\"CommentAction\",\"name\":\"Comment\",\"target\":[\"https:\/\/tribunadapraia.com.br\/?p=2124#respond\"]}]},{\"@type\":\"Person\",\"@id\":\"https:\/\/tribunadapraia.com.br\/#\/schema\/person\/099fbbf59acc5895c0d7d52b4fc46c97\",\"name\":\"Reda\\u00e7\\u00e3o\",\"image\":{\"@type\":\"ImageObject\",\"@id\":\"https:\/\/tribunadapraia.com.br\/#personlogo\",\"inLanguage\":\"pt-BR\",\"url\":\"https:\/\/secure.gravatar.com\/avatar\/91c8b91d2bfd7784eac5c3e055361f64?s=96&d=identicon&r=g\",\"contentUrl\":\"https:\/\/secure.gravatar.com\/avatar\/91c8b91d2bfd7784eac5c3e055361f64?s=96&d=identicon&r=g\",\"caption\":\"Reda\\u00e7\\u00e3o\"}}]}<\/script>\n<!-- \/ Yoast SEO plugin. -->","wps_subtitle":"","_links":{"self":[{"href":"https:\/\/tribunadapraia.com.br\/index.php?rest_route=\/wp\/v2\/posts\/2124"}],"collection":[{"href":"https:\/\/tribunadapraia.com.br\/index.php?rest_route=\/wp\/v2\/posts"}],"about":[{"href":"https:\/\/tribunadapraia.com.br\/index.php?rest_route=\/wp\/v2\/types\/post"}],"author":[{"embeddable":true,"href":"https:\/\/tribunadapraia.com.br\/index.php?rest_route=\/wp\/v2\/users\/3"}],"replies":[{"embeddable":true,"href":"https:\/\/tribunadapraia.com.br\/index.php?rest_route=%2Fwp%2Fv2%2Fcomments&post=2124"}],"version-history":[{"count":1,"href":"https:\/\/tribunadapraia.com.br\/index.php?rest_route=\/wp\/v2\/posts\/2124\/revisions"}],"predecessor-version":[{"id":2127,"href":"https:\/\/tribunadapraia.com.br\/index.php?rest_route=\/wp\/v2\/posts\/2124\/revisions\/2127"}],"wp:featuredmedia":[{"embeddable":true,"href":"https:\/\/tribunadapraia.com.br\/index.php?rest_route=\/wp\/v2\/media\/2125"}],"wp:attachment":[{"href":"https:\/\/tribunadapraia.com.br\/index.php?rest_route=%2Fwp%2Fv2%2Fmedia&parent=2124"}],"wp:term":[{"taxonomy":"category","embeddable":true,"href":"https:\/\/tribunadapraia.com.br\/index.php?rest_route=%2Fwp%2Fv2%2Fcategories&post=2124"},{"taxonomy":"post_tag","embeddable":true,"href":"https:\/\/tribunadapraia.com.br\/index.php?rest_route=%2Fwp%2Fv2%2Ftags&post=2124"}],"curies":[{"name":"wp","href":"https:\/\/api.w.org\/{rel}","templated":true}]}}