{"id":2121,"date":"2021-01-14T08:56:55","date_gmt":"2021-01-14T11:56:55","guid":{"rendered":"https:\/\/tribunadapraia.com.br\/?p=2121"},"modified":"2021-01-14T08:56:55","modified_gmt":"2021-01-14T11:56:55","slug":"prefeitura-de-pirambu-iniciou-ontem-13-o-pagamento-aos-servidores-municipais","status":"publish","type":"post","link":"https:\/\/tribunadapraia.com.br\/?p=2121","title":{"rendered":"Prefeitura de Pirambu iniciou ontem, 13, o pagamento aos servidores municipais"},"content":{"rendered":"<p>A Prefeitura de Pirambu, atrav\u00e9s da Secretaria de Finan\u00e7as, iniciou o pagamenro do sal\u00e1rio referente ap m\u00ea de dezembro de 2020 aos servidores p\u00fablicos municipais. Ontem, 13, &#8220;foi efetuado o pagamento dos professores e demais servidores da Educa\u00e7\u00e3o&#8221;, informou a jornalista J\u00e9ssica Feitoza, &#8220;tudo indica, ainda n\u00e3o \u00e9 certezal, que os demais servidores de outras secretarias receber\u00e3o hoje, 14&#8221;, complementa a assessora de Comunica\u00e7\u00e3 da PMP.<\/p>\n<p>O avan\u00e7o para janeiro de 2021, ou atraso desses dias, deve-se ao fato da atual gest\u00e3o precisar cadastrar ata de posse, &#8220;aut\u00f3grafos&#8221; (reconhecimento de assinaturas) e \u00e0s novas senhas para a movimenta\u00e7\u00e3o das contas correntes junto \u00e0s intitui\u00e7\u00f5es banc\u00e1rias, etapas pelas quais passaram ou est\u00e3o passando todos os munic\u00edpios brasileiros, mesmo aqueles em que os prefeitos foram reeleitos.<\/p>\n<p>por Claudomir Herzog<\/p>\n","protected":false},"excerpt":{"rendered":"<p>A Prefeitura de Pirambu, atrav\u00e9s da Secretaria de Finan\u00e7as, iniciou o pagamenro do sal\u00e1rio referente ap m\u00ea de dezembro de 2020 aos servidores p\u00fablicos municipais. Ontem, 13, &#8220;foi efetuado o pagamento dos professores e demais servidores da Educa\u00e7\u00e3o&#8221;, informou a jornalista J\u00e9ssica Feitoza, &#8220;tudo indica, ainda n\u00e3o \u00e9 certezal, que os demais servidores de outras secretarias receber\u00e3o hoje, 14&#8221;, complementa a assessora de Comunica\u00e7\u00e3 da PMP. O avan\u00e7o para janeiro<\/p>\n","protected":false},"author":3,"featured_media":2122,"comment_status":"open","ping_status":"open","sticky":false,"template":"","format":"standard","meta":[],"categories":[18],"tags":[],"yoast_head":"<!-- This site is optimized with the Yoast SEO plugin v16.3 - https:\/\/yoast.com\/wordpress\/plugins\/seo\/ -->\n<title>Prefeitura de Pirambu iniciou ontem, 13, o pagamento aos servidores municipais - TRIBUNA DA PRAIA<\/title>\n<meta name=\"robots\" content=\"index, follow, max-snippet:-1, max-image-preview:large, max-video-preview:-1\" \/>\n<link rel=\"canonical\" href=\"https:\/\/tribunadapraia.com.br\/?p=2121\" \/>\n<meta property=\"og:locale\" content=\"pt_BR\" \/>\n<meta property=\"og:type\" content=\"article\" \/>\n<meta property=\"og:title\" content=\"Prefeitura de Pirambu iniciou ontem, 13, o pagamento aos servidores municipais - TRIBUNA DA PRAIA\" \/>\n<meta property=\"og:description\" content=\"A Prefeitura de Pirambu, atrav\u00e9s da Secretaria de Finan\u00e7as, iniciou o pagamenro do sal\u00e1rio referente ap m\u00ea de dezembro de 2020 aos servidores p\u00fablicos municipais. Ontem, 13, &#8220;foi efetuado o pagamento dos professores e demais servidores da Educa\u00e7\u00e3o&#8221;, informou a jornalista J\u00e9ssica Feitoza, &#8220;tudo indica, ainda n\u00e3o \u00e9 certezal, que os demais servidores de outras secretarias receber\u00e3o hoje, 14&#8221;, complementa a assessora de Comunica\u00e7\u00e3 da PMP. O avan\u00e7o para janeiro\" \/>\n<meta property=\"og:url\" content=\"https:\/\/tribunadapraia.com.br\/?p=2121\" \/>\n<meta property=\"og:site_name\" content=\"TRIBUNA DA PRAIA\" \/>\n<meta property=\"article:publisher\" content=\"https:\/\/www.facebook.com\/tribunadapraiaonline\/\" \/>\n<meta property=\"article:published_time\" content=\"2021-01-14T11:56:55+00:00\" \/>\n<meta property=\"og:image\" content=\"https:\/\/tribunadapraia.com.br\/wp-content\/uploads\/2021\/01\/IMG-20210114-WA0010.jpg\" \/>\n\t<meta property=\"og:image:width\" content=\"336\" \/>\n\t<meta property=\"og:image:height\" content=\"336\" \/>\n<meta name=\"twitter:card\" content=\"summary_large_image\" \/>\n<meta name=\"twitter:creator\" content=\"@Claudomir21\" \/>\n<meta name=\"twitter:site\" content=\"@Claudomir21\" \/>\n<meta name=\"twitter:label1\" content=\"Est. tempo de leitura\">\n\t<meta name=\"twitter:data1\" content=\"1 minuto\">\n<script type=\"application\/ld+json\" class=\"yoast-schema-graph\">{\"@context\":\"https:\/\/schema.org\",\"@graph\":[{\"@type\":\"Organization\",\"@id\":\"https:\/\/tribunadapraia.com.br\/#organization\",\"name\":\"Tribuna da Praia\",\"url\":\"https:\/\/tribunadapraia.com.br\/\",\"sameAs\":[\"https:\/\/www.facebook.com\/tribunadapraiaonline\/\",\"https:\/\/www.instagram.com\/claudomirtavares\/\",\"https:\/\/www.youtube.com\/channel\/UCwQf80nxiMzCefAyjbp53Rw\",\"https:\/\/twitter.com\/Claudomir21\"],\"logo\":{\"@type\":\"ImageObject\",\"@id\":\"https:\/\/tribunadapraia.com.br\/#logo\",\"inLanguage\":\"pt-BR\",\"url\":\"https:\/\/tribunadapraia.com.br\/wp-content\/uploads\/2020\/02\/logo.png\",\"contentUrl\":\"https:\/\/tribunadapraia.com.br\/wp-content\/uploads\/2020\/02\/logo.png\",\"width\":501,\"height\":121,\"caption\":\"Tribuna da Praia\"},\"image\":{\"@id\":\"https:\/\/tribunadapraia.com.br\/#logo\"}},{\"@type\":\"WebSite\",\"@id\":\"https:\/\/tribunadapraia.com.br\/#website\",\"url\":\"https:\/\/tribunadapraia.com.br\/\",\"name\":\"TRIBUNA DA PRAIA\",\"description\":\"O 1\\u00ba jornal do interior de Sergipe na internet\",\"publisher\":{\"@id\":\"https:\/\/tribunadapraia.com.br\/#organization\"},\"potentialAction\":[{\"@type\":\"SearchAction\",\"target\":\"https:\/\/tribunadapraia.com.br\/?s={search_term_string}\",\"query-input\":\"required name=search_term_string\"}],\"inLanguage\":\"pt-BR\"},{\"@type\":\"ImageObject\",\"@id\":\"https:\/\/tribunadapraia.com.br\/?p=2121#primaryimage\",\"inLanguage\":\"pt-BR\",\"url\":\"https:\/\/tribunadapraia.com.br\/wp-content\/uploads\/2021\/01\/IMG-20210114-WA0010.jpg\",\"contentUrl\":\"https:\/\/tribunadapraia.com.br\/wp-content\/uploads\/2021\/01\/IMG-20210114-WA0010.jpg\",\"width\":336,\"height\":336},{\"@type\":\"WebPage\",\"@id\":\"https:\/\/tribunadapraia.com.br\/?p=2121#webpage\",\"url\":\"https:\/\/tribunadapraia.com.br\/?p=2121\",\"name\":\"Prefeitura de Pirambu iniciou ontem, 13, o pagamento aos servidores municipais - TRIBUNA DA PRAIA\",\"isPartOf\":{\"@id\":\"https:\/\/tribunadapraia.com.br\/#website\"},\"primaryImageOfPage\":{\"@id\":\"https:\/\/tribunadapraia.com.br\/?p=2121#primaryimage\"},\"datePublished\":\"2021-01-14T11:56:55+00:00\",\"dateModified\":\"2021-01-14T11:56:55+00:00\",\"breadcrumb\":{\"@id\":\"https:\/\/tribunadapraia.com.br\/?p=2121#breadcrumb\"},\"inLanguage\":\"pt-BR\",\"potentialAction\":[{\"@type\":\"ReadAction\",\"target\":[\"https:\/\/tribunadapraia.com.br\/?p=2121\"]}]},{\"@type\":\"BreadcrumbList\",\"@id\":\"https:\/\/tribunadapraia.com.br\/?p=2121#breadcrumb\",\"itemListElement\":[{\"@type\":\"ListItem\",\"position\":1,\"item\":{\"@type\":\"WebPage\",\"@id\":\"https:\/\/tribunadapraia.com.br\/\",\"url\":\"https:\/\/tribunadapraia.com.br\/\",\"name\":\"In\\u00edcio\"}},{\"@type\":\"ListItem\",\"position\":2,\"item\":{\"@id\":\"https:\/\/tribunadapraia.com.br\/?p=2121#webpage\"}}]},{\"@type\":\"Article\",\"@id\":\"https:\/\/tribunadapraia.com.br\/?p=2121#article\",\"isPartOf\":{\"@id\":\"https:\/\/tribunadapraia.com.br\/?p=2121#webpage\"},\"author\":{\"@id\":\"https:\/\/tribunadapraia.com.br\/#\/schema\/person\/099fbbf59acc5895c0d7d52b4fc46c97\"},\"headline\":\"Prefeitura de Pirambu iniciou ontem, 13, o pagamento aos servidores municipais\",\"datePublished\":\"2021-01-14T11:56:55+00:00\",\"dateModified\":\"2021-01-14T11:56:55+00:00\",\"mainEntityOfPage\":{\"@id\":\"https:\/\/tribunadapraia.com.br\/?p=2121#webpage\"},\"wordCount\":148,\"commentCount\":0,\"publisher\":{\"@id\":\"https:\/\/tribunadapraia.com.br\/#organization\"},\"image\":{\"@id\":\"https:\/\/tribunadapraia.com.br\/?p=2121#primaryimage\"},\"thumbnailUrl\":\"https:\/\/tribunadapraia.com.br\/wp-content\/uploads\/2021\/01\/IMG-20210114-WA0010.jpg\",\"articleSection\":[\"Not\\u00edcias\"],\"inLanguage\":\"pt-BR\",\"potentialAction\":[{\"@type\":\"CommentAction\",\"name\":\"Comment\",\"target\":[\"https:\/\/tribunadapraia.com.br\/?p=2121#respond\"]}]},{\"@type\":\"Person\",\"@id\":\"https:\/\/tribunadapraia.com.br\/#\/schema\/person\/099fbbf59acc5895c0d7d52b4fc46c97\",\"name\":\"Reda\\u00e7\\u00e3o\",\"image\":{\"@type\":\"ImageObject\",\"@id\":\"https:\/\/tribunadapraia.com.br\/#personlogo\",\"inLanguage\":\"pt-BR\",\"url\":\"https:\/\/secure.gravatar.com\/avatar\/91c8b91d2bfd7784eac5c3e055361f64?s=96&d=identicon&r=g\",\"contentUrl\":\"https:\/\/secure.gravatar.com\/avatar\/91c8b91d2bfd7784eac5c3e055361f64?s=96&d=identicon&r=g\",\"caption\":\"Reda\\u00e7\\u00e3o\"}}]}<\/script>\n<!-- \/ Yoast SEO plugin. -->","wps_subtitle":"","_links":{"self":[{"href":"https:\/\/tribunadapraia.com.br\/index.php?rest_route=\/wp\/v2\/posts\/2121"}],"collection":[{"href":"https:\/\/tribunadapraia.com.br\/index.php?rest_route=\/wp\/v2\/posts"}],"about":[{"href":"https:\/\/tribunadapraia.com.br\/index.php?rest_route=\/wp\/v2\/types\/post"}],"author":[{"embeddable":true,"href":"https:\/\/tribunadapraia.com.br\/index.php?rest_route=\/wp\/v2\/users\/3"}],"replies":[{"embeddable":true,"href":"https:\/\/tribunadapraia.com.br\/index.php?rest_route=%2Fwp%2Fv2%2Fcomments&post=2121"}],"version-history":[{"count":1,"href":"https:\/\/tribunadapraia.com.br\/index.php?rest_route=\/wp\/v2\/posts\/2121\/revisions"}],"predecessor-version":[{"id":2123,"href":"https:\/\/tribunadapraia.com.br\/index.php?rest_route=\/wp\/v2\/posts\/2121\/revisions\/2123"}],"wp:featuredmedia":[{"embeddable":true,"href":"https:\/\/tribunadapraia.com.br\/index.php?rest_route=\/wp\/v2\/media\/2122"}],"wp:attachment":[{"href":"https:\/\/tribunadapraia.com.br\/index.php?rest_route=%2Fwp%2Fv2%2Fmedia&parent=2121"}],"wp:term":[{"taxonomy":"category","embeddable":true,"href":"https:\/\/tribunadapraia.com.br\/index.php?rest_route=%2Fwp%2Fv2%2Fcategories&post=2121"},{"taxonomy":"post_tag","embeddable":true,"href":"https:\/\/tribunadapraia.com.br\/index.php?rest_route=%2Fwp%2Fv2%2Ftags&post=2121"}],"curies":[{"name":"wp","href":"https:\/\/api.w.org\/{rel}","templated":true}]}}