{"id":2111,"date":"2021-01-13T10:34:51","date_gmt":"2021-01-13T13:34:51","guid":{"rendered":"https:\/\/tribunadapraia.com.br\/?p=2111"},"modified":"2021-01-13T10:36:09","modified_gmt":"2021-01-13T13:36:09","slug":"novidade-agora-a-tribuna-da-praia-pode-ser-instalada-como-se-fosse-um-aplicativo","status":"publish","type":"post","link":"https:\/\/tribunadapraia.com.br\/?p=2111","title":{"rendered":"Novidade: Agora a TRIBUNA DA PRAIA pode ser instalada como se fosse um aplicativo"},"content":{"rendered":"<p>O v\u00eddeo aqui anexado \u00e9 um passo-a-passo de como funciona, desde o in\u00edcio at\u00e9o final. Se voc\u00ea sbrir a aplica\u00e7\u00e3o agora (https:\/\/tribunadapraia.com.br\/) pelo Chrome\/Google, ele vai ter uma op\u00e7\u00e3o abaixo, \u00e9 s\u00f3 clicar e adicionar um atalho da Tribuna da Praia a tela inicial, sem preciar abrir o navegador a todo instante. Isso \u00e9 gratuoto, n\u00e3o vai precisar pagar, pois n\u00e3o est\u00e1 na loja de app e voc\u00ea poder\u00e1 ouvir a R\u00e1dio Atalainha em segundo plan.<\/p>\n<div style=\"width: 288px;\" class=\"wp-video\"><!--[if lt IE 9]><script>document.createElement('video');<\/script><![endif]-->\n<video class=\"wp-video-shortcode\" id=\"video-2111-1\" width=\"288\" height=\"640\" preload=\"metadata\" controls=\"controls\"><source type=\"video\/mp4\" src=\"https:\/\/tribunadapraia.com.br\/wp-content\/uploads\/2021\/01\/VID-20210113-WA0022.mp4?_=1\" \/><a href=\"https:\/\/tribunadapraia.com.br\/wp-content\/uploads\/2021\/01\/VID-20210113-WA0022.mp4\">https:\/\/tribunadapraia.com.br\/wp-content\/uploads\/2021\/01\/VID-20210113-WA0022.mp4<\/a><\/video><\/div>\n<p>por Reda\u00e7\u00e3o, com setor de tecnologia.<\/p>\n","protected":false},"excerpt":{"rendered":"<p>O v\u00eddeo aqui anexado \u00e9 um passo-a-passo de como funciona, desde o in\u00edcio at\u00e9o final. Se voc\u00ea sbrir a aplica\u00e7\u00e3o agora (https:\/\/tribunadapraia.com.br\/) pelo Chrome\/Google, ele vai ter uma op\u00e7\u00e3o abaixo, \u00e9 s\u00f3 clicar e adicionar um atalho da Tribuna da Praia a tela inicial, sem preciar abrir o navegador a todo instante. Isso \u00e9 gratuoto, n\u00e3o vai precisar pagar, pois n\u00e3o est\u00e1 na loja de app e voc\u00ea poder\u00e1 ouvir<\/p>\n","protected":false},"author":1,"featured_media":2112,"comment_status":"open","ping_status":"open","sticky":false,"template":"","format":"standard","meta":[],"categories":[18],"tags":[],"yoast_head":"<!-- This site is optimized with the Yoast SEO plugin v16.3 - https:\/\/yoast.com\/wordpress\/plugins\/seo\/ -->\n<title>Novidade: Agora a TRIBUNA DA PRAIA pode ser instalada como se fosse um aplicativo - TRIBUNA DA PRAIA<\/title>\n<meta name=\"robots\" content=\"index, follow, max-snippet:-1, max-image-preview:large, max-video-preview:-1\" \/>\n<link rel=\"canonical\" href=\"https:\/\/tribunadapraia.com.br\/?p=2111\" \/>\n<meta property=\"og:locale\" content=\"pt_BR\" \/>\n<meta property=\"og:type\" content=\"article\" \/>\n<meta property=\"og:title\" content=\"Novidade: Agora a TRIBUNA DA PRAIA pode ser instalada como se fosse um aplicativo - TRIBUNA DA PRAIA\" \/>\n<meta property=\"og:description\" content=\"O v\u00eddeo aqui anexado \u00e9 um passo-a-passo de como funciona, desde o in\u00edcio at\u00e9o final. Se voc\u00ea sbrir a aplica\u00e7\u00e3o agora (https:\/\/tribunadapraia.com.br\/) pelo Chrome\/Google, ele vai ter uma op\u00e7\u00e3o abaixo, \u00e9 s\u00f3 clicar e adicionar um atalho da Tribuna da Praia a tela inicial, sem preciar abrir o navegador a todo instante. Isso \u00e9 gratuoto, n\u00e3o vai precisar pagar, pois n\u00e3o est\u00e1 na loja de app e voc\u00ea poder\u00e1 ouvir\" \/>\n<meta property=\"og:url\" content=\"https:\/\/tribunadapraia.com.br\/?p=2111\" \/>\n<meta property=\"og:site_name\" content=\"TRIBUNA DA PRAIA\" \/>\n<meta property=\"article:publisher\" content=\"https:\/\/www.facebook.com\/tribunadapraiaonline\/\" \/>\n<meta property=\"article:published_time\" content=\"2021-01-13T13:34:51+00:00\" \/>\n<meta property=\"article:modified_time\" content=\"2021-01-13T13:36:09+00:00\" \/>\n<meta property=\"og:image\" content=\"https:\/\/tribunadapraia.com.br\/wp-content\/uploads\/2021\/01\/IMG-20210113-WA0029.jpg\" \/>\n\t<meta property=\"og:image:width\" content=\"720\" \/>\n\t<meta property=\"og:image:height\" content=\"1056\" \/>\n<meta name=\"twitter:card\" content=\"summary_large_image\" \/>\n<meta name=\"twitter:creator\" content=\"@Claudomir21\" \/>\n<meta name=\"twitter:site\" content=\"@Claudomir21\" \/>\n<meta name=\"twitter:label1\" content=\"Est. tempo de leitura\">\n\t<meta name=\"twitter:data1\" content=\"1 minuto\">\n<script type=\"application\/ld+json\" class=\"yoast-schema-graph\">{\"@context\":\"https:\/\/schema.org\",\"@graph\":[{\"@type\":\"Organization\",\"@id\":\"https:\/\/tribunadapraia.com.br\/#organization\",\"name\":\"Tribuna da Praia\",\"url\":\"https:\/\/tribunadapraia.com.br\/\",\"sameAs\":[\"https:\/\/www.facebook.com\/tribunadapraiaonline\/\",\"https:\/\/www.instagram.com\/claudomirtavares\/\",\"https:\/\/www.youtube.com\/channel\/UCwQf80nxiMzCefAyjbp53Rw\",\"https:\/\/twitter.com\/Claudomir21\"],\"logo\":{\"@type\":\"ImageObject\",\"@id\":\"https:\/\/tribunadapraia.com.br\/#logo\",\"inLanguage\":\"pt-BR\",\"url\":\"https:\/\/tribunadapraia.com.br\/wp-content\/uploads\/2020\/02\/logo.png\",\"contentUrl\":\"https:\/\/tribunadapraia.com.br\/wp-content\/uploads\/2020\/02\/logo.png\",\"width\":501,\"height\":121,\"caption\":\"Tribuna da Praia\"},\"image\":{\"@id\":\"https:\/\/tribunadapraia.com.br\/#logo\"}},{\"@type\":\"WebSite\",\"@id\":\"https:\/\/tribunadapraia.com.br\/#website\",\"url\":\"https:\/\/tribunadapraia.com.br\/\",\"name\":\"TRIBUNA DA PRAIA\",\"description\":\"O 1\\u00ba jornal do interior de Sergipe na internet\",\"publisher\":{\"@id\":\"https:\/\/tribunadapraia.com.br\/#organization\"},\"potentialAction\":[{\"@type\":\"SearchAction\",\"target\":\"https:\/\/tribunadapraia.com.br\/?s={search_term_string}\",\"query-input\":\"required name=search_term_string\"}],\"inLanguage\":\"pt-BR\"},{\"@type\":\"ImageObject\",\"@id\":\"https:\/\/tribunadapraia.com.br\/?p=2111#primaryimage\",\"inLanguage\":\"pt-BR\",\"url\":\"https:\/\/tribunadapraia.com.br\/wp-content\/uploads\/2021\/01\/IMG-20210113-WA0029.jpg\",\"contentUrl\":\"https:\/\/tribunadapraia.com.br\/wp-content\/uploads\/2021\/01\/IMG-20210113-WA0029.jpg\",\"width\":720,\"height\":1056},{\"@type\":\"WebPage\",\"@id\":\"https:\/\/tribunadapraia.com.br\/?p=2111#webpage\",\"url\":\"https:\/\/tribunadapraia.com.br\/?p=2111\",\"name\":\"Novidade: Agora a TRIBUNA DA PRAIA pode ser instalada como se fosse um aplicativo - TRIBUNA DA PRAIA\",\"isPartOf\":{\"@id\":\"https:\/\/tribunadapraia.com.br\/#website\"},\"primaryImageOfPage\":{\"@id\":\"https:\/\/tribunadapraia.com.br\/?p=2111#primaryimage\"},\"datePublished\":\"2021-01-13T13:34:51+00:00\",\"dateModified\":\"2021-01-13T13:36:09+00:00\",\"breadcrumb\":{\"@id\":\"https:\/\/tribunadapraia.com.br\/?p=2111#breadcrumb\"},\"inLanguage\":\"pt-BR\",\"potentialAction\":[{\"@type\":\"ReadAction\",\"target\":[\"https:\/\/tribunadapraia.com.br\/?p=2111\"]}]},{\"@type\":\"BreadcrumbList\",\"@id\":\"https:\/\/tribunadapraia.com.br\/?p=2111#breadcrumb\",\"itemListElement\":[{\"@type\":\"ListItem\",\"position\":1,\"item\":{\"@type\":\"WebPage\",\"@id\":\"https:\/\/tribunadapraia.com.br\/\",\"url\":\"https:\/\/tribunadapraia.com.br\/\",\"name\":\"In\\u00edcio\"}},{\"@type\":\"ListItem\",\"position\":2,\"item\":{\"@id\":\"https:\/\/tribunadapraia.com.br\/?p=2111#webpage\"}}]},{\"@type\":\"Article\",\"@id\":\"https:\/\/tribunadapraia.com.br\/?p=2111#article\",\"isPartOf\":{\"@id\":\"https:\/\/tribunadapraia.com.br\/?p=2111#webpage\"},\"author\":{\"@id\":\"https:\/\/tribunadapraia.com.br\/#\/schema\/person\/326b0a9f3163b479142c64eba4928de0\"},\"headline\":\"Novidade: Agora a TRIBUNA DA PRAIA pode ser instalada como se fosse um aplicativo\",\"datePublished\":\"2021-01-13T13:34:51+00:00\",\"dateModified\":\"2021-01-13T13:36:09+00:00\",\"mainEntityOfPage\":{\"@id\":\"https:\/\/tribunadapraia.com.br\/?p=2111#webpage\"},\"wordCount\":120,\"commentCount\":0,\"publisher\":{\"@id\":\"https:\/\/tribunadapraia.com.br\/#organization\"},\"image\":{\"@id\":\"https:\/\/tribunadapraia.com.br\/?p=2111#primaryimage\"},\"thumbnailUrl\":\"https:\/\/tribunadapraia.com.br\/wp-content\/uploads\/2021\/01\/IMG-20210113-WA0029.jpg\",\"articleSection\":[\"Not\\u00edcias\"],\"inLanguage\":\"pt-BR\",\"potentialAction\":[{\"@type\":\"CommentAction\",\"name\":\"Comment\",\"target\":[\"https:\/\/tribunadapraia.com.br\/?p=2111#respond\"]}]},{\"@type\":\"Person\",\"@id\":\"https:\/\/tribunadapraia.com.br\/#\/schema\/person\/326b0a9f3163b479142c64eba4928de0\",\"name\":\"tribunadapraia\",\"image\":{\"@type\":\"ImageObject\",\"@id\":\"https:\/\/tribunadapraia.com.br\/#personlogo\",\"inLanguage\":\"pt-BR\",\"url\":\"https:\/\/secure.gravatar.com\/avatar\/38b019c74762496076b7355024a0dad9?s=96&d=identicon&r=g\",\"contentUrl\":\"https:\/\/secure.gravatar.com\/avatar\/38b019c74762496076b7355024a0dad9?s=96&d=identicon&r=g\",\"caption\":\"tribunadapraia\"}}]}<\/script>\n<!-- \/ Yoast SEO plugin. -->","wps_subtitle":"","_links":{"self":[{"href":"https:\/\/tribunadapraia.com.br\/index.php?rest_route=\/wp\/v2\/posts\/2111"}],"collection":[{"href":"https:\/\/tribunadapraia.com.br\/index.php?rest_route=\/wp\/v2\/posts"}],"about":[{"href":"https:\/\/tribunadapraia.com.br\/index.php?rest_route=\/wp\/v2\/types\/post"}],"author":[{"embeddable":true,"href":"https:\/\/tribunadapraia.com.br\/index.php?rest_route=\/wp\/v2\/users\/1"}],"replies":[{"embeddable":true,"href":"https:\/\/tribunadapraia.com.br\/index.php?rest_route=%2Fwp%2Fv2%2Fcomments&post=2111"}],"version-history":[{"count":1,"href":"https:\/\/tribunadapraia.com.br\/index.php?rest_route=\/wp\/v2\/posts\/2111\/revisions"}],"predecessor-version":[{"id":2114,"href":"https:\/\/tribunadapraia.com.br\/index.php?rest_route=\/wp\/v2\/posts\/2111\/revisions\/2114"}],"wp:featuredmedia":[{"embeddable":true,"href":"https:\/\/tribunadapraia.com.br\/index.php?rest_route=\/wp\/v2\/media\/2112"}],"wp:attachment":[{"href":"https:\/\/tribunadapraia.com.br\/index.php?rest_route=%2Fwp%2Fv2%2Fmedia&parent=2111"}],"wp:term":[{"taxonomy":"category","embeddable":true,"href":"https:\/\/tribunadapraia.com.br\/index.php?rest_route=%2Fwp%2Fv2%2Fcategories&post=2111"},{"taxonomy":"post_tag","embeddable":true,"href":"https:\/\/tribunadapraia.com.br\/index.php?rest_route=%2Fwp%2Fv2%2Ftags&post=2111"}],"curies":[{"name":"wp","href":"https:\/\/api.w.org\/{rel}","templated":true}]}}