{"id":2108,"date":"2021-01-12T08:51:36","date_gmt":"2021-01-12T11:51:36","guid":{"rendered":"https:\/\/tribunadapraia.com.br\/?p=2108"},"modified":"2021-01-12T08:51:36","modified_gmt":"2021-01-12T11:51:36","slug":"empropria-dois-pesos-e-duas-medidas-da-smtt","status":"publish","type":"post","link":"https:\/\/tribunadapraia.com.br\/?p=2108","title":{"rendered":"EmPROPRI\u00c1, dois pesos e duas medidas da SMTT"},"content":{"rendered":"<p>Com a mesma veem\u00eancia com que atua junto aos condutores de motociclistas, principalmente mototaxistas, a SMTT de Propri\u00e1 precisa atuar junto aos condutores dos demais ve\u00edculos sob efeito de aplicar o chamado &#8220;dois pesos e duas medidas&#8221;. O \u00f3rg\u00e3o dirigido pelo operoso cabo Isa\u00edas Silva (PM\/SE), cobra o uso dos capacetes, tanto do condutor quanto do passageiro\/carona, no que est\u00e1 absolutamente correto, consoante legisla\u00e7\u00e3o de tr\u00e2nsito, mas n\u00e3o t\u00eam o mesmo comportamento em rela\u00e7\u00e3o aos motoristas dos demais ve\u00edculos (carros, caminh\u00f5es, etc), o que se caracteriza um ato de flagrante prevarica\u00e7\u00e3o , que precisa ser corrigido com a m\u00e1xima urg\u00eancia. Atrav\u00e9sda R\u00e1dio ATALAINHA, tentamos um contato com o cabo Isa\u00edas e com a assessoria de comunica\u00e7\u00e3o, professora Josy Marques, mas esta informou que nenhum\/a secret\u00e1rio\/a est\u00e1 autorizado a conceder entrevista, pelo menos por enquanto.<\/p>\n<p>\u25a0 Acesso \u00e0 Prainha<\/p>\n<p>Uma decis\u00e3o acertada da SMTT de Propri\u00e1, a proibi\u00e7\u00e3o de ve\u00edculos na Prainha, pois al\u00ed \u00e9 local de assegurar a presen\u00e7a de pessoas, n\u00e3 de concorr\u00eancia com carros.<\/p>\n<p>\u25a0 Exig\u00eancia de alvar\u00e1s<\/p>\n<p>A Prefeitura de Propri\u00e1, atrav\u00e9s da SMTT, deve prorrogar por at\u00e9 3 meses a exig\u00eancia de alvar\u00e1 de permiss\u00e3o datado de 2021 para mototaxistas, pois mal assumiram, n\u00e3o pode penalisar centenas de pais de fam\u00edlias que s\u00f3 t\u00eam esta renda para sobreviver.<\/p>\n<p>por ClaudOmir Herzog<\/p>\n","protected":false},"excerpt":{"rendered":"<p>Com a mesma veem\u00eancia com que atua junto aos condutores de motociclistas, principalmente mototaxistas, a SMTT de Propri\u00e1 precisa atuar junto aos condutores dos demais ve\u00edculos sob efeito de aplicar o chamado &#8220;dois pesos e duas medidas&#8221;. O \u00f3rg\u00e3o dirigido pelo operoso cabo Isa\u00edas Silva (PM\/SE), cobra o uso dos capacetes, tanto do condutor quanto do passageiro\/carona, no que est\u00e1 absolutamente correto, consoante legisla\u00e7\u00e3o de tr\u00e2nsito, mas n\u00e3o t\u00eam o<\/p>\n","protected":false},"author":3,"featured_media":2109,"comment_status":"open","ping_status":"open","sticky":false,"template":"","format":"standard","meta":[],"categories":[18],"tags":[],"yoast_head":"<!-- This site is optimized with the Yoast SEO plugin v16.3 - https:\/\/yoast.com\/wordpress\/plugins\/seo\/ -->\n<title>EmPROPRI\u00c1, dois pesos e duas medidas da SMTT - TRIBUNA DA PRAIA<\/title>\n<meta name=\"robots\" content=\"index, follow, max-snippet:-1, max-image-preview:large, max-video-preview:-1\" \/>\n<link rel=\"canonical\" href=\"https:\/\/tribunadapraia.com.br\/?p=2108\" \/>\n<meta property=\"og:locale\" content=\"pt_BR\" \/>\n<meta property=\"og:type\" content=\"article\" \/>\n<meta property=\"og:title\" content=\"EmPROPRI\u00c1, dois pesos e duas medidas da SMTT - TRIBUNA DA PRAIA\" \/>\n<meta property=\"og:description\" content=\"Com a mesma veem\u00eancia com que atua junto aos condutores de motociclistas, principalmente mototaxistas, a SMTT de Propri\u00e1 precisa atuar junto aos condutores dos demais ve\u00edculos sob efeito de aplicar o chamado &#8220;dois pesos e duas medidas&#8221;. O \u00f3rg\u00e3o dirigido pelo operoso cabo Isa\u00edas Silva (PM\/SE), cobra o uso dos capacetes, tanto do condutor quanto do passageiro\/carona, no que est\u00e1 absolutamente correto, consoante legisla\u00e7\u00e3o de tr\u00e2nsito, mas n\u00e3o t\u00eam o\" \/>\n<meta property=\"og:url\" content=\"https:\/\/tribunadapraia.com.br\/?p=2108\" \/>\n<meta property=\"og:site_name\" content=\"TRIBUNA DA PRAIA\" \/>\n<meta property=\"article:publisher\" content=\"https:\/\/www.facebook.com\/tribunadapraiaonline\/\" \/>\n<meta property=\"article:published_time\" content=\"2021-01-12T11:51:36+00:00\" \/>\n<meta property=\"og:image\" content=\"https:\/\/tribunadapraia.com.br\/wp-content\/uploads\/2021\/01\/IMG-20210112-WA0016.jpg\" \/>\n\t<meta property=\"og:image:width\" content=\"657\" \/>\n\t<meta property=\"og:image:height\" content=\"476\" \/>\n<meta name=\"twitter:card\" content=\"summary_large_image\" \/>\n<meta name=\"twitter:creator\" content=\"@Claudomir21\" \/>\n<meta name=\"twitter:site\" content=\"@Claudomir21\" \/>\n<meta name=\"twitter:label1\" content=\"Est. tempo de leitura\">\n\t<meta name=\"twitter:data1\" content=\"1 minuto\">\n<script type=\"application\/ld+json\" class=\"yoast-schema-graph\">{\"@context\":\"https:\/\/schema.org\",\"@graph\":[{\"@type\":\"Organization\",\"@id\":\"https:\/\/tribunadapraia.com.br\/#organization\",\"name\":\"Tribuna da Praia\",\"url\":\"https:\/\/tribunadapraia.com.br\/\",\"sameAs\":[\"https:\/\/www.facebook.com\/tribunadapraiaonline\/\",\"https:\/\/www.instagram.com\/claudomirtavares\/\",\"https:\/\/www.youtube.com\/channel\/UCwQf80nxiMzCefAyjbp53Rw\",\"https:\/\/twitter.com\/Claudomir21\"],\"logo\":{\"@type\":\"ImageObject\",\"@id\":\"https:\/\/tribunadapraia.com.br\/#logo\",\"inLanguage\":\"pt-BR\",\"url\":\"https:\/\/tribunadapraia.com.br\/wp-content\/uploads\/2020\/02\/logo.png\",\"contentUrl\":\"https:\/\/tribunadapraia.com.br\/wp-content\/uploads\/2020\/02\/logo.png\",\"width\":501,\"height\":121,\"caption\":\"Tribuna da Praia\"},\"image\":{\"@id\":\"https:\/\/tribunadapraia.com.br\/#logo\"}},{\"@type\":\"WebSite\",\"@id\":\"https:\/\/tribunadapraia.com.br\/#website\",\"url\":\"https:\/\/tribunadapraia.com.br\/\",\"name\":\"TRIBUNA DA PRAIA\",\"description\":\"O 1\\u00ba jornal do interior de Sergipe na internet\",\"publisher\":{\"@id\":\"https:\/\/tribunadapraia.com.br\/#organization\"},\"potentialAction\":[{\"@type\":\"SearchAction\",\"target\":\"https:\/\/tribunadapraia.com.br\/?s={search_term_string}\",\"query-input\":\"required name=search_term_string\"}],\"inLanguage\":\"pt-BR\"},{\"@type\":\"ImageObject\",\"@id\":\"https:\/\/tribunadapraia.com.br\/?p=2108#primaryimage\",\"inLanguage\":\"pt-BR\",\"url\":\"https:\/\/tribunadapraia.com.br\/wp-content\/uploads\/2021\/01\/IMG-20210112-WA0016.jpg\",\"contentUrl\":\"https:\/\/tribunadapraia.com.br\/wp-content\/uploads\/2021\/01\/IMG-20210112-WA0016.jpg\",\"width\":657,\"height\":476},{\"@type\":\"WebPage\",\"@id\":\"https:\/\/tribunadapraia.com.br\/?p=2108#webpage\",\"url\":\"https:\/\/tribunadapraia.com.br\/?p=2108\",\"name\":\"EmPROPRI\\u00c1, dois pesos e duas medidas da SMTT - TRIBUNA DA PRAIA\",\"isPartOf\":{\"@id\":\"https:\/\/tribunadapraia.com.br\/#website\"},\"primaryImageOfPage\":{\"@id\":\"https:\/\/tribunadapraia.com.br\/?p=2108#primaryimage\"},\"datePublished\":\"2021-01-12T11:51:36+00:00\",\"dateModified\":\"2021-01-12T11:51:36+00:00\",\"breadcrumb\":{\"@id\":\"https:\/\/tribunadapraia.com.br\/?p=2108#breadcrumb\"},\"inLanguage\":\"pt-BR\",\"potentialAction\":[{\"@type\":\"ReadAction\",\"target\":[\"https:\/\/tribunadapraia.com.br\/?p=2108\"]}]},{\"@type\":\"BreadcrumbList\",\"@id\":\"https:\/\/tribunadapraia.com.br\/?p=2108#breadcrumb\",\"itemListElement\":[{\"@type\":\"ListItem\",\"position\":1,\"item\":{\"@type\":\"WebPage\",\"@id\":\"https:\/\/tribunadapraia.com.br\/\",\"url\":\"https:\/\/tribunadapraia.com.br\/\",\"name\":\"In\\u00edcio\"}},{\"@type\":\"ListItem\",\"position\":2,\"item\":{\"@id\":\"https:\/\/tribunadapraia.com.br\/?p=2108#webpage\"}}]},{\"@type\":\"Article\",\"@id\":\"https:\/\/tribunadapraia.com.br\/?p=2108#article\",\"isPartOf\":{\"@id\":\"https:\/\/tribunadapraia.com.br\/?p=2108#webpage\"},\"author\":{\"@id\":\"https:\/\/tribunadapraia.com.br\/#\/schema\/person\/099fbbf59acc5895c0d7d52b4fc46c97\"},\"headline\":\"EmPROPRI\\u00c1, dois pesos e duas medidas da SMTT\",\"datePublished\":\"2021-01-12T11:51:36+00:00\",\"dateModified\":\"2021-01-12T11:51:36+00:00\",\"mainEntityOfPage\":{\"@id\":\"https:\/\/tribunadapraia.com.br\/?p=2108#webpage\"},\"wordCount\":252,\"commentCount\":0,\"publisher\":{\"@id\":\"https:\/\/tribunadapraia.com.br\/#organization\"},\"image\":{\"@id\":\"https:\/\/tribunadapraia.com.br\/?p=2108#primaryimage\"},\"thumbnailUrl\":\"https:\/\/tribunadapraia.com.br\/wp-content\/uploads\/2021\/01\/IMG-20210112-WA0016.jpg\",\"articleSection\":[\"Not\\u00edcias\"],\"inLanguage\":\"pt-BR\",\"potentialAction\":[{\"@type\":\"CommentAction\",\"name\":\"Comment\",\"target\":[\"https:\/\/tribunadapraia.com.br\/?p=2108#respond\"]}]},{\"@type\":\"Person\",\"@id\":\"https:\/\/tribunadapraia.com.br\/#\/schema\/person\/099fbbf59acc5895c0d7d52b4fc46c97\",\"name\":\"Reda\\u00e7\\u00e3o\",\"image\":{\"@type\":\"ImageObject\",\"@id\":\"https:\/\/tribunadapraia.com.br\/#personlogo\",\"inLanguage\":\"pt-BR\",\"url\":\"https:\/\/secure.gravatar.com\/avatar\/91c8b91d2bfd7784eac5c3e055361f64?s=96&d=identicon&r=g\",\"contentUrl\":\"https:\/\/secure.gravatar.com\/avatar\/91c8b91d2bfd7784eac5c3e055361f64?s=96&d=identicon&r=g\",\"caption\":\"Reda\\u00e7\\u00e3o\"}}]}<\/script>\n<!-- \/ Yoast SEO plugin. -->","wps_subtitle":"","_links":{"self":[{"href":"https:\/\/tribunadapraia.com.br\/index.php?rest_route=\/wp\/v2\/posts\/2108"}],"collection":[{"href":"https:\/\/tribunadapraia.com.br\/index.php?rest_route=\/wp\/v2\/posts"}],"about":[{"href":"https:\/\/tribunadapraia.com.br\/index.php?rest_route=\/wp\/v2\/types\/post"}],"author":[{"embeddable":true,"href":"https:\/\/tribunadapraia.com.br\/index.php?rest_route=\/wp\/v2\/users\/3"}],"replies":[{"embeddable":true,"href":"https:\/\/tribunadapraia.com.br\/index.php?rest_route=%2Fwp%2Fv2%2Fcomments&post=2108"}],"version-history":[{"count":1,"href":"https:\/\/tribunadapraia.com.br\/index.php?rest_route=\/wp\/v2\/posts\/2108\/revisions"}],"predecessor-version":[{"id":2110,"href":"https:\/\/tribunadapraia.com.br\/index.php?rest_route=\/wp\/v2\/posts\/2108\/revisions\/2110"}],"wp:featuredmedia":[{"embeddable":true,"href":"https:\/\/tribunadapraia.com.br\/index.php?rest_route=\/wp\/v2\/media\/2109"}],"wp:attachment":[{"href":"https:\/\/tribunadapraia.com.br\/index.php?rest_route=%2Fwp%2Fv2%2Fmedia&parent=2108"}],"wp:term":[{"taxonomy":"category","embeddable":true,"href":"https:\/\/tribunadapraia.com.br\/index.php?rest_route=%2Fwp%2Fv2%2Fcategories&post=2108"},{"taxonomy":"post_tag","embeddable":true,"href":"https:\/\/tribunadapraia.com.br\/index.php?rest_route=%2Fwp%2Fv2%2Ftags&post=2108"}],"curies":[{"name":"wp","href":"https:\/\/api.w.org\/{rel}","templated":true}]}}