{"id":2104,"date":"2021-01-11T08:38:46","date_gmt":"2021-01-11T11:38:46","guid":{"rendered":"https:\/\/tribunadapraia.com.br\/?p=2104"},"modified":"2021-01-11T08:39:45","modified_gmt":"2021-01-11T11:39:45","slug":"vai-comecar-a-temporada-2021-do-jornal-dos-navegantes-na-radio-sintonia-noticias","status":"publish","type":"post","link":"https:\/\/tribunadapraia.com.br\/?p=2104","title":{"rendered":"VAI COME\u00c7AR: A temporada 2021 do Jornal dos Navegantes na R\u00e1dio SINTONIA Not\u00edcias"},"content":{"rendered":"<p>Programa jornal\u00edstico de maior audi\u00eancia no hor\u00e1rio, o Jornal dos Navegantes, que vai ao ar de segunda \u00e0 sexta das 17 \u00e0s19 horas pela web r\u00e1dio SINTONIA Not\u00edcias, est\u00e1 de volta nesta segunda-feira, 11, retransmitido por uma rede de r\u00e1dios , com mais de 20 emissoras de todas \u00e0s regi\u00f5es de Sergipe.<\/p>\n<p>Com equipamentos modernos, um est\u00fadio f\u00edsico em Aracaju e outro em Propri\u00e1, cidade sede da emissora , a SINTONIA Not\u00edcias est\u00e1 no ar desde o segundo semestre de 2020, t\u00eam \u00e0 frente o experiente radialista Ferreira Filho e uma equipe que inclui produ\u00e7\u00e3o, reportagens de rua e uma pl\u00eaiade de colaboradores que interagem nasb20 horas semanais do mais puro radiojornalismo.<\/p>\n<p>Pelo hor\u00e1rio escolhido, o Jornal dos Navegantes tem picos de audi\u00eancia que ecoa em smartphones e iphones, principalmente no Baixo S\u00e3o Francisco setgipano e slagoano, com dados absolutos de 3 mil ouvintes, acessando atrav\u00e9s do site, aplicativos e players da wrn r\u00e1dio.<\/p>\n<p>Boa sorte a toda equipe da SINTONIA Not\u00edcias e em particular, do Jornsl dos Navegantes.<\/p>\n<p>por Reda\u00e7\u00e3o<\/p>\n","protected":false},"excerpt":{"rendered":"<p>Programa jornal\u00edstico de maior audi\u00eancia no hor\u00e1rio, o Jornal dos Navegantes, que vai ao ar de segunda \u00e0 sexta das 17 \u00e0s19 horas pela web r\u00e1dio SINTONIA Not\u00edcias, est\u00e1 de volta nesta segunda-feira, 11, retransmitido por uma rede de r\u00e1dios , com mais de 20 emissoras de todas \u00e0s regi\u00f5es de Sergipe. Com equipamentos modernos, um est\u00fadio f\u00edsico em Aracaju e outro em Propri\u00e1, cidade sede da emissora , a<\/p>\n","protected":false},"author":1,"featured_media":2105,"comment_status":"open","ping_status":"open","sticky":false,"template":"","format":"standard","meta":[],"categories":[18],"tags":[],"yoast_head":"<!-- This site is optimized with the Yoast SEO plugin v16.3 - https:\/\/yoast.com\/wordpress\/plugins\/seo\/ -->\n<title>VAI COME\u00c7AR: A temporada 2021 do Jornal dos Navegantes na R\u00e1dio SINTONIA Not\u00edcias - TRIBUNA DA PRAIA<\/title>\n<meta name=\"robots\" content=\"index, follow, max-snippet:-1, max-image-preview:large, max-video-preview:-1\" \/>\n<link rel=\"canonical\" href=\"https:\/\/tribunadapraia.com.br\/?p=2104\" \/>\n<meta property=\"og:locale\" content=\"pt_BR\" \/>\n<meta property=\"og:type\" content=\"article\" \/>\n<meta property=\"og:title\" content=\"VAI COME\u00c7AR: A temporada 2021 do Jornal dos Navegantes na R\u00e1dio SINTONIA Not\u00edcias - TRIBUNA DA PRAIA\" \/>\n<meta property=\"og:description\" content=\"Programa jornal\u00edstico de maior audi\u00eancia no hor\u00e1rio, o Jornal dos Navegantes, que vai ao ar de segunda \u00e0 sexta das 17 \u00e0s19 horas pela web r\u00e1dio SINTONIA Not\u00edcias, est\u00e1 de volta nesta segunda-feira, 11, retransmitido por uma rede de r\u00e1dios , com mais de 20 emissoras de todas \u00e0s regi\u00f5es de Sergipe. Com equipamentos modernos, um est\u00fadio f\u00edsico em Aracaju e outro em Propri\u00e1, cidade sede da emissora , a\" \/>\n<meta property=\"og:url\" content=\"https:\/\/tribunadapraia.com.br\/?p=2104\" \/>\n<meta property=\"og:site_name\" content=\"TRIBUNA DA PRAIA\" \/>\n<meta property=\"article:publisher\" content=\"https:\/\/www.facebook.com\/tribunadapraiaonline\/\" \/>\n<meta property=\"article:published_time\" content=\"2021-01-11T11:38:46+00:00\" \/>\n<meta property=\"article:modified_time\" content=\"2021-01-11T11:39:45+00:00\" \/>\n<meta property=\"og:image\" content=\"https:\/\/tribunadapraia.com.br\/wp-content\/uploads\/2021\/01\/IMG-20210111-WA0003.jpg\" \/>\n\t<meta property=\"og:image:width\" content=\"688\" \/>\n\t<meta property=\"og:image:height\" content=\"665\" \/>\n<meta name=\"twitter:card\" content=\"summary_large_image\" \/>\n<meta name=\"twitter:creator\" content=\"@Claudomir21\" \/>\n<meta name=\"twitter:site\" content=\"@Claudomir21\" \/>\n<meta name=\"twitter:label1\" content=\"Est. tempo de leitura\">\n\t<meta name=\"twitter:data1\" content=\"1 minuto\">\n<script type=\"application\/ld+json\" class=\"yoast-schema-graph\">{\"@context\":\"https:\/\/schema.org\",\"@graph\":[{\"@type\":\"Organization\",\"@id\":\"https:\/\/tribunadapraia.com.br\/#organization\",\"name\":\"Tribuna da Praia\",\"url\":\"https:\/\/tribunadapraia.com.br\/\",\"sameAs\":[\"https:\/\/www.facebook.com\/tribunadapraiaonline\/\",\"https:\/\/www.instagram.com\/claudomirtavares\/\",\"https:\/\/www.youtube.com\/channel\/UCwQf80nxiMzCefAyjbp53Rw\",\"https:\/\/twitter.com\/Claudomir21\"],\"logo\":{\"@type\":\"ImageObject\",\"@id\":\"https:\/\/tribunadapraia.com.br\/#logo\",\"inLanguage\":\"pt-BR\",\"url\":\"https:\/\/tribunadapraia.com.br\/wp-content\/uploads\/2020\/02\/logo.png\",\"contentUrl\":\"https:\/\/tribunadapraia.com.br\/wp-content\/uploads\/2020\/02\/logo.png\",\"width\":501,\"height\":121,\"caption\":\"Tribuna da Praia\"},\"image\":{\"@id\":\"https:\/\/tribunadapraia.com.br\/#logo\"}},{\"@type\":\"WebSite\",\"@id\":\"https:\/\/tribunadapraia.com.br\/#website\",\"url\":\"https:\/\/tribunadapraia.com.br\/\",\"name\":\"TRIBUNA DA PRAIA\",\"description\":\"O 1\\u00ba jornal do interior de Sergipe na internet\",\"publisher\":{\"@id\":\"https:\/\/tribunadapraia.com.br\/#organization\"},\"potentialAction\":[{\"@type\":\"SearchAction\",\"target\":\"https:\/\/tribunadapraia.com.br\/?s={search_term_string}\",\"query-input\":\"required name=search_term_string\"}],\"inLanguage\":\"pt-BR\"},{\"@type\":\"ImageObject\",\"@id\":\"https:\/\/tribunadapraia.com.br\/?p=2104#primaryimage\",\"inLanguage\":\"pt-BR\",\"url\":\"https:\/\/tribunadapraia.com.br\/wp-content\/uploads\/2021\/01\/IMG-20210111-WA0003.jpg\",\"contentUrl\":\"https:\/\/tribunadapraia.com.br\/wp-content\/uploads\/2021\/01\/IMG-20210111-WA0003.jpg\",\"width\":688,\"height\":665},{\"@type\":\"WebPage\",\"@id\":\"https:\/\/tribunadapraia.com.br\/?p=2104#webpage\",\"url\":\"https:\/\/tribunadapraia.com.br\/?p=2104\",\"name\":\"VAI COME\\u00c7AR: A temporada 2021 do Jornal dos Navegantes na R\\u00e1dio SINTONIA Not\\u00edcias - TRIBUNA DA PRAIA\",\"isPartOf\":{\"@id\":\"https:\/\/tribunadapraia.com.br\/#website\"},\"primaryImageOfPage\":{\"@id\":\"https:\/\/tribunadapraia.com.br\/?p=2104#primaryimage\"},\"datePublished\":\"2021-01-11T11:38:46+00:00\",\"dateModified\":\"2021-01-11T11:39:45+00:00\",\"breadcrumb\":{\"@id\":\"https:\/\/tribunadapraia.com.br\/?p=2104#breadcrumb\"},\"inLanguage\":\"pt-BR\",\"potentialAction\":[{\"@type\":\"ReadAction\",\"target\":[\"https:\/\/tribunadapraia.com.br\/?p=2104\"]}]},{\"@type\":\"BreadcrumbList\",\"@id\":\"https:\/\/tribunadapraia.com.br\/?p=2104#breadcrumb\",\"itemListElement\":[{\"@type\":\"ListItem\",\"position\":1,\"item\":{\"@type\":\"WebPage\",\"@id\":\"https:\/\/tribunadapraia.com.br\/\",\"url\":\"https:\/\/tribunadapraia.com.br\/\",\"name\":\"In\\u00edcio\"}},{\"@type\":\"ListItem\",\"position\":2,\"item\":{\"@id\":\"https:\/\/tribunadapraia.com.br\/?p=2104#webpage\"}}]},{\"@type\":\"Article\",\"@id\":\"https:\/\/tribunadapraia.com.br\/?p=2104#article\",\"isPartOf\":{\"@id\":\"https:\/\/tribunadapraia.com.br\/?p=2104#webpage\"},\"author\":{\"@id\":\"https:\/\/tribunadapraia.com.br\/#\/schema\/person\/326b0a9f3163b479142c64eba4928de0\"},\"headline\":\"VAI COME\\u00c7AR: A temporada 2021 do Jornal dos Navegantes na R\\u00e1dio SINTONIA Not\\u00edcias\",\"datePublished\":\"2021-01-11T11:38:46+00:00\",\"dateModified\":\"2021-01-11T11:39:45+00:00\",\"mainEntityOfPage\":{\"@id\":\"https:\/\/tribunadapraia.com.br\/?p=2104#webpage\"},\"wordCount\":197,\"commentCount\":0,\"publisher\":{\"@id\":\"https:\/\/tribunadapraia.com.br\/#organization\"},\"image\":{\"@id\":\"https:\/\/tribunadapraia.com.br\/?p=2104#primaryimage\"},\"thumbnailUrl\":\"https:\/\/tribunadapraia.com.br\/wp-content\/uploads\/2021\/01\/IMG-20210111-WA0003.jpg\",\"articleSection\":[\"Not\\u00edcias\"],\"inLanguage\":\"pt-BR\",\"potentialAction\":[{\"@type\":\"CommentAction\",\"name\":\"Comment\",\"target\":[\"https:\/\/tribunadapraia.com.br\/?p=2104#respond\"]}]},{\"@type\":\"Person\",\"@id\":\"https:\/\/tribunadapraia.com.br\/#\/schema\/person\/326b0a9f3163b479142c64eba4928de0\",\"name\":\"tribunadapraia\",\"image\":{\"@type\":\"ImageObject\",\"@id\":\"https:\/\/tribunadapraia.com.br\/#personlogo\",\"inLanguage\":\"pt-BR\",\"url\":\"https:\/\/secure.gravatar.com\/avatar\/38b019c74762496076b7355024a0dad9?s=96&d=identicon&r=g\",\"contentUrl\":\"https:\/\/secure.gravatar.com\/avatar\/38b019c74762496076b7355024a0dad9?s=96&d=identicon&r=g\",\"caption\":\"tribunadapraia\"}}]}<\/script>\n<!-- \/ Yoast SEO plugin. -->","wps_subtitle":"","_links":{"self":[{"href":"https:\/\/tribunadapraia.com.br\/index.php?rest_route=\/wp\/v2\/posts\/2104"}],"collection":[{"href":"https:\/\/tribunadapraia.com.br\/index.php?rest_route=\/wp\/v2\/posts"}],"about":[{"href":"https:\/\/tribunadapraia.com.br\/index.php?rest_route=\/wp\/v2\/types\/post"}],"author":[{"embeddable":true,"href":"https:\/\/tribunadapraia.com.br\/index.php?rest_route=\/wp\/v2\/users\/1"}],"replies":[{"embeddable":true,"href":"https:\/\/tribunadapraia.com.br\/index.php?rest_route=%2Fwp%2Fv2%2Fcomments&post=2104"}],"version-history":[{"count":1,"href":"https:\/\/tribunadapraia.com.br\/index.php?rest_route=\/wp\/v2\/posts\/2104\/revisions"}],"predecessor-version":[{"id":2106,"href":"https:\/\/tribunadapraia.com.br\/index.php?rest_route=\/wp\/v2\/posts\/2104\/revisions\/2106"}],"wp:featuredmedia":[{"embeddable":true,"href":"https:\/\/tribunadapraia.com.br\/index.php?rest_route=\/wp\/v2\/media\/2105"}],"wp:attachment":[{"href":"https:\/\/tribunadapraia.com.br\/index.php?rest_route=%2Fwp%2Fv2%2Fmedia&parent=2104"}],"wp:term":[{"taxonomy":"category","embeddable":true,"href":"https:\/\/tribunadapraia.com.br\/index.php?rest_route=%2Fwp%2Fv2%2Fcategories&post=2104"},{"taxonomy":"post_tag","embeddable":true,"href":"https:\/\/tribunadapraia.com.br\/index.php?rest_route=%2Fwp%2Fv2%2Ftags&post=2104"}],"curies":[{"name":"wp","href":"https:\/\/api.w.org\/{rel}","templated":true}]}}