{"id":2100,"date":"2021-01-09T11:34:34","date_gmt":"2021-01-09T14:34:34","guid":{"rendered":"https:\/\/tribunadapraia.com.br\/?p=2100"},"modified":"2021-01-09T11:34:34","modified_gmt":"2021-01-09T14:34:34","slug":"editorial-valberto-lima-nao-tera-oposicao-mas-sera-emparedado-por-parlamentares","status":"publish","type":"post","link":"https:\/\/tribunadapraia.com.br\/?p=2100","title":{"rendered":"Editorial: Valberto Lima n\u00e3o ter\u00e1 oposi\u00e7\u00e3o, mas ser\u00e1 &#8220;emparedado&#8221; por parlamentares"},"content":{"rendered":"<p>&#8220;N\u00e3o h\u00e1 nada mais revolucion\u00e1rio do que dizer a verdade em voz alta&#8221;. (Rosa Luxemvuego).<\/p>\n<p>O prefeito de Propri\u00e1, Valberto Lima (MDB) n\u00e3o ter\u00e1 uma oposi\u00e7\u00e3o espinhosa na C\u00e2mara de Vereadores, considerando o perfil adesista da maioria dos parlamentares, \u00e9 muito prov\u00e1vel que ser\u00e1 &#8220;emparedado&#8221;, sofrer\u00e1 press\u00f5es \u00e0s v\u00e9speras de vota\u00e7\u00f5es de dif\u00edcil digest\u00e3o, uma rela\u00e7\u00e3o que, t\u00eam se pautada no princ\u00edpio da &#8220;ora\u00e7\u00e3o de S\u00e3o Francisco&#8221; (hum). Ser\u00e1 a\u00ed o grande teste da &#8220;esperan\u00e7a na mudan\u00e7a&#8221; (agora como prefeito). Se me entendem &#8230;<\/p>\n<p>por ClaudOmir Herzog<\/p>\n","protected":false},"excerpt":{"rendered":"<p>&#8220;N\u00e3o h\u00e1 nada mais revolucion\u00e1rio do que dizer a verdade em voz alta&#8221;. (Rosa Luxemvuego). O prefeito de Propri\u00e1, Valberto Lima (MDB) n\u00e3o ter\u00e1 uma oposi\u00e7\u00e3o espinhosa na C\u00e2mara de Vereadores, considerando o perfil adesista da maioria dos parlamentares, \u00e9 muito prov\u00e1vel que ser\u00e1 &#8220;emparedado&#8221;, sofrer\u00e1 press\u00f5es \u00e0s v\u00e9speras de vota\u00e7\u00f5es de dif\u00edcil digest\u00e3o, uma rela\u00e7\u00e3o que, t\u00eam se pautada no princ\u00edpio da &#8220;ora\u00e7\u00e3o de S\u00e3o Francisco&#8221; (hum). Ser\u00e1 a\u00ed<\/p>\n","protected":false},"author":3,"featured_media":2101,"comment_status":"open","ping_status":"open","sticky":false,"template":"","format":"standard","meta":[],"categories":[18],"tags":[],"yoast_head":"<!-- This site is optimized with the Yoast SEO plugin v16.3 - https:\/\/yoast.com\/wordpress\/plugins\/seo\/ -->\n<title>Editorial: Valberto Lima n\u00e3o ter\u00e1 oposi\u00e7\u00e3o, mas ser\u00e1 &quot;emparedado&quot; por parlamentares - TRIBUNA DA PRAIA<\/title>\n<meta name=\"robots\" content=\"index, follow, max-snippet:-1, max-image-preview:large, max-video-preview:-1\" \/>\n<link rel=\"canonical\" href=\"https:\/\/tribunadapraia.com.br\/?p=2100\" \/>\n<meta property=\"og:locale\" content=\"pt_BR\" \/>\n<meta property=\"og:type\" content=\"article\" \/>\n<meta property=\"og:title\" content=\"Editorial: Valberto Lima n\u00e3o ter\u00e1 oposi\u00e7\u00e3o, mas ser\u00e1 &quot;emparedado&quot; por parlamentares - TRIBUNA DA PRAIA\" \/>\n<meta property=\"og:description\" content=\"&#8220;N\u00e3o h\u00e1 nada mais revolucion\u00e1rio do que dizer a verdade em voz alta&#8221;. (Rosa Luxemvuego). O prefeito de Propri\u00e1, Valberto Lima (MDB) n\u00e3o ter\u00e1 uma oposi\u00e7\u00e3o espinhosa na C\u00e2mara de Vereadores, considerando o perfil adesista da maioria dos parlamentares, \u00e9 muito prov\u00e1vel que ser\u00e1 &#8220;emparedado&#8221;, sofrer\u00e1 press\u00f5es \u00e0s v\u00e9speras de vota\u00e7\u00f5es de dif\u00edcil digest\u00e3o, uma rela\u00e7\u00e3o que, t\u00eam se pautada no princ\u00edpio da &#8220;ora\u00e7\u00e3o de S\u00e3o Francisco&#8221; (hum). Ser\u00e1 a\u00ed\" \/>\n<meta property=\"og:url\" content=\"https:\/\/tribunadapraia.com.br\/?p=2100\" \/>\n<meta property=\"og:site_name\" content=\"TRIBUNA DA PRAIA\" \/>\n<meta property=\"article:publisher\" content=\"https:\/\/www.facebook.com\/tribunadapraiaonline\/\" \/>\n<meta property=\"article:published_time\" content=\"2021-01-09T14:34:34+00:00\" \/>\n<meta property=\"og:image\" content=\"https:\/\/tribunadapraia.com.br\/wp-content\/uploads\/2021\/01\/IMG-20200826-WA0018.jpg\" \/>\n\t<meta property=\"og:image:width\" content=\"540\" \/>\n\t<meta property=\"og:image:height\" content=\"521\" \/>\n<meta name=\"twitter:card\" content=\"summary_large_image\" \/>\n<meta name=\"twitter:creator\" content=\"@Claudomir21\" \/>\n<meta name=\"twitter:site\" content=\"@Claudomir21\" \/>\n<meta name=\"twitter:label1\" content=\"Est. tempo de leitura\">\n\t<meta name=\"twitter:data1\" content=\"1 minuto\">\n<script type=\"application\/ld+json\" class=\"yoast-schema-graph\">{\"@context\":\"https:\/\/schema.org\",\"@graph\":[{\"@type\":\"Organization\",\"@id\":\"https:\/\/tribunadapraia.com.br\/#organization\",\"name\":\"Tribuna da Praia\",\"url\":\"https:\/\/tribunadapraia.com.br\/\",\"sameAs\":[\"https:\/\/www.facebook.com\/tribunadapraiaonline\/\",\"https:\/\/www.instagram.com\/claudomirtavares\/\",\"https:\/\/www.youtube.com\/channel\/UCwQf80nxiMzCefAyjbp53Rw\",\"https:\/\/twitter.com\/Claudomir21\"],\"logo\":{\"@type\":\"ImageObject\",\"@id\":\"https:\/\/tribunadapraia.com.br\/#logo\",\"inLanguage\":\"pt-BR\",\"url\":\"https:\/\/tribunadapraia.com.br\/wp-content\/uploads\/2020\/02\/logo.png\",\"contentUrl\":\"https:\/\/tribunadapraia.com.br\/wp-content\/uploads\/2020\/02\/logo.png\",\"width\":501,\"height\":121,\"caption\":\"Tribuna da Praia\"},\"image\":{\"@id\":\"https:\/\/tribunadapraia.com.br\/#logo\"}},{\"@type\":\"WebSite\",\"@id\":\"https:\/\/tribunadapraia.com.br\/#website\",\"url\":\"https:\/\/tribunadapraia.com.br\/\",\"name\":\"TRIBUNA DA PRAIA\",\"description\":\"O 1\\u00ba jornal do interior de Sergipe na internet\",\"publisher\":{\"@id\":\"https:\/\/tribunadapraia.com.br\/#organization\"},\"potentialAction\":[{\"@type\":\"SearchAction\",\"target\":\"https:\/\/tribunadapraia.com.br\/?s={search_term_string}\",\"query-input\":\"required name=search_term_string\"}],\"inLanguage\":\"pt-BR\"},{\"@type\":\"ImageObject\",\"@id\":\"https:\/\/tribunadapraia.com.br\/?p=2100#primaryimage\",\"inLanguage\":\"pt-BR\",\"url\":\"https:\/\/tribunadapraia.com.br\/wp-content\/uploads\/2021\/01\/IMG-20200826-WA0018.jpg\",\"contentUrl\":\"https:\/\/tribunadapraia.com.br\/wp-content\/uploads\/2021\/01\/IMG-20200826-WA0018.jpg\",\"width\":540,\"height\":521},{\"@type\":\"WebPage\",\"@id\":\"https:\/\/tribunadapraia.com.br\/?p=2100#webpage\",\"url\":\"https:\/\/tribunadapraia.com.br\/?p=2100\",\"name\":\"Editorial: Valberto Lima n\\u00e3o ter\\u00e1 oposi\\u00e7\\u00e3o, mas ser\\u00e1 \\\"emparedado\\\" por parlamentares - TRIBUNA DA PRAIA\",\"isPartOf\":{\"@id\":\"https:\/\/tribunadapraia.com.br\/#website\"},\"primaryImageOfPage\":{\"@id\":\"https:\/\/tribunadapraia.com.br\/?p=2100#primaryimage\"},\"datePublished\":\"2021-01-09T14:34:34+00:00\",\"dateModified\":\"2021-01-09T14:34:34+00:00\",\"breadcrumb\":{\"@id\":\"https:\/\/tribunadapraia.com.br\/?p=2100#breadcrumb\"},\"inLanguage\":\"pt-BR\",\"potentialAction\":[{\"@type\":\"ReadAction\",\"target\":[\"https:\/\/tribunadapraia.com.br\/?p=2100\"]}]},{\"@type\":\"BreadcrumbList\",\"@id\":\"https:\/\/tribunadapraia.com.br\/?p=2100#breadcrumb\",\"itemListElement\":[{\"@type\":\"ListItem\",\"position\":1,\"item\":{\"@type\":\"WebPage\",\"@id\":\"https:\/\/tribunadapraia.com.br\/\",\"url\":\"https:\/\/tribunadapraia.com.br\/\",\"name\":\"In\\u00edcio\"}},{\"@type\":\"ListItem\",\"position\":2,\"item\":{\"@id\":\"https:\/\/tribunadapraia.com.br\/?p=2100#webpage\"}}]},{\"@type\":\"Article\",\"@id\":\"https:\/\/tribunadapraia.com.br\/?p=2100#article\",\"isPartOf\":{\"@id\":\"https:\/\/tribunadapraia.com.br\/?p=2100#webpage\"},\"author\":{\"@id\":\"https:\/\/tribunadapraia.com.br\/#\/schema\/person\/099fbbf59acc5895c0d7d52b4fc46c97\"},\"headline\":\"Editorial: Valberto Lima n\\u00e3o ter\\u00e1 oposi\\u00e7\\u00e3o, mas ser\\u00e1 &#8220;emparedado&#8221; por parlamentares\",\"datePublished\":\"2021-01-09T14:34:34+00:00\",\"dateModified\":\"2021-01-09T14:34:34+00:00\",\"mainEntityOfPage\":{\"@id\":\"https:\/\/tribunadapraia.com.br\/?p=2100#webpage\"},\"wordCount\":116,\"commentCount\":0,\"publisher\":{\"@id\":\"https:\/\/tribunadapraia.com.br\/#organization\"},\"image\":{\"@id\":\"https:\/\/tribunadapraia.com.br\/?p=2100#primaryimage\"},\"thumbnailUrl\":\"https:\/\/tribunadapraia.com.br\/wp-content\/uploads\/2021\/01\/IMG-20200826-WA0018.jpg\",\"articleSection\":[\"Not\\u00edcias\"],\"inLanguage\":\"pt-BR\",\"potentialAction\":[{\"@type\":\"CommentAction\",\"name\":\"Comment\",\"target\":[\"https:\/\/tribunadapraia.com.br\/?p=2100#respond\"]}]},{\"@type\":\"Person\",\"@id\":\"https:\/\/tribunadapraia.com.br\/#\/schema\/person\/099fbbf59acc5895c0d7d52b4fc46c97\",\"name\":\"Reda\\u00e7\\u00e3o\",\"image\":{\"@type\":\"ImageObject\",\"@id\":\"https:\/\/tribunadapraia.com.br\/#personlogo\",\"inLanguage\":\"pt-BR\",\"url\":\"https:\/\/secure.gravatar.com\/avatar\/91c8b91d2bfd7784eac5c3e055361f64?s=96&d=identicon&r=g\",\"contentUrl\":\"https:\/\/secure.gravatar.com\/avatar\/91c8b91d2bfd7784eac5c3e055361f64?s=96&d=identicon&r=g\",\"caption\":\"Reda\\u00e7\\u00e3o\"}}]}<\/script>\n<!-- \/ Yoast SEO plugin. -->","wps_subtitle":"","_links":{"self":[{"href":"https:\/\/tribunadapraia.com.br\/index.php?rest_route=\/wp\/v2\/posts\/2100"}],"collection":[{"href":"https:\/\/tribunadapraia.com.br\/index.php?rest_route=\/wp\/v2\/posts"}],"about":[{"href":"https:\/\/tribunadapraia.com.br\/index.php?rest_route=\/wp\/v2\/types\/post"}],"author":[{"embeddable":true,"href":"https:\/\/tribunadapraia.com.br\/index.php?rest_route=\/wp\/v2\/users\/3"}],"replies":[{"embeddable":true,"href":"https:\/\/tribunadapraia.com.br\/index.php?rest_route=%2Fwp%2Fv2%2Fcomments&post=2100"}],"version-history":[{"count":1,"href":"https:\/\/tribunadapraia.com.br\/index.php?rest_route=\/wp\/v2\/posts\/2100\/revisions"}],"predecessor-version":[{"id":2102,"href":"https:\/\/tribunadapraia.com.br\/index.php?rest_route=\/wp\/v2\/posts\/2100\/revisions\/2102"}],"wp:featuredmedia":[{"embeddable":true,"href":"https:\/\/tribunadapraia.com.br\/index.php?rest_route=\/wp\/v2\/media\/2101"}],"wp:attachment":[{"href":"https:\/\/tribunadapraia.com.br\/index.php?rest_route=%2Fwp%2Fv2%2Fmedia&parent=2100"}],"wp:term":[{"taxonomy":"category","embeddable":true,"href":"https:\/\/tribunadapraia.com.br\/index.php?rest_route=%2Fwp%2Fv2%2Fcategories&post=2100"},{"taxonomy":"post_tag","embeddable":true,"href":"https:\/\/tribunadapraia.com.br\/index.php?rest_route=%2Fwp%2Fv2%2Ftags&post=2100"}],"curies":[{"name":"wp","href":"https:\/\/api.w.org\/{rel}","templated":true}]}}