{"id":2088,"date":"2021-01-09T09:08:21","date_gmt":"2021-01-09T12:08:21","guid":{"rendered":"https:\/\/tribunadapraia.com.br\/?p=2088"},"modified":"2021-01-09T09:09:04","modified_gmt":"2021-01-09T12:09:04","slug":"nota-de-esclarecimento-prefeitura-de-propria","status":"publish","type":"post","link":"https:\/\/tribunadapraia.com.br\/?p=2088","title":{"rendered":"NOTA DE ESCLARECIMENTO: Prefeitura de Propri\u00e1"},"content":{"rendered":"<p>A Prefeitura Municipal de Propri\u00e1, vem por meio desta, esclarecer sobre den\u00fancia realizada pelo ve\u00edculo \u201cSintonia Not\u00edcias\u201d, de propriedade do radialista Ferreira Filho, onde acusa a gest\u00e3o municipal de utilizar uma m\u00e1quina retroescavadeira, doada pela CODEVASF para realiza\u00e7\u00e3o de servi\u00e7o em propriedade privada.<\/p>\n<p>Em verdade, a m\u00e1quina retroescavadeira pertence \u00e0 Secretaria Municipal de Agricultura e Pesca e tem como objetivo atender \u00e0s necessidades dos agricultores do munic\u00edpio.<\/p>\n<p>Neste sentido, n\u00e3o existe nenhuma irregularidade, a mesma foi solicitada desde a \u00faltima segunda-feira, 04, por meio de of\u00edcio pelo propriet\u00e1rio do terreno, estando \u00e0 disposi\u00e7\u00e3o para agendamento por qualquer dos agricultores propriaenses.<\/p>\n<p>O Munic\u00edpio j\u00e1 tem ci\u00eancia de toda situa\u00e7\u00e3o, age dentro da legalidade e est\u00e1 \u00e0 disposi\u00e7\u00e3o dos \u00f3rg\u00e3os de controle para prestar contas caso haja necessidade.<\/p>\n<p>Peopei\u00e1, 08 de janeiro de 2021<\/p>\n<p>Ascom\/Prefeitura Municipal de Propri\u00e1<\/p>\n","protected":false},"excerpt":{"rendered":"<p>A Prefeitura Municipal de Propri\u00e1, vem por meio desta, esclarecer sobre den\u00fancia realizada pelo ve\u00edculo \u201cSintonia Not\u00edcias\u201d, de propriedade do radialista Ferreira Filho, onde acusa a gest\u00e3o municipal de utilizar uma m\u00e1quina retroescavadeira, doada pela CODEVASF para realiza\u00e7\u00e3o de servi\u00e7o em propriedade privada. Em verdade, a m\u00e1quina retroescavadeira pertence \u00e0 Secretaria Municipal de Agricultura e Pesca e tem como objetivo atender \u00e0s necessidades dos agricultores do munic\u00edpio. Neste sentido, n\u00e3o<\/p>\n","protected":false},"author":1,"featured_media":2089,"comment_status":"open","ping_status":"open","sticky":false,"template":"","format":"standard","meta":[],"categories":[18],"tags":[],"yoast_head":"<!-- This site is optimized with the Yoast SEO plugin v16.3 - https:\/\/yoast.com\/wordpress\/plugins\/seo\/ -->\n<title>NOTA DE ESCLARECIMENTO: Prefeitura de Propri\u00e1 - TRIBUNA DA PRAIA<\/title>\n<meta name=\"robots\" content=\"index, follow, max-snippet:-1, max-image-preview:large, max-video-preview:-1\" \/>\n<link rel=\"canonical\" href=\"https:\/\/tribunadapraia.com.br\/?p=2088\" \/>\n<meta property=\"og:locale\" content=\"pt_BR\" \/>\n<meta property=\"og:type\" content=\"article\" \/>\n<meta property=\"og:title\" content=\"NOTA DE ESCLARECIMENTO: Prefeitura de Propri\u00e1 - TRIBUNA DA PRAIA\" \/>\n<meta property=\"og:description\" content=\"A Prefeitura Municipal de Propri\u00e1, vem por meio desta, esclarecer sobre den\u00fancia realizada pelo ve\u00edculo \u201cSintonia Not\u00edcias\u201d, de propriedade do radialista Ferreira Filho, onde acusa a gest\u00e3o municipal de utilizar uma m\u00e1quina retroescavadeira, doada pela CODEVASF para realiza\u00e7\u00e3o de servi\u00e7o em propriedade privada. Em verdade, a m\u00e1quina retroescavadeira pertence \u00e0 Secretaria Municipal de Agricultura e Pesca e tem como objetivo atender \u00e0s necessidades dos agricultores do munic\u00edpio. Neste sentido, n\u00e3o\" \/>\n<meta property=\"og:url\" content=\"https:\/\/tribunadapraia.com.br\/?p=2088\" \/>\n<meta property=\"og:site_name\" content=\"TRIBUNA DA PRAIA\" \/>\n<meta property=\"article:publisher\" content=\"https:\/\/www.facebook.com\/tribunadapraiaonline\/\" \/>\n<meta property=\"article:published_time\" content=\"2021-01-09T12:08:21+00:00\" \/>\n<meta property=\"article:modified_time\" content=\"2021-01-09T12:09:04+00:00\" \/>\n<meta property=\"og:image\" content=\"https:\/\/tribunadapraia.com.br\/wp-content\/uploads\/2021\/01\/IMG-20210109-WA0021.jpg\" \/>\n\t<meta property=\"og:image:width\" content=\"675\" \/>\n\t<meta property=\"og:image:height\" content=\"513\" \/>\n<meta name=\"twitter:card\" content=\"summary_large_image\" \/>\n<meta name=\"twitter:creator\" content=\"@Claudomir21\" \/>\n<meta name=\"twitter:site\" content=\"@Claudomir21\" \/>\n<meta name=\"twitter:label1\" content=\"Est. tempo de leitura\">\n\t<meta name=\"twitter:data1\" content=\"1 minuto\">\n<script type=\"application\/ld+json\" class=\"yoast-schema-graph\">{\"@context\":\"https:\/\/schema.org\",\"@graph\":[{\"@type\":\"Organization\",\"@id\":\"https:\/\/tribunadapraia.com.br\/#organization\",\"name\":\"Tribuna da Praia\",\"url\":\"https:\/\/tribunadapraia.com.br\/\",\"sameAs\":[\"https:\/\/www.facebook.com\/tribunadapraiaonline\/\",\"https:\/\/www.instagram.com\/claudomirtavares\/\",\"https:\/\/www.youtube.com\/channel\/UCwQf80nxiMzCefAyjbp53Rw\",\"https:\/\/twitter.com\/Claudomir21\"],\"logo\":{\"@type\":\"ImageObject\",\"@id\":\"https:\/\/tribunadapraia.com.br\/#logo\",\"inLanguage\":\"pt-BR\",\"url\":\"https:\/\/tribunadapraia.com.br\/wp-content\/uploads\/2020\/02\/logo.png\",\"contentUrl\":\"https:\/\/tribunadapraia.com.br\/wp-content\/uploads\/2020\/02\/logo.png\",\"width\":501,\"height\":121,\"caption\":\"Tribuna da Praia\"},\"image\":{\"@id\":\"https:\/\/tribunadapraia.com.br\/#logo\"}},{\"@type\":\"WebSite\",\"@id\":\"https:\/\/tribunadapraia.com.br\/#website\",\"url\":\"https:\/\/tribunadapraia.com.br\/\",\"name\":\"TRIBUNA DA PRAIA\",\"description\":\"O 1\\u00ba jornal do interior de Sergipe na internet\",\"publisher\":{\"@id\":\"https:\/\/tribunadapraia.com.br\/#organization\"},\"potentialAction\":[{\"@type\":\"SearchAction\",\"target\":\"https:\/\/tribunadapraia.com.br\/?s={search_term_string}\",\"query-input\":\"required name=search_term_string\"}],\"inLanguage\":\"pt-BR\"},{\"@type\":\"ImageObject\",\"@id\":\"https:\/\/tribunadapraia.com.br\/?p=2088#primaryimage\",\"inLanguage\":\"pt-BR\",\"url\":\"https:\/\/tribunadapraia.com.br\/wp-content\/uploads\/2021\/01\/IMG-20210109-WA0021.jpg\",\"contentUrl\":\"https:\/\/tribunadapraia.com.br\/wp-content\/uploads\/2021\/01\/IMG-20210109-WA0021.jpg\",\"width\":675,\"height\":513},{\"@type\":\"WebPage\",\"@id\":\"https:\/\/tribunadapraia.com.br\/?p=2088#webpage\",\"url\":\"https:\/\/tribunadapraia.com.br\/?p=2088\",\"name\":\"NOTA DE ESCLARECIMENTO: Prefeitura de Propri\\u00e1 - TRIBUNA DA PRAIA\",\"isPartOf\":{\"@id\":\"https:\/\/tribunadapraia.com.br\/#website\"},\"primaryImageOfPage\":{\"@id\":\"https:\/\/tribunadapraia.com.br\/?p=2088#primaryimage\"},\"datePublished\":\"2021-01-09T12:08:21+00:00\",\"dateModified\":\"2021-01-09T12:09:04+00:00\",\"breadcrumb\":{\"@id\":\"https:\/\/tribunadapraia.com.br\/?p=2088#breadcrumb\"},\"inLanguage\":\"pt-BR\",\"potentialAction\":[{\"@type\":\"ReadAction\",\"target\":[\"https:\/\/tribunadapraia.com.br\/?p=2088\"]}]},{\"@type\":\"BreadcrumbList\",\"@id\":\"https:\/\/tribunadapraia.com.br\/?p=2088#breadcrumb\",\"itemListElement\":[{\"@type\":\"ListItem\",\"position\":1,\"item\":{\"@type\":\"WebPage\",\"@id\":\"https:\/\/tribunadapraia.com.br\/\",\"url\":\"https:\/\/tribunadapraia.com.br\/\",\"name\":\"In\\u00edcio\"}},{\"@type\":\"ListItem\",\"position\":2,\"item\":{\"@id\":\"https:\/\/tribunadapraia.com.br\/?p=2088#webpage\"}}]},{\"@type\":\"Article\",\"@id\":\"https:\/\/tribunadapraia.com.br\/?p=2088#article\",\"isPartOf\":{\"@id\":\"https:\/\/tribunadapraia.com.br\/?p=2088#webpage\"},\"author\":{\"@id\":\"https:\/\/tribunadapraia.com.br\/#\/schema\/person\/326b0a9f3163b479142c64eba4928de0\"},\"headline\":\"NOTA DE ESCLARECIMENTO: Prefeitura de Propri\\u00e1\",\"datePublished\":\"2021-01-09T12:08:21+00:00\",\"dateModified\":\"2021-01-09T12:09:04+00:00\",\"mainEntityOfPage\":{\"@id\":\"https:\/\/tribunadapraia.com.br\/?p=2088#webpage\"},\"wordCount\":155,\"commentCount\":1,\"publisher\":{\"@id\":\"https:\/\/tribunadapraia.com.br\/#organization\"},\"image\":{\"@id\":\"https:\/\/tribunadapraia.com.br\/?p=2088#primaryimage\"},\"thumbnailUrl\":\"https:\/\/tribunadapraia.com.br\/wp-content\/uploads\/2021\/01\/IMG-20210109-WA0021.jpg\",\"articleSection\":[\"Not\\u00edcias\"],\"inLanguage\":\"pt-BR\",\"potentialAction\":[{\"@type\":\"CommentAction\",\"name\":\"Comment\",\"target\":[\"https:\/\/tribunadapraia.com.br\/?p=2088#respond\"]}]},{\"@type\":\"Person\",\"@id\":\"https:\/\/tribunadapraia.com.br\/#\/schema\/person\/326b0a9f3163b479142c64eba4928de0\",\"name\":\"tribunadapraia\",\"image\":{\"@type\":\"ImageObject\",\"@id\":\"https:\/\/tribunadapraia.com.br\/#personlogo\",\"inLanguage\":\"pt-BR\",\"url\":\"https:\/\/secure.gravatar.com\/avatar\/38b019c74762496076b7355024a0dad9?s=96&d=identicon&r=g\",\"contentUrl\":\"https:\/\/secure.gravatar.com\/avatar\/38b019c74762496076b7355024a0dad9?s=96&d=identicon&r=g\",\"caption\":\"tribunadapraia\"}}]}<\/script>\n<!-- \/ Yoast SEO plugin. -->","wps_subtitle":"","_links":{"self":[{"href":"https:\/\/tribunadapraia.com.br\/index.php?rest_route=\/wp\/v2\/posts\/2088"}],"collection":[{"href":"https:\/\/tribunadapraia.com.br\/index.php?rest_route=\/wp\/v2\/posts"}],"about":[{"href":"https:\/\/tribunadapraia.com.br\/index.php?rest_route=\/wp\/v2\/types\/post"}],"author":[{"embeddable":true,"href":"https:\/\/tribunadapraia.com.br\/index.php?rest_route=\/wp\/v2\/users\/1"}],"replies":[{"embeddable":true,"href":"https:\/\/tribunadapraia.com.br\/index.php?rest_route=%2Fwp%2Fv2%2Fcomments&post=2088"}],"version-history":[{"count":1,"href":"https:\/\/tribunadapraia.com.br\/index.php?rest_route=\/wp\/v2\/posts\/2088\/revisions"}],"predecessor-version":[{"id":2090,"href":"https:\/\/tribunadapraia.com.br\/index.php?rest_route=\/wp\/v2\/posts\/2088\/revisions\/2090"}],"wp:featuredmedia":[{"embeddable":true,"href":"https:\/\/tribunadapraia.com.br\/index.php?rest_route=\/wp\/v2\/media\/2089"}],"wp:attachment":[{"href":"https:\/\/tribunadapraia.com.br\/index.php?rest_route=%2Fwp%2Fv2%2Fmedia&parent=2088"}],"wp:term":[{"taxonomy":"category","embeddable":true,"href":"https:\/\/tribunadapraia.com.br\/index.php?rest_route=%2Fwp%2Fv2%2Fcategories&post=2088"},{"taxonomy":"post_tag","embeddable":true,"href":"https:\/\/tribunadapraia.com.br\/index.php?rest_route=%2Fwp%2Fv2%2Ftags&post=2088"}],"curies":[{"name":"wp","href":"https:\/\/api.w.org\/{rel}","templated":true}]}}