{"id":2084,"date":"2021-01-09T08:25:58","date_gmt":"2021-01-09T11:25:58","guid":{"rendered":"https:\/\/tribunadapraia.com.br\/?p=2084"},"modified":"2021-01-09T08:26:57","modified_gmt":"2021-01-09T11:26:57","slug":"denuncia-maquina-da-prefeitura-de-propria-atendendo-servico-particular","status":"publish","type":"post","link":"https:\/\/tribunadapraia.com.br\/?p=2084","title":{"rendered":"DEN\u00daNCIA* : M\u00e1quina da prefeitura de Propri\u00e1 atendendo servi\u00e7o particular"},"content":{"rendered":"<p>Na manh\u00e3 desta sexta-feira, 8, quinto dia \u00fatil das novas administra\u00e7\u00f5es municipais, uma m\u00e1quina retroescavadeira da prefeitura de Propri\u00e1, doada pela CODEVASF, em cumprimento a emenda da senadora Maria do Carmo, foi flagrada (veja v\u00eddeo) realizando servi\u00e7o em propriedade privada, que tem como propriet\u00e1rio um apoiador da campanha de Dr. Valberto Lima na \u00faltima elei\u00e7\u00e3o.<\/p>\n<p>A \u00e1rea \u00e9 de um cidad\u00e3o conhecido no munic\u00edpio por &#8220;Toquinha&#8221;, que inclusive desafiou advers\u00e1rios para uma aposta no valor de 300 mil, colocando como garantia duas caminhonetes Mitsubishi, L200, Triton, tamb\u00e9m de sua propriedade (veja v\u00eddeo). No desafio, Toquinha \u00e9 enf\u00e1tico em favor de quem ele faz o desafio: Dr. Valberto.<\/p>\n<p>Ainda consta na den\u00fancia o v\u00eddeo da entrega do equipamento para prefeitura de Propri\u00e1, ainda na gest\u00e3o do ex-prefeito Yokana\u00e3 Santana. O ex-prefeito agradece a senadora Maria do Carmo pela emenda, e ao superintendente da CODEVASF, C\u00e9sar Mandarino, presente no ato.<\/p>\n<p>O flagrante foi registrado pelo ex-deputado Luciano Nascimento, que ir\u00e1 formalizar a Den\u00fancia aos Minist\u00e9rios P\u00fablicos Estadual e Federal, considerando que envolve verba federal a partir da emenda da senadora Maria do Carmo.<\/p>\n<p>Luciano n\u00e3o esconde sua indigna\u00e7\u00e3o com a utiliza\u00e7\u00e3o do equipamento p\u00fablico dentro de uma propriedade particular, principalmente, diante da necessidade urgente que o munic\u00edpio tem de uma m\u00e1quina como essa na recupera\u00e7\u00e3o de ruas e tamb\u00e9m na limpeza p\u00fablica.<\/p>\n<p>&#8220;N\u00e3o me surpreende esse ato de improbidade administrativa do Dr. Valberto. \u00c9 preciso que os \u00f3rg\u00e3os de controle e fiscaliza\u00e7\u00e3o tomem provid\u00eancias e puna rigorosamente os autores de crimes como esse&#8221;, comentou Luciano.<\/p>\n<p>Os v\u00eddeos ser\u00e3o inseridos na den\u00fancia, e tem a autoria do pr\u00f3prio denunciante que esteve pessoalmente no local.<\/p>\n<p>fonte: SINTONIA Not\u00edias<\/p>\n","protected":false},"excerpt":{"rendered":"<p>Na manh\u00e3 desta sexta-feira, 8, quinto dia \u00fatil das novas administra\u00e7\u00f5es municipais, uma m\u00e1quina retroescavadeira da prefeitura de Propri\u00e1, doada pela CODEVASF, em cumprimento a emenda da senadora Maria do Carmo, foi flagrada (veja v\u00eddeo) realizando servi\u00e7o em propriedade privada, que tem como propriet\u00e1rio um apoiador da campanha de Dr. Valberto Lima na \u00faltima elei\u00e7\u00e3o. A \u00e1rea \u00e9 de um cidad\u00e3o conhecido no munic\u00edpio por &#8220;Toquinha&#8221;, que inclusive desafiou advers\u00e1rios<\/p>\n","protected":false},"author":1,"featured_media":2085,"comment_status":"open","ping_status":"open","sticky":false,"template":"","format":"standard","meta":[],"categories":[18],"tags":[],"yoast_head":"<!-- This site is optimized with the Yoast SEO plugin v16.3 - https:\/\/yoast.com\/wordpress\/plugins\/seo\/ -->\n<title>DEN\u00daNCIA* : M\u00e1quina da prefeitura de Propri\u00e1 atendendo servi\u00e7o particular - TRIBUNA DA PRAIA<\/title>\n<meta name=\"robots\" content=\"index, follow, max-snippet:-1, max-image-preview:large, max-video-preview:-1\" \/>\n<link rel=\"canonical\" href=\"https:\/\/tribunadapraia.com.br\/?p=2084\" \/>\n<meta property=\"og:locale\" content=\"pt_BR\" \/>\n<meta property=\"og:type\" content=\"article\" \/>\n<meta property=\"og:title\" content=\"DEN\u00daNCIA* : M\u00e1quina da prefeitura de Propri\u00e1 atendendo servi\u00e7o particular - TRIBUNA DA PRAIA\" \/>\n<meta property=\"og:description\" content=\"Na manh\u00e3 desta sexta-feira, 8, quinto dia \u00fatil das novas administra\u00e7\u00f5es municipais, uma m\u00e1quina retroescavadeira da prefeitura de Propri\u00e1, doada pela CODEVASF, em cumprimento a emenda da senadora Maria do Carmo, foi flagrada (veja v\u00eddeo) realizando servi\u00e7o em propriedade privada, que tem como propriet\u00e1rio um apoiador da campanha de Dr. Valberto Lima na \u00faltima elei\u00e7\u00e3o. A \u00e1rea \u00e9 de um cidad\u00e3o conhecido no munic\u00edpio por &#8220;Toquinha&#8221;, que inclusive desafiou advers\u00e1rios\" \/>\n<meta property=\"og:url\" content=\"https:\/\/tribunadapraia.com.br\/?p=2084\" \/>\n<meta property=\"og:site_name\" content=\"TRIBUNA DA PRAIA\" \/>\n<meta property=\"article:publisher\" content=\"https:\/\/www.facebook.com\/tribunadapraiaonline\/\" \/>\n<meta property=\"article:published_time\" content=\"2021-01-09T11:25:58+00:00\" \/>\n<meta property=\"article:modified_time\" content=\"2021-01-09T11:26:57+00:00\" \/>\n<meta property=\"og:image\" content=\"https:\/\/tribunadapraia.com.br\/wp-content\/uploads\/2021\/01\/IMG-20210109-WA0005.jpg\" \/>\n\t<meta property=\"og:image:width\" content=\"1280\" \/>\n\t<meta property=\"og:image:height\" content=\"1280\" \/>\n<meta name=\"twitter:card\" content=\"summary_large_image\" \/>\n<meta name=\"twitter:creator\" content=\"@Claudomir21\" \/>\n<meta name=\"twitter:site\" content=\"@Claudomir21\" \/>\n<meta name=\"twitter:label1\" content=\"Est. tempo de leitura\">\n\t<meta name=\"twitter:data1\" content=\"2 minutos\">\n<script type=\"application\/ld+json\" class=\"yoast-schema-graph\">{\"@context\":\"https:\/\/schema.org\",\"@graph\":[{\"@type\":\"Organization\",\"@id\":\"https:\/\/tribunadapraia.com.br\/#organization\",\"name\":\"Tribuna da Praia\",\"url\":\"https:\/\/tribunadapraia.com.br\/\",\"sameAs\":[\"https:\/\/www.facebook.com\/tribunadapraiaonline\/\",\"https:\/\/www.instagram.com\/claudomirtavares\/\",\"https:\/\/www.youtube.com\/channel\/UCwQf80nxiMzCefAyjbp53Rw\",\"https:\/\/twitter.com\/Claudomir21\"],\"logo\":{\"@type\":\"ImageObject\",\"@id\":\"https:\/\/tribunadapraia.com.br\/#logo\",\"inLanguage\":\"pt-BR\",\"url\":\"https:\/\/tribunadapraia.com.br\/wp-content\/uploads\/2020\/02\/logo.png\",\"contentUrl\":\"https:\/\/tribunadapraia.com.br\/wp-content\/uploads\/2020\/02\/logo.png\",\"width\":501,\"height\":121,\"caption\":\"Tribuna da Praia\"},\"image\":{\"@id\":\"https:\/\/tribunadapraia.com.br\/#logo\"}},{\"@type\":\"WebSite\",\"@id\":\"https:\/\/tribunadapraia.com.br\/#website\",\"url\":\"https:\/\/tribunadapraia.com.br\/\",\"name\":\"TRIBUNA DA PRAIA\",\"description\":\"O 1\\u00ba jornal do interior de Sergipe na internet\",\"publisher\":{\"@id\":\"https:\/\/tribunadapraia.com.br\/#organization\"},\"potentialAction\":[{\"@type\":\"SearchAction\",\"target\":\"https:\/\/tribunadapraia.com.br\/?s={search_term_string}\",\"query-input\":\"required name=search_term_string\"}],\"inLanguage\":\"pt-BR\"},{\"@type\":\"ImageObject\",\"@id\":\"https:\/\/tribunadapraia.com.br\/?p=2084#primaryimage\",\"inLanguage\":\"pt-BR\",\"url\":\"https:\/\/tribunadapraia.com.br\/wp-content\/uploads\/2021\/01\/IMG-20210109-WA0005.jpg\",\"contentUrl\":\"https:\/\/tribunadapraia.com.br\/wp-content\/uploads\/2021\/01\/IMG-20210109-WA0005.jpg\",\"width\":1280,\"height\":1280},{\"@type\":\"WebPage\",\"@id\":\"https:\/\/tribunadapraia.com.br\/?p=2084#webpage\",\"url\":\"https:\/\/tribunadapraia.com.br\/?p=2084\",\"name\":\"DEN\\u00daNCIA* : M\\u00e1quina da prefeitura de Propri\\u00e1 atendendo servi\\u00e7o particular - TRIBUNA DA PRAIA\",\"isPartOf\":{\"@id\":\"https:\/\/tribunadapraia.com.br\/#website\"},\"primaryImageOfPage\":{\"@id\":\"https:\/\/tribunadapraia.com.br\/?p=2084#primaryimage\"},\"datePublished\":\"2021-01-09T11:25:58+00:00\",\"dateModified\":\"2021-01-09T11:26:57+00:00\",\"breadcrumb\":{\"@id\":\"https:\/\/tribunadapraia.com.br\/?p=2084#breadcrumb\"},\"inLanguage\":\"pt-BR\",\"potentialAction\":[{\"@type\":\"ReadAction\",\"target\":[\"https:\/\/tribunadapraia.com.br\/?p=2084\"]}]},{\"@type\":\"BreadcrumbList\",\"@id\":\"https:\/\/tribunadapraia.com.br\/?p=2084#breadcrumb\",\"itemListElement\":[{\"@type\":\"ListItem\",\"position\":1,\"item\":{\"@type\":\"WebPage\",\"@id\":\"https:\/\/tribunadapraia.com.br\/\",\"url\":\"https:\/\/tribunadapraia.com.br\/\",\"name\":\"In\\u00edcio\"}},{\"@type\":\"ListItem\",\"position\":2,\"item\":{\"@id\":\"https:\/\/tribunadapraia.com.br\/?p=2084#webpage\"}}]},{\"@type\":\"Article\",\"@id\":\"https:\/\/tribunadapraia.com.br\/?p=2084#article\",\"isPartOf\":{\"@id\":\"https:\/\/tribunadapraia.com.br\/?p=2084#webpage\"},\"author\":{\"@id\":\"https:\/\/tribunadapraia.com.br\/#\/schema\/person\/326b0a9f3163b479142c64eba4928de0\"},\"headline\":\"DEN\\u00daNCIA* : M\\u00e1quina da prefeitura de Propri\\u00e1 atendendo servi\\u00e7o particular\",\"datePublished\":\"2021-01-09T11:25:58+00:00\",\"dateModified\":\"2021-01-09T11:26:57+00:00\",\"mainEntityOfPage\":{\"@id\":\"https:\/\/tribunadapraia.com.br\/?p=2084#webpage\"},\"wordCount\":318,\"commentCount\":0,\"publisher\":{\"@id\":\"https:\/\/tribunadapraia.com.br\/#organization\"},\"image\":{\"@id\":\"https:\/\/tribunadapraia.com.br\/?p=2084#primaryimage\"},\"thumbnailUrl\":\"https:\/\/tribunadapraia.com.br\/wp-content\/uploads\/2021\/01\/IMG-20210109-WA0005.jpg\",\"articleSection\":[\"Not\\u00edcias\"],\"inLanguage\":\"pt-BR\",\"potentialAction\":[{\"@type\":\"CommentAction\",\"name\":\"Comment\",\"target\":[\"https:\/\/tribunadapraia.com.br\/?p=2084#respond\"]}]},{\"@type\":\"Person\",\"@id\":\"https:\/\/tribunadapraia.com.br\/#\/schema\/person\/326b0a9f3163b479142c64eba4928de0\",\"name\":\"tribunadapraia\",\"image\":{\"@type\":\"ImageObject\",\"@id\":\"https:\/\/tribunadapraia.com.br\/#personlogo\",\"inLanguage\":\"pt-BR\",\"url\":\"https:\/\/secure.gravatar.com\/avatar\/38b019c74762496076b7355024a0dad9?s=96&d=identicon&r=g\",\"contentUrl\":\"https:\/\/secure.gravatar.com\/avatar\/38b019c74762496076b7355024a0dad9?s=96&d=identicon&r=g\",\"caption\":\"tribunadapraia\"}}]}<\/script>\n<!-- \/ Yoast SEO plugin. -->","wps_subtitle":"","_links":{"self":[{"href":"https:\/\/tribunadapraia.com.br\/index.php?rest_route=\/wp\/v2\/posts\/2084"}],"collection":[{"href":"https:\/\/tribunadapraia.com.br\/index.php?rest_route=\/wp\/v2\/posts"}],"about":[{"href":"https:\/\/tribunadapraia.com.br\/index.php?rest_route=\/wp\/v2\/types\/post"}],"author":[{"embeddable":true,"href":"https:\/\/tribunadapraia.com.br\/index.php?rest_route=\/wp\/v2\/users\/1"}],"replies":[{"embeddable":true,"href":"https:\/\/tribunadapraia.com.br\/index.php?rest_route=%2Fwp%2Fv2%2Fcomments&post=2084"}],"version-history":[{"count":1,"href":"https:\/\/tribunadapraia.com.br\/index.php?rest_route=\/wp\/v2\/posts\/2084\/revisions"}],"predecessor-version":[{"id":2086,"href":"https:\/\/tribunadapraia.com.br\/index.php?rest_route=\/wp\/v2\/posts\/2084\/revisions\/2086"}],"wp:featuredmedia":[{"embeddable":true,"href":"https:\/\/tribunadapraia.com.br\/index.php?rest_route=\/wp\/v2\/media\/2085"}],"wp:attachment":[{"href":"https:\/\/tribunadapraia.com.br\/index.php?rest_route=%2Fwp%2Fv2%2Fmedia&parent=2084"}],"wp:term":[{"taxonomy":"category","embeddable":true,"href":"https:\/\/tribunadapraia.com.br\/index.php?rest_route=%2Fwp%2Fv2%2Fcategories&post=2084"},{"taxonomy":"post_tag","embeddable":true,"href":"https:\/\/tribunadapraia.com.br\/index.php?rest_route=%2Fwp%2Fv2%2Ftags&post=2084"}],"curies":[{"name":"wp","href":"https:\/\/api.w.org\/{rel}","templated":true}]}}