{"id":2081,"date":"2021-01-07T12:24:50","date_gmt":"2021-01-07T15:24:50","guid":{"rendered":"https:\/\/tribunadapraia.com.br\/?p=2081"},"modified":"2021-01-07T12:24:50","modified_gmt":"2021-01-07T15:24:50","slug":"renisson-felix-no-meio-ambiente-ate-desmembramento-da-cultura","status":"publish","type":"post","link":"https:\/\/tribunadapraia.com.br\/?p=2081","title":{"rendered":"R\u00eanisson F\u00e9lix no Meio Ambiente at\u00e9 desmembramento da Cultura"},"content":{"rendered":"<ol>\n<li>\u2155O ativista cultural R\u00eanisson F\u00e9lix foi nomeado temporariamente secret\u00e1rio municipal de Meio Ambiente, at\u00e9 que o Parlamento aprove o novo Organograma a ser encaminhado em forma de Projeto de Lei pelo prefeito Valberto Lima (MDB), desmembrado a Cultura, Esporte e Juventude da Educa\u00e7\u00e3o que est\u00e1 sob o comando do professor Glaedson Novais. At\u00e9 l\u00e1, R\u00eanisson n\u00e3o poder\u00e1 desenvolver de direito quaisquer projetos culturais e sim ambientais, sob pena de desvios de fun\u00e7\u00f5es e finalidades.<\/li>\n<\/ol>\n<p>Quatro anos depoisc &#8211; Em 2016 o prefeito eleito, Iokanaan Santana (PSB) havia convidado R\u00eanisson para assumir provisoriamente o Departamento de Cultura, at\u00e9 a C\u00e2mara aprovar o novo Organograma, mas F\u00e9lix n\u00e3o aceitou, pois alegou que esta permaneceria Departamento, fato que segundo o ex-prefeito Ioka (PL) revelou que aquela condi\u00e7\u00e3o seria tempor\u00e1ria.<\/p>\n<p>Crit\u00e9rios utilizados &#8211; Anunciado durante entrevista como futuro secret\u00e1rio de Cultura, Esporte e Juventude, Valberto Lima deveria ter deixado claro est\u00e1 condi\u00e7\u00e3o de transitoriedade m, assim como admitiu explicitamente acordos pol\u00edticos_ e implicitamente o fisiologismo, dois elementos indisfar\u00e7\u00e1v\u00e9is na montagem da equipe de gest\u00e3o pol\u00edtica e administrativa.<\/p>\n<p>por ClaudOmir Herzog<\/p>\n","protected":false},"excerpt":{"rendered":"<p>\u2155O ativista cultural R\u00eanisson F\u00e9lix foi nomeado temporariamente secret\u00e1rio municipal de Meio Ambiente, at\u00e9 que o Parlamento aprove o novo Organograma a ser encaminhado em forma de Projeto de Lei pelo prefeito Valberto Lima (MDB), desmembrado a Cultura, Esporte e Juventude da Educa\u00e7\u00e3o que est\u00e1 sob o comando do professor Glaedson Novais. At\u00e9 l\u00e1, R\u00eanisson n\u00e3o poder\u00e1 desenvolver de direito quaisquer projetos culturais e sim ambientais, sob pena de desvios<\/p>\n","protected":false},"author":3,"featured_media":2082,"comment_status":"open","ping_status":"open","sticky":false,"template":"","format":"standard","meta":[],"categories":[18],"tags":[],"yoast_head":"<!-- This site is optimized with the Yoast SEO plugin v16.3 - https:\/\/yoast.com\/wordpress\/plugins\/seo\/ -->\n<title>R\u00eanisson F\u00e9lix no Meio Ambiente at\u00e9 desmembramento da Cultura - TRIBUNA DA PRAIA<\/title>\n<meta name=\"robots\" content=\"index, follow, max-snippet:-1, max-image-preview:large, max-video-preview:-1\" \/>\n<link rel=\"canonical\" href=\"https:\/\/tribunadapraia.com.br\/?p=2081\" \/>\n<meta property=\"og:locale\" content=\"pt_BR\" \/>\n<meta property=\"og:type\" content=\"article\" \/>\n<meta property=\"og:title\" content=\"R\u00eanisson F\u00e9lix no Meio Ambiente at\u00e9 desmembramento da Cultura - TRIBUNA DA PRAIA\" \/>\n<meta property=\"og:description\" content=\"\u2155O ativista cultural R\u00eanisson F\u00e9lix foi nomeado temporariamente secret\u00e1rio municipal de Meio Ambiente, at\u00e9 que o Parlamento aprove o novo Organograma a ser encaminhado em forma de Projeto de Lei pelo prefeito Valberto Lima (MDB), desmembrado a Cultura, Esporte e Juventude da Educa\u00e7\u00e3o que est\u00e1 sob o comando do professor Glaedson Novais. At\u00e9 l\u00e1, R\u00eanisson n\u00e3o poder\u00e1 desenvolver de direito quaisquer projetos culturais e sim ambientais, sob pena de desvios\" \/>\n<meta property=\"og:url\" content=\"https:\/\/tribunadapraia.com.br\/?p=2081\" \/>\n<meta property=\"og:site_name\" content=\"TRIBUNA DA PRAIA\" \/>\n<meta property=\"article:publisher\" content=\"https:\/\/www.facebook.com\/tribunadapraiaonline\/\" \/>\n<meta property=\"article:published_time\" content=\"2021-01-07T15:24:50+00:00\" \/>\n<meta property=\"og:image\" content=\"https:\/\/tribunadapraia.com.br\/wp-content\/uploads\/2021\/01\/IMG-20210107-WA0035.jpg\" \/>\n\t<meta property=\"og:image:width\" content=\"720\" \/>\n\t<meta property=\"og:image:height\" content=\"729\" \/>\n<meta name=\"twitter:card\" content=\"summary_large_image\" \/>\n<meta name=\"twitter:creator\" content=\"@Claudomir21\" \/>\n<meta name=\"twitter:site\" content=\"@Claudomir21\" \/>\n<meta name=\"twitter:label1\" content=\"Est. tempo de leitura\">\n\t<meta name=\"twitter:data1\" content=\"1 minuto\">\n<script type=\"application\/ld+json\" class=\"yoast-schema-graph\">{\"@context\":\"https:\/\/schema.org\",\"@graph\":[{\"@type\":\"Organization\",\"@id\":\"https:\/\/tribunadapraia.com.br\/#organization\",\"name\":\"Tribuna da Praia\",\"url\":\"https:\/\/tribunadapraia.com.br\/\",\"sameAs\":[\"https:\/\/www.facebook.com\/tribunadapraiaonline\/\",\"https:\/\/www.instagram.com\/claudomirtavares\/\",\"https:\/\/www.youtube.com\/channel\/UCwQf80nxiMzCefAyjbp53Rw\",\"https:\/\/twitter.com\/Claudomir21\"],\"logo\":{\"@type\":\"ImageObject\",\"@id\":\"https:\/\/tribunadapraia.com.br\/#logo\",\"inLanguage\":\"pt-BR\",\"url\":\"https:\/\/tribunadapraia.com.br\/wp-content\/uploads\/2020\/02\/logo.png\",\"contentUrl\":\"https:\/\/tribunadapraia.com.br\/wp-content\/uploads\/2020\/02\/logo.png\",\"width\":501,\"height\":121,\"caption\":\"Tribuna da Praia\"},\"image\":{\"@id\":\"https:\/\/tribunadapraia.com.br\/#logo\"}},{\"@type\":\"WebSite\",\"@id\":\"https:\/\/tribunadapraia.com.br\/#website\",\"url\":\"https:\/\/tribunadapraia.com.br\/\",\"name\":\"TRIBUNA DA PRAIA\",\"description\":\"O 1\\u00ba jornal do interior de Sergipe na internet\",\"publisher\":{\"@id\":\"https:\/\/tribunadapraia.com.br\/#organization\"},\"potentialAction\":[{\"@type\":\"SearchAction\",\"target\":\"https:\/\/tribunadapraia.com.br\/?s={search_term_string}\",\"query-input\":\"required name=search_term_string\"}],\"inLanguage\":\"pt-BR\"},{\"@type\":\"ImageObject\",\"@id\":\"https:\/\/tribunadapraia.com.br\/?p=2081#primaryimage\",\"inLanguage\":\"pt-BR\",\"url\":\"https:\/\/tribunadapraia.com.br\/wp-content\/uploads\/2021\/01\/IMG-20210107-WA0035.jpg\",\"contentUrl\":\"https:\/\/tribunadapraia.com.br\/wp-content\/uploads\/2021\/01\/IMG-20210107-WA0035.jpg\",\"width\":720,\"height\":729},{\"@type\":\"WebPage\",\"@id\":\"https:\/\/tribunadapraia.com.br\/?p=2081#webpage\",\"url\":\"https:\/\/tribunadapraia.com.br\/?p=2081\",\"name\":\"R\\u00eanisson F\\u00e9lix no Meio Ambiente at\\u00e9 desmembramento da Cultura - TRIBUNA DA PRAIA\",\"isPartOf\":{\"@id\":\"https:\/\/tribunadapraia.com.br\/#website\"},\"primaryImageOfPage\":{\"@id\":\"https:\/\/tribunadapraia.com.br\/?p=2081#primaryimage\"},\"datePublished\":\"2021-01-07T15:24:50+00:00\",\"dateModified\":\"2021-01-07T15:24:50+00:00\",\"breadcrumb\":{\"@id\":\"https:\/\/tribunadapraia.com.br\/?p=2081#breadcrumb\"},\"inLanguage\":\"pt-BR\",\"potentialAction\":[{\"@type\":\"ReadAction\",\"target\":[\"https:\/\/tribunadapraia.com.br\/?p=2081\"]}]},{\"@type\":\"BreadcrumbList\",\"@id\":\"https:\/\/tribunadapraia.com.br\/?p=2081#breadcrumb\",\"itemListElement\":[{\"@type\":\"ListItem\",\"position\":1,\"item\":{\"@type\":\"WebPage\",\"@id\":\"https:\/\/tribunadapraia.com.br\/\",\"url\":\"https:\/\/tribunadapraia.com.br\/\",\"name\":\"In\\u00edcio\"}},{\"@type\":\"ListItem\",\"position\":2,\"item\":{\"@id\":\"https:\/\/tribunadapraia.com.br\/?p=2081#webpage\"}}]},{\"@type\":\"Article\",\"@id\":\"https:\/\/tribunadapraia.com.br\/?p=2081#article\",\"isPartOf\":{\"@id\":\"https:\/\/tribunadapraia.com.br\/?p=2081#webpage\"},\"author\":{\"@id\":\"https:\/\/tribunadapraia.com.br\/#\/schema\/person\/099fbbf59acc5895c0d7d52b4fc46c97\"},\"headline\":\"R\\u00eanisson F\\u00e9lix no Meio Ambiente at\\u00e9 desmembramento da Cultura\",\"datePublished\":\"2021-01-07T15:24:50+00:00\",\"dateModified\":\"2021-01-07T15:24:50+00:00\",\"mainEntityOfPage\":{\"@id\":\"https:\/\/tribunadapraia.com.br\/?p=2081#webpage\"},\"wordCount\":207,\"commentCount\":0,\"publisher\":{\"@id\":\"https:\/\/tribunadapraia.com.br\/#organization\"},\"image\":{\"@id\":\"https:\/\/tribunadapraia.com.br\/?p=2081#primaryimage\"},\"thumbnailUrl\":\"https:\/\/tribunadapraia.com.br\/wp-content\/uploads\/2021\/01\/IMG-20210107-WA0035.jpg\",\"articleSection\":[\"Not\\u00edcias\"],\"inLanguage\":\"pt-BR\",\"potentialAction\":[{\"@type\":\"CommentAction\",\"name\":\"Comment\",\"target\":[\"https:\/\/tribunadapraia.com.br\/?p=2081#respond\"]}]},{\"@type\":\"Person\",\"@id\":\"https:\/\/tribunadapraia.com.br\/#\/schema\/person\/099fbbf59acc5895c0d7d52b4fc46c97\",\"name\":\"Reda\\u00e7\\u00e3o\",\"image\":{\"@type\":\"ImageObject\",\"@id\":\"https:\/\/tribunadapraia.com.br\/#personlogo\",\"inLanguage\":\"pt-BR\",\"url\":\"https:\/\/secure.gravatar.com\/avatar\/91c8b91d2bfd7784eac5c3e055361f64?s=96&d=identicon&r=g\",\"contentUrl\":\"https:\/\/secure.gravatar.com\/avatar\/91c8b91d2bfd7784eac5c3e055361f64?s=96&d=identicon&r=g\",\"caption\":\"Reda\\u00e7\\u00e3o\"}}]}<\/script>\n<!-- \/ Yoast SEO plugin. -->","wps_subtitle":"","_links":{"self":[{"href":"https:\/\/tribunadapraia.com.br\/index.php?rest_route=\/wp\/v2\/posts\/2081"}],"collection":[{"href":"https:\/\/tribunadapraia.com.br\/index.php?rest_route=\/wp\/v2\/posts"}],"about":[{"href":"https:\/\/tribunadapraia.com.br\/index.php?rest_route=\/wp\/v2\/types\/post"}],"author":[{"embeddable":true,"href":"https:\/\/tribunadapraia.com.br\/index.php?rest_route=\/wp\/v2\/users\/3"}],"replies":[{"embeddable":true,"href":"https:\/\/tribunadapraia.com.br\/index.php?rest_route=%2Fwp%2Fv2%2Fcomments&post=2081"}],"version-history":[{"count":1,"href":"https:\/\/tribunadapraia.com.br\/index.php?rest_route=\/wp\/v2\/posts\/2081\/revisions"}],"predecessor-version":[{"id":2083,"href":"https:\/\/tribunadapraia.com.br\/index.php?rest_route=\/wp\/v2\/posts\/2081\/revisions\/2083"}],"wp:featuredmedia":[{"embeddable":true,"href":"https:\/\/tribunadapraia.com.br\/index.php?rest_route=\/wp\/v2\/media\/2082"}],"wp:attachment":[{"href":"https:\/\/tribunadapraia.com.br\/index.php?rest_route=%2Fwp%2Fv2%2Fmedia&parent=2081"}],"wp:term":[{"taxonomy":"category","embeddable":true,"href":"https:\/\/tribunadapraia.com.br\/index.php?rest_route=%2Fwp%2Fv2%2Fcategories&post=2081"},{"taxonomy":"post_tag","embeddable":true,"href":"https:\/\/tribunadapraia.com.br\/index.php?rest_route=%2Fwp%2Fv2%2Ftags&post=2081"}],"curies":[{"name":"wp","href":"https:\/\/api.w.org\/{rel}","templated":true}]}}