{"id":2078,"date":"2021-01-05T06:52:23","date_gmt":"2021-01-05T09:52:23","guid":{"rendered":"https:\/\/tribunadapraia.com.br\/?p=2078"},"modified":"2021-01-05T06:52:23","modified_gmt":"2021-01-05T09:52:23","slug":"em-propria-nova-grstao-precisa-apresentar-respostas-para-alem-das-conveniencias-concessoes-e-acordos-politicos","status":"publish","type":"post","link":"https:\/\/tribunadapraia.com.br\/?p=2078","title":{"rendered":"Em PROPRI\u00c1, nova grst\u00e3o precisa apresentar respostas para al\u00e9m das conveni\u00eancias, concess\u00f5es e acordos pol\u00edticos"},"content":{"rendered":"<p>O prefeito de Propri\u00e2, Valberto Lima (MDB) construiu sua equipe de governo a base dos acordos, concess\u00f5es e conveni\u00eancias pol\u00edticas, troca de favores e outros improp\u00e9rios impronunci\u00e1veis, mas precisamos acompanhar, com olhar vigilante, os resultados e se desses brotar\u00e3o pol\u00edticas p\u00fablicas consequentes, o que rogamos assim seja.<\/p>\n<p>N\u00e3o cabe aqui, antecipar julgamentos (diagn\u00f3sticos para retirar progn\u00f3sticos), mas aferir \u00e0s pol\u00edticas p\u00fablicas, os limites e possibilidades do poder p\u00fablico, sem blindar ningu\u00e9m, ao tempo que n\u00e3o se intimidar com insultos incess\u00e1veis (end\u00f3genes e ex\u00f3genes) dos que cobram, mas ainda n\u00e3o desceram do palanque, classificando a todos cuja emiss\u00e3o de opini\u00f5es que os contrariem, como opositores, gestos recorrentes de intoler\u00e2ncia, rancor e arrog\u00e2ncia.<\/p>\n<p>Aqui estaremos para aplaudir (sem carinhos, afagos e confetes) os superavit\u00e1rios result\u00e1dos e ascender a luz de alerta (sem incit\u00e1-los ou pejor\u00e1-los) sobre a falta deles, preferencialmente levando ao conjunto de nossos leitores \u00e0s realiza\u00e7\u00f5es nos mais diferentes campos e caminhos da gest\u00e3o, cujo saldo seja de esperan\u00e7a na mudan\u00e7a e n\u00e3o do novo que j\u00e1 nasce velho.<\/p>\n<p>por ClaudOmir Herzog<\/p>\n","protected":false},"excerpt":{"rendered":"<p>O prefeito de Propri\u00e2, Valberto Lima (MDB) construiu sua equipe de governo a base dos acordos, concess\u00f5es e conveni\u00eancias pol\u00edticas, troca de favores e outros improp\u00e9rios impronunci\u00e1veis, mas precisamos acompanhar, com olhar vigilante, os resultados e se desses brotar\u00e3o pol\u00edticas p\u00fablicas consequentes, o que rogamos assim seja. N\u00e3o cabe aqui, antecipar julgamentos (diagn\u00f3sticos para retirar progn\u00f3sticos), mas aferir \u00e0s pol\u00edticas p\u00fablicas, os limites e possibilidades do poder p\u00fablico, sem blindar<\/p>\n","protected":false},"author":3,"featured_media":2079,"comment_status":"open","ping_status":"open","sticky":false,"template":"","format":"standard","meta":[],"categories":[18],"tags":[],"yoast_head":"<!-- This site is optimized with the Yoast SEO plugin v16.3 - https:\/\/yoast.com\/wordpress\/plugins\/seo\/ -->\n<title>Em PROPRI\u00c1, nova grst\u00e3o precisa apresentar respostas para al\u00e9m das conveni\u00eancias, concess\u00f5es e acordos pol\u00edticos - TRIBUNA DA PRAIA<\/title>\n<meta name=\"robots\" content=\"index, follow, max-snippet:-1, max-image-preview:large, max-video-preview:-1\" \/>\n<link rel=\"canonical\" href=\"https:\/\/tribunadapraia.com.br\/?p=2078\" \/>\n<meta property=\"og:locale\" content=\"pt_BR\" \/>\n<meta property=\"og:type\" content=\"article\" \/>\n<meta property=\"og:title\" content=\"Em PROPRI\u00c1, nova grst\u00e3o precisa apresentar respostas para al\u00e9m das conveni\u00eancias, concess\u00f5es e acordos pol\u00edticos - TRIBUNA DA PRAIA\" \/>\n<meta property=\"og:description\" content=\"O prefeito de Propri\u00e2, Valberto Lima (MDB) construiu sua equipe de governo a base dos acordos, concess\u00f5es e conveni\u00eancias pol\u00edticas, troca de favores e outros improp\u00e9rios impronunci\u00e1veis, mas precisamos acompanhar, com olhar vigilante, os resultados e se desses brotar\u00e3o pol\u00edticas p\u00fablicas consequentes, o que rogamos assim seja. N\u00e3o cabe aqui, antecipar julgamentos (diagn\u00f3sticos para retirar progn\u00f3sticos), mas aferir \u00e0s pol\u00edticas p\u00fablicas, os limites e possibilidades do poder p\u00fablico, sem blindar\" \/>\n<meta property=\"og:url\" content=\"https:\/\/tribunadapraia.com.br\/?p=2078\" \/>\n<meta property=\"og:site_name\" content=\"TRIBUNA DA PRAIA\" \/>\n<meta property=\"article:publisher\" content=\"https:\/\/www.facebook.com\/tribunadapraiaonline\/\" \/>\n<meta property=\"article:published_time\" content=\"2021-01-05T09:52:23+00:00\" \/>\n<meta property=\"og:image\" content=\"https:\/\/tribunadapraia.com.br\/wp-content\/uploads\/2021\/01\/IMG-20210104-WA0041.jpg\" \/>\n\t<meta property=\"og:image:width\" content=\"299\" \/>\n\t<meta property=\"og:image:height\" content=\"169\" \/>\n<meta name=\"twitter:card\" content=\"summary_large_image\" \/>\n<meta name=\"twitter:creator\" content=\"@Claudomir21\" \/>\n<meta name=\"twitter:site\" content=\"@Claudomir21\" \/>\n<meta name=\"twitter:label1\" content=\"Est. tempo de leitura\">\n\t<meta name=\"twitter:data1\" content=\"1 minuto\">\n<script type=\"application\/ld+json\" class=\"yoast-schema-graph\">{\"@context\":\"https:\/\/schema.org\",\"@graph\":[{\"@type\":\"Organization\",\"@id\":\"https:\/\/tribunadapraia.com.br\/#organization\",\"name\":\"Tribuna da Praia\",\"url\":\"https:\/\/tribunadapraia.com.br\/\",\"sameAs\":[\"https:\/\/www.facebook.com\/tribunadapraiaonline\/\",\"https:\/\/www.instagram.com\/claudomirtavares\/\",\"https:\/\/www.youtube.com\/channel\/UCwQf80nxiMzCefAyjbp53Rw\",\"https:\/\/twitter.com\/Claudomir21\"],\"logo\":{\"@type\":\"ImageObject\",\"@id\":\"https:\/\/tribunadapraia.com.br\/#logo\",\"inLanguage\":\"pt-BR\",\"url\":\"https:\/\/tribunadapraia.com.br\/wp-content\/uploads\/2020\/02\/logo.png\",\"contentUrl\":\"https:\/\/tribunadapraia.com.br\/wp-content\/uploads\/2020\/02\/logo.png\",\"width\":501,\"height\":121,\"caption\":\"Tribuna da Praia\"},\"image\":{\"@id\":\"https:\/\/tribunadapraia.com.br\/#logo\"}},{\"@type\":\"WebSite\",\"@id\":\"https:\/\/tribunadapraia.com.br\/#website\",\"url\":\"https:\/\/tribunadapraia.com.br\/\",\"name\":\"TRIBUNA DA PRAIA\",\"description\":\"O 1\\u00ba jornal do interior de Sergipe na internet\",\"publisher\":{\"@id\":\"https:\/\/tribunadapraia.com.br\/#organization\"},\"potentialAction\":[{\"@type\":\"SearchAction\",\"target\":\"https:\/\/tribunadapraia.com.br\/?s={search_term_string}\",\"query-input\":\"required name=search_term_string\"}],\"inLanguage\":\"pt-BR\"},{\"@type\":\"ImageObject\",\"@id\":\"https:\/\/tribunadapraia.com.br\/?p=2078#primaryimage\",\"inLanguage\":\"pt-BR\",\"url\":\"https:\/\/tribunadapraia.com.br\/wp-content\/uploads\/2021\/01\/IMG-20210104-WA0041.jpg\",\"contentUrl\":\"https:\/\/tribunadapraia.com.br\/wp-content\/uploads\/2021\/01\/IMG-20210104-WA0041.jpg\",\"width\":299,\"height\":169},{\"@type\":\"WebPage\",\"@id\":\"https:\/\/tribunadapraia.com.br\/?p=2078#webpage\",\"url\":\"https:\/\/tribunadapraia.com.br\/?p=2078\",\"name\":\"Em PROPRI\\u00c1, nova grst\\u00e3o precisa apresentar respostas para al\\u00e9m das conveni\\u00eancias, concess\\u00f5es e acordos pol\\u00edticos - TRIBUNA DA PRAIA\",\"isPartOf\":{\"@id\":\"https:\/\/tribunadapraia.com.br\/#website\"},\"primaryImageOfPage\":{\"@id\":\"https:\/\/tribunadapraia.com.br\/?p=2078#primaryimage\"},\"datePublished\":\"2021-01-05T09:52:23+00:00\",\"dateModified\":\"2021-01-05T09:52:23+00:00\",\"breadcrumb\":{\"@id\":\"https:\/\/tribunadapraia.com.br\/?p=2078#breadcrumb\"},\"inLanguage\":\"pt-BR\",\"potentialAction\":[{\"@type\":\"ReadAction\",\"target\":[\"https:\/\/tribunadapraia.com.br\/?p=2078\"]}]},{\"@type\":\"BreadcrumbList\",\"@id\":\"https:\/\/tribunadapraia.com.br\/?p=2078#breadcrumb\",\"itemListElement\":[{\"@type\":\"ListItem\",\"position\":1,\"item\":{\"@type\":\"WebPage\",\"@id\":\"https:\/\/tribunadapraia.com.br\/\",\"url\":\"https:\/\/tribunadapraia.com.br\/\",\"name\":\"In\\u00edcio\"}},{\"@type\":\"ListItem\",\"position\":2,\"item\":{\"@id\":\"https:\/\/tribunadapraia.com.br\/?p=2078#webpage\"}}]},{\"@type\":\"Article\",\"@id\":\"https:\/\/tribunadapraia.com.br\/?p=2078#article\",\"isPartOf\":{\"@id\":\"https:\/\/tribunadapraia.com.br\/?p=2078#webpage\"},\"author\":{\"@id\":\"https:\/\/tribunadapraia.com.br\/#\/schema\/person\/099fbbf59acc5895c0d7d52b4fc46c97\"},\"headline\":\"Em PROPRI\\u00c1, nova grst\\u00e3o precisa apresentar respostas para al\\u00e9m das conveni\\u00eancias, concess\\u00f5es e acordos pol\\u00edticos\",\"datePublished\":\"2021-01-05T09:52:23+00:00\",\"dateModified\":\"2021-01-05T09:52:23+00:00\",\"mainEntityOfPage\":{\"@id\":\"https:\/\/tribunadapraia.com.br\/?p=2078#webpage\"},\"wordCount\":225,\"commentCount\":0,\"publisher\":{\"@id\":\"https:\/\/tribunadapraia.com.br\/#organization\"},\"image\":{\"@id\":\"https:\/\/tribunadapraia.com.br\/?p=2078#primaryimage\"},\"thumbnailUrl\":\"https:\/\/tribunadapraia.com.br\/wp-content\/uploads\/2021\/01\/IMG-20210104-WA0041.jpg\",\"articleSection\":[\"Not\\u00edcias\"],\"inLanguage\":\"pt-BR\",\"potentialAction\":[{\"@type\":\"CommentAction\",\"name\":\"Comment\",\"target\":[\"https:\/\/tribunadapraia.com.br\/?p=2078#respond\"]}]},{\"@type\":\"Person\",\"@id\":\"https:\/\/tribunadapraia.com.br\/#\/schema\/person\/099fbbf59acc5895c0d7d52b4fc46c97\",\"name\":\"Reda\\u00e7\\u00e3o\",\"image\":{\"@type\":\"ImageObject\",\"@id\":\"https:\/\/tribunadapraia.com.br\/#personlogo\",\"inLanguage\":\"pt-BR\",\"url\":\"https:\/\/secure.gravatar.com\/avatar\/91c8b91d2bfd7784eac5c3e055361f64?s=96&d=identicon&r=g\",\"contentUrl\":\"https:\/\/secure.gravatar.com\/avatar\/91c8b91d2bfd7784eac5c3e055361f64?s=96&d=identicon&r=g\",\"caption\":\"Reda\\u00e7\\u00e3o\"}}]}<\/script>\n<!-- \/ Yoast SEO plugin. -->","wps_subtitle":"","_links":{"self":[{"href":"https:\/\/tribunadapraia.com.br\/index.php?rest_route=\/wp\/v2\/posts\/2078"}],"collection":[{"href":"https:\/\/tribunadapraia.com.br\/index.php?rest_route=\/wp\/v2\/posts"}],"about":[{"href":"https:\/\/tribunadapraia.com.br\/index.php?rest_route=\/wp\/v2\/types\/post"}],"author":[{"embeddable":true,"href":"https:\/\/tribunadapraia.com.br\/index.php?rest_route=\/wp\/v2\/users\/3"}],"replies":[{"embeddable":true,"href":"https:\/\/tribunadapraia.com.br\/index.php?rest_route=%2Fwp%2Fv2%2Fcomments&post=2078"}],"version-history":[{"count":1,"href":"https:\/\/tribunadapraia.com.br\/index.php?rest_route=\/wp\/v2\/posts\/2078\/revisions"}],"predecessor-version":[{"id":2080,"href":"https:\/\/tribunadapraia.com.br\/index.php?rest_route=\/wp\/v2\/posts\/2078\/revisions\/2080"}],"wp:featuredmedia":[{"embeddable":true,"href":"https:\/\/tribunadapraia.com.br\/index.php?rest_route=\/wp\/v2\/media\/2079"}],"wp:attachment":[{"href":"https:\/\/tribunadapraia.com.br\/index.php?rest_route=%2Fwp%2Fv2%2Fmedia&parent=2078"}],"wp:term":[{"taxonomy":"category","embeddable":true,"href":"https:\/\/tribunadapraia.com.br\/index.php?rest_route=%2Fwp%2Fv2%2Fcategories&post=2078"},{"taxonomy":"post_tag","embeddable":true,"href":"https:\/\/tribunadapraia.com.br\/index.php?rest_route=%2Fwp%2Fv2%2Ftags&post=2078"}],"curies":[{"name":"wp","href":"https:\/\/api.w.org\/{rel}","templated":true}]}}