{"id":2075,"date":"2021-01-03T17:13:21","date_gmt":"2021-01-03T20:13:21","guid":{"rendered":"https:\/\/tribunadapraia.com.br\/?p=2075"},"modified":"2021-01-03T17:13:21","modified_gmt":"2021-01-03T20:13:21","slug":"sergio-rocha-tivemos-um-ano-de-deficiencia-de-receitas-do-fundeb-de-mais-de-r-5-milhoes","status":"publish","type":"post","link":"https:\/\/tribunadapraia.com.br\/?p=2075","title":{"rendered":"S\u00c9RGIO ROCHA: Tivemos um ano de defici\u00eancia de receitas do FUNDEB de mais de R$ 5 milh\u00f5es"},"content":{"rendered":"<p>Apesar da queda, da diminui\u00e7\u00e3o das receitas do FUNDEB a Prefeitura de Propri\u00e1 conseguiu em um esfor\u00e7o herc\u00faleo honrar os compromissos com a folha de pagamento, o que n\u00e3o se tornou poss\u00edvel no \u00faltimo m\u00eas do ano e da gest\u00e3o. Sobre este quadro desconfort\u00e1vel, o ex-secret\u00e1rio municipal de Finan\u00e7as, S\u00e9rgio Rocha explicou que &#8220;saldo conta FUNDEB. n\u00e3o foi poss\u00edvel pagar o d\u00e9cimo terceiro dos professores por falta de or\u00e7amento&#8221;, disse. &#8220;Ficamos tamb\u00e9m sem pagar o sal\u00e1rio de dezembro do FUNDEB 40 e FUNDEB 60, isto est\u00e1 me doendo muito&#8221;, relatou S\u00e9rgio.<\/p>\n<p>D\u00e9ficit estratosf\u00e9ricos &#8211; &#8220;Tivemos um ano de defici\u00eancia de receitas do FUNDEB de mais de R$ 5 milh\u00f5es, at\u00e9 novembro conseguimos de uma forma ou de outra compensar estes valores&#8221;, acrescentou o ex-secret\u00e1rio. &#8220;Compartilho isto com voc\u00ea, sei e sinto o quanto \u00e9 dif\u00edcil para as pessoas que ficaram sem receber seus sal\u00e1rios&#8221;, desabafa o ex-gestor financeiro.<\/p>\n<p>Tarefa cumprida &#8211; Apesar deste momento, S\u00e9rgio concluiu com maestria sua tarefa, pois o saldo, o balan\u00e7o \u00e9 positivo. &#8220;Meu ciclo em Propri\u00e1 se encerrou ontem (31\/12\/2020). Muito obrigado pela paci\u00eancia e compreens\u00e3o para comigo&#8221;, concluiu S\u00e9rgio Rocha.<\/p>\n<p>por ClaudOmir Herzog<\/p>\n","protected":false},"excerpt":{"rendered":"<p>Apesar da queda, da diminui\u00e7\u00e3o das receitas do FUNDEB a Prefeitura de Propri\u00e1 conseguiu em um esfor\u00e7o herc\u00faleo honrar os compromissos com a folha de pagamento, o que n\u00e3o se tornou poss\u00edvel no \u00faltimo m\u00eas do ano e da gest\u00e3o. Sobre este quadro desconfort\u00e1vel, o ex-secret\u00e1rio municipal de Finan\u00e7as, S\u00e9rgio Rocha explicou que &#8220;saldo conta FUNDEB. n\u00e3o foi poss\u00edvel pagar o d\u00e9cimo terceiro dos professores por falta de or\u00e7amento&#8221;, disse.<\/p>\n","protected":false},"author":3,"featured_media":2076,"comment_status":"open","ping_status":"open","sticky":false,"template":"","format":"standard","meta":[],"categories":[18],"tags":[],"yoast_head":"<!-- This site is optimized with the Yoast SEO plugin v16.3 - https:\/\/yoast.com\/wordpress\/plugins\/seo\/ -->\n<title>S\u00c9RGIO ROCHA: Tivemos um ano de defici\u00eancia de receitas do FUNDEB de mais de R$ 5 milh\u00f5es - TRIBUNA DA PRAIA<\/title>\n<meta name=\"robots\" content=\"index, follow, max-snippet:-1, max-image-preview:large, max-video-preview:-1\" \/>\n<link rel=\"canonical\" href=\"https:\/\/tribunadapraia.com.br\/?p=2075\" \/>\n<meta property=\"og:locale\" content=\"pt_BR\" \/>\n<meta property=\"og:type\" content=\"article\" \/>\n<meta property=\"og:title\" content=\"S\u00c9RGIO ROCHA: Tivemos um ano de defici\u00eancia de receitas do FUNDEB de mais de R$ 5 milh\u00f5es - TRIBUNA DA PRAIA\" \/>\n<meta property=\"og:description\" content=\"Apesar da queda, da diminui\u00e7\u00e3o das receitas do FUNDEB a Prefeitura de Propri\u00e1 conseguiu em um esfor\u00e7o herc\u00faleo honrar os compromissos com a folha de pagamento, o que n\u00e3o se tornou poss\u00edvel no \u00faltimo m\u00eas do ano e da gest\u00e3o. Sobre este quadro desconfort\u00e1vel, o ex-secret\u00e1rio municipal de Finan\u00e7as, S\u00e9rgio Rocha explicou que &#8220;saldo conta FUNDEB. n\u00e3o foi poss\u00edvel pagar o d\u00e9cimo terceiro dos professores por falta de or\u00e7amento&#8221;, disse.\" \/>\n<meta property=\"og:url\" content=\"https:\/\/tribunadapraia.com.br\/?p=2075\" \/>\n<meta property=\"og:site_name\" content=\"TRIBUNA DA PRAIA\" \/>\n<meta property=\"article:publisher\" content=\"https:\/\/www.facebook.com\/tribunadapraiaonline\/\" \/>\n<meta property=\"article:published_time\" content=\"2021-01-03T20:13:21+00:00\" \/>\n<meta property=\"og:image\" content=\"https:\/\/tribunadapraia.com.br\/wp-content\/uploads\/2021\/01\/IMG-20210103-WA0022.jpg\" \/>\n\t<meta property=\"og:image:width\" content=\"635\" \/>\n\t<meta property=\"og:image:height\" content=\"554\" \/>\n<meta name=\"twitter:card\" content=\"summary_large_image\" \/>\n<meta name=\"twitter:creator\" content=\"@Claudomir21\" \/>\n<meta name=\"twitter:site\" content=\"@Claudomir21\" \/>\n<meta name=\"twitter:label1\" content=\"Est. tempo de leitura\">\n\t<meta name=\"twitter:data1\" content=\"1 minuto\">\n<script type=\"application\/ld+json\" class=\"yoast-schema-graph\">{\"@context\":\"https:\/\/schema.org\",\"@graph\":[{\"@type\":\"Organization\",\"@id\":\"https:\/\/tribunadapraia.com.br\/#organization\",\"name\":\"Tribuna da Praia\",\"url\":\"https:\/\/tribunadapraia.com.br\/\",\"sameAs\":[\"https:\/\/www.facebook.com\/tribunadapraiaonline\/\",\"https:\/\/www.instagram.com\/claudomirtavares\/\",\"https:\/\/www.youtube.com\/channel\/UCwQf80nxiMzCefAyjbp53Rw\",\"https:\/\/twitter.com\/Claudomir21\"],\"logo\":{\"@type\":\"ImageObject\",\"@id\":\"https:\/\/tribunadapraia.com.br\/#logo\",\"inLanguage\":\"pt-BR\",\"url\":\"https:\/\/tribunadapraia.com.br\/wp-content\/uploads\/2020\/02\/logo.png\",\"contentUrl\":\"https:\/\/tribunadapraia.com.br\/wp-content\/uploads\/2020\/02\/logo.png\",\"width\":501,\"height\":121,\"caption\":\"Tribuna da Praia\"},\"image\":{\"@id\":\"https:\/\/tribunadapraia.com.br\/#logo\"}},{\"@type\":\"WebSite\",\"@id\":\"https:\/\/tribunadapraia.com.br\/#website\",\"url\":\"https:\/\/tribunadapraia.com.br\/\",\"name\":\"TRIBUNA DA PRAIA\",\"description\":\"O 1\\u00ba jornal do interior de Sergipe na internet\",\"publisher\":{\"@id\":\"https:\/\/tribunadapraia.com.br\/#organization\"},\"potentialAction\":[{\"@type\":\"SearchAction\",\"target\":\"https:\/\/tribunadapraia.com.br\/?s={search_term_string}\",\"query-input\":\"required name=search_term_string\"}],\"inLanguage\":\"pt-BR\"},{\"@type\":\"ImageObject\",\"@id\":\"https:\/\/tribunadapraia.com.br\/?p=2075#primaryimage\",\"inLanguage\":\"pt-BR\",\"url\":\"https:\/\/tribunadapraia.com.br\/wp-content\/uploads\/2021\/01\/IMG-20210103-WA0022.jpg\",\"contentUrl\":\"https:\/\/tribunadapraia.com.br\/wp-content\/uploads\/2021\/01\/IMG-20210103-WA0022.jpg\",\"width\":635,\"height\":554},{\"@type\":\"WebPage\",\"@id\":\"https:\/\/tribunadapraia.com.br\/?p=2075#webpage\",\"url\":\"https:\/\/tribunadapraia.com.br\/?p=2075\",\"name\":\"S\\u00c9RGIO ROCHA: Tivemos um ano de defici\\u00eancia de receitas do FUNDEB de mais de R$ 5 milh\\u00f5es - TRIBUNA DA PRAIA\",\"isPartOf\":{\"@id\":\"https:\/\/tribunadapraia.com.br\/#website\"},\"primaryImageOfPage\":{\"@id\":\"https:\/\/tribunadapraia.com.br\/?p=2075#primaryimage\"},\"datePublished\":\"2021-01-03T20:13:21+00:00\",\"dateModified\":\"2021-01-03T20:13:21+00:00\",\"breadcrumb\":{\"@id\":\"https:\/\/tribunadapraia.com.br\/?p=2075#breadcrumb\"},\"inLanguage\":\"pt-BR\",\"potentialAction\":[{\"@type\":\"ReadAction\",\"target\":[\"https:\/\/tribunadapraia.com.br\/?p=2075\"]}]},{\"@type\":\"BreadcrumbList\",\"@id\":\"https:\/\/tribunadapraia.com.br\/?p=2075#breadcrumb\",\"itemListElement\":[{\"@type\":\"ListItem\",\"position\":1,\"item\":{\"@type\":\"WebPage\",\"@id\":\"https:\/\/tribunadapraia.com.br\/\",\"url\":\"https:\/\/tribunadapraia.com.br\/\",\"name\":\"In\\u00edcio\"}},{\"@type\":\"ListItem\",\"position\":2,\"item\":{\"@id\":\"https:\/\/tribunadapraia.com.br\/?p=2075#webpage\"}}]},{\"@type\":\"Article\",\"@id\":\"https:\/\/tribunadapraia.com.br\/?p=2075#article\",\"isPartOf\":{\"@id\":\"https:\/\/tribunadapraia.com.br\/?p=2075#webpage\"},\"author\":{\"@id\":\"https:\/\/tribunadapraia.com.br\/#\/schema\/person\/099fbbf59acc5895c0d7d52b4fc46c97\"},\"headline\":\"S\\u00c9RGIO ROCHA: Tivemos um ano de defici\\u00eancia de receitas do FUNDEB de mais de R$ 5 milh\\u00f5es\",\"datePublished\":\"2021-01-03T20:13:21+00:00\",\"dateModified\":\"2021-01-03T20:13:21+00:00\",\"mainEntityOfPage\":{\"@id\":\"https:\/\/tribunadapraia.com.br\/?p=2075#webpage\"},\"wordCount\":232,\"commentCount\":1,\"publisher\":{\"@id\":\"https:\/\/tribunadapraia.com.br\/#organization\"},\"image\":{\"@id\":\"https:\/\/tribunadapraia.com.br\/?p=2075#primaryimage\"},\"thumbnailUrl\":\"https:\/\/tribunadapraia.com.br\/wp-content\/uploads\/2021\/01\/IMG-20210103-WA0022.jpg\",\"articleSection\":[\"Not\\u00edcias\"],\"inLanguage\":\"pt-BR\",\"potentialAction\":[{\"@type\":\"CommentAction\",\"name\":\"Comment\",\"target\":[\"https:\/\/tribunadapraia.com.br\/?p=2075#respond\"]}]},{\"@type\":\"Person\",\"@id\":\"https:\/\/tribunadapraia.com.br\/#\/schema\/person\/099fbbf59acc5895c0d7d52b4fc46c97\",\"name\":\"Reda\\u00e7\\u00e3o\",\"image\":{\"@type\":\"ImageObject\",\"@id\":\"https:\/\/tribunadapraia.com.br\/#personlogo\",\"inLanguage\":\"pt-BR\",\"url\":\"https:\/\/secure.gravatar.com\/avatar\/91c8b91d2bfd7784eac5c3e055361f64?s=96&d=identicon&r=g\",\"contentUrl\":\"https:\/\/secure.gravatar.com\/avatar\/91c8b91d2bfd7784eac5c3e055361f64?s=96&d=identicon&r=g\",\"caption\":\"Reda\\u00e7\\u00e3o\"}}]}<\/script>\n<!-- \/ Yoast SEO plugin. -->","wps_subtitle":"","_links":{"self":[{"href":"https:\/\/tribunadapraia.com.br\/index.php?rest_route=\/wp\/v2\/posts\/2075"}],"collection":[{"href":"https:\/\/tribunadapraia.com.br\/index.php?rest_route=\/wp\/v2\/posts"}],"about":[{"href":"https:\/\/tribunadapraia.com.br\/index.php?rest_route=\/wp\/v2\/types\/post"}],"author":[{"embeddable":true,"href":"https:\/\/tribunadapraia.com.br\/index.php?rest_route=\/wp\/v2\/users\/3"}],"replies":[{"embeddable":true,"href":"https:\/\/tribunadapraia.com.br\/index.php?rest_route=%2Fwp%2Fv2%2Fcomments&post=2075"}],"version-history":[{"count":1,"href":"https:\/\/tribunadapraia.com.br\/index.php?rest_route=\/wp\/v2\/posts\/2075\/revisions"}],"predecessor-version":[{"id":2077,"href":"https:\/\/tribunadapraia.com.br\/index.php?rest_route=\/wp\/v2\/posts\/2075\/revisions\/2077"}],"wp:featuredmedia":[{"embeddable":true,"href":"https:\/\/tribunadapraia.com.br\/index.php?rest_route=\/wp\/v2\/media\/2076"}],"wp:attachment":[{"href":"https:\/\/tribunadapraia.com.br\/index.php?rest_route=%2Fwp%2Fv2%2Fmedia&parent=2075"}],"wp:term":[{"taxonomy":"category","embeddable":true,"href":"https:\/\/tribunadapraia.com.br\/index.php?rest_route=%2Fwp%2Fv2%2Fcategories&post=2075"},{"taxonomy":"post_tag","embeddable":true,"href":"https:\/\/tribunadapraia.com.br\/index.php?rest_route=%2Fwp%2Fv2%2Ftags&post=2075"}],"curies":[{"name":"wp","href":"https:\/\/api.w.org\/{rel}","templated":true}]}}