{"id":2069,"date":"2021-01-02T14:15:59","date_gmt":"2021-01-02T17:15:59","guid":{"rendered":"https:\/\/tribunadapraia.com.br\/?p=2069"},"modified":"2021-01-02T14:15:59","modified_gmt":"2021-01-02T17:15:59","slug":"secretariado-guilherme-melo-anuncia-equipe-de-trabalho","status":"publish","type":"post","link":"https:\/\/tribunadapraia.com.br\/?p=2069","title":{"rendered":"SECRETARIADO: Guilherme Melo anuncia equipe de trabalho."},"content":{"rendered":"<p>O prefeito Guilherme Melo divulgou atrav\u00e9s de sua assessoria de comunica\u00e7\u00e3o, os nomes dos integrantes do primeiro escal\u00e3o, aqueles e aquelas que integrar\u00e3o sua equipe de trabalho:<\/p>\n<p>1. Secretaria de Sa\u00fade: Ivamilton Nascimento<\/p>\n<p>2. Secretaria de Educa\u00e7\u00e3o: Ac\u00e1cia Cruz<\/p>\n<p>3. Secretaria de Transporte: Fl\u00e1vio dos Santos<\/p>\n<p>4. Secretaria de Seguran\u00e7a: \u00c1lvaro Bento<\/p>\n<p>5. Secretaria de Assist\u00eancia Social: Fl\u00e1via Nunes<\/p>\n<p>6. Secretaria de Obras: Ant\u00f4nio Carlos Vieira<\/p>\n<p>7. Secretaria de Governo: Felipe Melo<\/p>\n<p>8. Secretaria de Administra\u00e7\u00e3o: Geniro dos Santos<\/p>\n<p>9. Secretaria de Controle Interno: Katia Sirlene<\/p>\n<p>10. Secretaria de Finan\u00e7as: Aline Batista<\/p>\n<p>11. Secretaria de Articula\u00e7\u00e3o Social: Patr\u00edcia Moura<\/p>\n<p>12.Procuradoria Municipal: Monique Fonseca<\/p>\n<p>Ser\u00e3o somente essas, as demais n\u00e3o inclu\u00eddas ser\u00e3o departamentos.<\/p>\n<p>por ClaudOmir Herzog, com informa\u00e7\u00f5es da Ascom | Pirambu<\/p>\n","protected":false},"excerpt":{"rendered":"<p>O prefeito Guilherme Melo divulgou atrav\u00e9s de sua assessoria de comunica\u00e7\u00e3o, os nomes dos integrantes do primeiro escal\u00e3o, aqueles e aquelas que integrar\u00e3o sua equipe de trabalho: 1. Secretaria de Sa\u00fade: Ivamilton Nascimento 2. Secretaria de Educa\u00e7\u00e3o: Ac\u00e1cia Cruz 3. Secretaria de Transporte: Fl\u00e1vio dos Santos 4. Secretaria de Seguran\u00e7a: \u00c1lvaro Bento 5. Secretaria de Assist\u00eancia Social: Fl\u00e1via Nunes 6. Secretaria de Obras: Ant\u00f4nio Carlos Vieira 7. Secretaria de Governo:<\/p>\n","protected":false},"author":3,"featured_media":2070,"comment_status":"open","ping_status":"open","sticky":false,"template":"","format":"standard","meta":[],"categories":[18],"tags":[],"yoast_head":"<!-- This site is optimized with the Yoast SEO plugin v16.3 - https:\/\/yoast.com\/wordpress\/plugins\/seo\/ -->\n<title>SECRETARIADO: Guilherme Melo anuncia equipe de trabalho. - TRIBUNA DA PRAIA<\/title>\n<meta name=\"robots\" content=\"index, follow, max-snippet:-1, max-image-preview:large, max-video-preview:-1\" \/>\n<link rel=\"canonical\" href=\"https:\/\/tribunadapraia.com.br\/?p=2069\" \/>\n<meta property=\"og:locale\" content=\"pt_BR\" \/>\n<meta property=\"og:type\" content=\"article\" \/>\n<meta property=\"og:title\" content=\"SECRETARIADO: Guilherme Melo anuncia equipe de trabalho. - TRIBUNA DA PRAIA\" \/>\n<meta property=\"og:description\" content=\"O prefeito Guilherme Melo divulgou atrav\u00e9s de sua assessoria de comunica\u00e7\u00e3o, os nomes dos integrantes do primeiro escal\u00e3o, aqueles e aquelas que integrar\u00e3o sua equipe de trabalho: 1. Secretaria de Sa\u00fade: Ivamilton Nascimento 2. Secretaria de Educa\u00e7\u00e3o: Ac\u00e1cia Cruz 3. Secretaria de Transporte: Fl\u00e1vio dos Santos 4. Secretaria de Seguran\u00e7a: \u00c1lvaro Bento 5. Secretaria de Assist\u00eancia Social: Fl\u00e1via Nunes 6. Secretaria de Obras: Ant\u00f4nio Carlos Vieira 7. Secretaria de Governo:\" \/>\n<meta property=\"og:url\" content=\"https:\/\/tribunadapraia.com.br\/?p=2069\" \/>\n<meta property=\"og:site_name\" content=\"TRIBUNA DA PRAIA\" \/>\n<meta property=\"article:publisher\" content=\"https:\/\/www.facebook.com\/tribunadapraiaonline\/\" \/>\n<meta property=\"article:published_time\" content=\"2021-01-02T17:15:59+00:00\" \/>\n<meta property=\"og:image\" content=\"https:\/\/tribunadapraia.com.br\/wp-content\/uploads\/2021\/01\/IMG-20210102-WA0039.jpg\" \/>\n\t<meta property=\"og:image:width\" content=\"720\" \/>\n\t<meta property=\"og:image:height\" content=\"869\" \/>\n<meta name=\"twitter:card\" content=\"summary_large_image\" \/>\n<meta name=\"twitter:creator\" content=\"@Claudomir21\" \/>\n<meta name=\"twitter:site\" content=\"@Claudomir21\" \/>\n<meta name=\"twitter:label1\" content=\"Est. tempo de leitura\">\n\t<meta name=\"twitter:data1\" content=\"1 minuto\">\n<script type=\"application\/ld+json\" class=\"yoast-schema-graph\">{\"@context\":\"https:\/\/schema.org\",\"@graph\":[{\"@type\":\"Organization\",\"@id\":\"https:\/\/tribunadapraia.com.br\/#organization\",\"name\":\"Tribuna da Praia\",\"url\":\"https:\/\/tribunadapraia.com.br\/\",\"sameAs\":[\"https:\/\/www.facebook.com\/tribunadapraiaonline\/\",\"https:\/\/www.instagram.com\/claudomirtavares\/\",\"https:\/\/www.youtube.com\/channel\/UCwQf80nxiMzCefAyjbp53Rw\",\"https:\/\/twitter.com\/Claudomir21\"],\"logo\":{\"@type\":\"ImageObject\",\"@id\":\"https:\/\/tribunadapraia.com.br\/#logo\",\"inLanguage\":\"pt-BR\",\"url\":\"https:\/\/tribunadapraia.com.br\/wp-content\/uploads\/2020\/02\/logo.png\",\"contentUrl\":\"https:\/\/tribunadapraia.com.br\/wp-content\/uploads\/2020\/02\/logo.png\",\"width\":501,\"height\":121,\"caption\":\"Tribuna da Praia\"},\"image\":{\"@id\":\"https:\/\/tribunadapraia.com.br\/#logo\"}},{\"@type\":\"WebSite\",\"@id\":\"https:\/\/tribunadapraia.com.br\/#website\",\"url\":\"https:\/\/tribunadapraia.com.br\/\",\"name\":\"TRIBUNA DA PRAIA\",\"description\":\"O 1\\u00ba jornal do interior de Sergipe na internet\",\"publisher\":{\"@id\":\"https:\/\/tribunadapraia.com.br\/#organization\"},\"potentialAction\":[{\"@type\":\"SearchAction\",\"target\":\"https:\/\/tribunadapraia.com.br\/?s={search_term_string}\",\"query-input\":\"required name=search_term_string\"}],\"inLanguage\":\"pt-BR\"},{\"@type\":\"ImageObject\",\"@id\":\"https:\/\/tribunadapraia.com.br\/?p=2069#primaryimage\",\"inLanguage\":\"pt-BR\",\"url\":\"https:\/\/tribunadapraia.com.br\/wp-content\/uploads\/2021\/01\/IMG-20210102-WA0039.jpg\",\"contentUrl\":\"https:\/\/tribunadapraia.com.br\/wp-content\/uploads\/2021\/01\/IMG-20210102-WA0039.jpg\",\"width\":720,\"height\":869},{\"@type\":\"WebPage\",\"@id\":\"https:\/\/tribunadapraia.com.br\/?p=2069#webpage\",\"url\":\"https:\/\/tribunadapraia.com.br\/?p=2069\",\"name\":\"SECRETARIADO: Guilherme Melo anuncia equipe de trabalho. - TRIBUNA DA PRAIA\",\"isPartOf\":{\"@id\":\"https:\/\/tribunadapraia.com.br\/#website\"},\"primaryImageOfPage\":{\"@id\":\"https:\/\/tribunadapraia.com.br\/?p=2069#primaryimage\"},\"datePublished\":\"2021-01-02T17:15:59+00:00\",\"dateModified\":\"2021-01-02T17:15:59+00:00\",\"breadcrumb\":{\"@id\":\"https:\/\/tribunadapraia.com.br\/?p=2069#breadcrumb\"},\"inLanguage\":\"pt-BR\",\"potentialAction\":[{\"@type\":\"ReadAction\",\"target\":[\"https:\/\/tribunadapraia.com.br\/?p=2069\"]}]},{\"@type\":\"BreadcrumbList\",\"@id\":\"https:\/\/tribunadapraia.com.br\/?p=2069#breadcrumb\",\"itemListElement\":[{\"@type\":\"ListItem\",\"position\":1,\"item\":{\"@type\":\"WebPage\",\"@id\":\"https:\/\/tribunadapraia.com.br\/\",\"url\":\"https:\/\/tribunadapraia.com.br\/\",\"name\":\"In\\u00edcio\"}},{\"@type\":\"ListItem\",\"position\":2,\"item\":{\"@id\":\"https:\/\/tribunadapraia.com.br\/?p=2069#webpage\"}}]},{\"@type\":\"Article\",\"@id\":\"https:\/\/tribunadapraia.com.br\/?p=2069#article\",\"isPartOf\":{\"@id\":\"https:\/\/tribunadapraia.com.br\/?p=2069#webpage\"},\"author\":{\"@id\":\"https:\/\/tribunadapraia.com.br\/#\/schema\/person\/099fbbf59acc5895c0d7d52b4fc46c97\"},\"headline\":\"SECRETARIADO: Guilherme Melo anuncia equipe de trabalho.\",\"datePublished\":\"2021-01-02T17:15:59+00:00\",\"dateModified\":\"2021-01-02T17:15:59+00:00\",\"mainEntityOfPage\":{\"@id\":\"https:\/\/tribunadapraia.com.br\/?p=2069#webpage\"},\"wordCount\":137,\"commentCount\":0,\"publisher\":{\"@id\":\"https:\/\/tribunadapraia.com.br\/#organization\"},\"image\":{\"@id\":\"https:\/\/tribunadapraia.com.br\/?p=2069#primaryimage\"},\"thumbnailUrl\":\"https:\/\/tribunadapraia.com.br\/wp-content\/uploads\/2021\/01\/IMG-20210102-WA0039.jpg\",\"articleSection\":[\"Not\\u00edcias\"],\"inLanguage\":\"pt-BR\",\"potentialAction\":[{\"@type\":\"CommentAction\",\"name\":\"Comment\",\"target\":[\"https:\/\/tribunadapraia.com.br\/?p=2069#respond\"]}]},{\"@type\":\"Person\",\"@id\":\"https:\/\/tribunadapraia.com.br\/#\/schema\/person\/099fbbf59acc5895c0d7d52b4fc46c97\",\"name\":\"Reda\\u00e7\\u00e3o\",\"image\":{\"@type\":\"ImageObject\",\"@id\":\"https:\/\/tribunadapraia.com.br\/#personlogo\",\"inLanguage\":\"pt-BR\",\"url\":\"https:\/\/secure.gravatar.com\/avatar\/91c8b91d2bfd7784eac5c3e055361f64?s=96&d=identicon&r=g\",\"contentUrl\":\"https:\/\/secure.gravatar.com\/avatar\/91c8b91d2bfd7784eac5c3e055361f64?s=96&d=identicon&r=g\",\"caption\":\"Reda\\u00e7\\u00e3o\"}}]}<\/script>\n<!-- \/ Yoast SEO plugin. -->","wps_subtitle":"","_links":{"self":[{"href":"https:\/\/tribunadapraia.com.br\/index.php?rest_route=\/wp\/v2\/posts\/2069"}],"collection":[{"href":"https:\/\/tribunadapraia.com.br\/index.php?rest_route=\/wp\/v2\/posts"}],"about":[{"href":"https:\/\/tribunadapraia.com.br\/index.php?rest_route=\/wp\/v2\/types\/post"}],"author":[{"embeddable":true,"href":"https:\/\/tribunadapraia.com.br\/index.php?rest_route=\/wp\/v2\/users\/3"}],"replies":[{"embeddable":true,"href":"https:\/\/tribunadapraia.com.br\/index.php?rest_route=%2Fwp%2Fv2%2Fcomments&post=2069"}],"version-history":[{"count":1,"href":"https:\/\/tribunadapraia.com.br\/index.php?rest_route=\/wp\/v2\/posts\/2069\/revisions"}],"predecessor-version":[{"id":2071,"href":"https:\/\/tribunadapraia.com.br\/index.php?rest_route=\/wp\/v2\/posts\/2069\/revisions\/2071"}],"wp:featuredmedia":[{"embeddable":true,"href":"https:\/\/tribunadapraia.com.br\/index.php?rest_route=\/wp\/v2\/media\/2070"}],"wp:attachment":[{"href":"https:\/\/tribunadapraia.com.br\/index.php?rest_route=%2Fwp%2Fv2%2Fmedia&parent=2069"}],"wp:term":[{"taxonomy":"category","embeddable":true,"href":"https:\/\/tribunadapraia.com.br\/index.php?rest_route=%2Fwp%2Fv2%2Fcategories&post=2069"},{"taxonomy":"post_tag","embeddable":true,"href":"https:\/\/tribunadapraia.com.br\/index.php?rest_route=%2Fwp%2Fv2%2Ftags&post=2069"}],"curies":[{"name":"wp","href":"https:\/\/api.w.org\/{rel}","templated":true}]}}