{"id":2060,"date":"2021-01-02T09:04:42","date_gmt":"2021-01-02T12:04:42","guid":{"rendered":"https:\/\/tribunadapraia.com.br\/?p=2060"},"modified":"2021-01-02T09:04:42","modified_gmt":"2021-01-02T12:04:42","slug":"sob-nova-direcao-guilherme-assumiu-prefeitura-de-pirambu-e-tatiane-presidencia-da-camara-de-vereadores","status":"publish","type":"post","link":"https:\/\/tribunadapraia.com.br\/?p=2060","title":{"rendered":"SOB NOVA DIRE\u00c7\u00c3O: Guilherme assumiu Prefeitura de Pirambu e Tatiane presid\u00eancia da C\u00e2mara de Vereadores"},"content":{"rendered":"<p>O munic\u00edpio de Pirambu tem desde ontem, 01, novos gestores e legisladores, com a posse do prefeito Guilherme Melo e da vice-prefeita Maria Bernadete do Carmo, a Detinha da Farm\u00e1cia (ambos do PSC) e dos nove vereadores e vereadores. Na mesma data foi eleita a nova Mesa Diretora da C\u00e2mara que ter\u00e1 Tati de Dimas (PSC) como presidente, Jonathan Sardinha (PL) como vice-presidente, Jadna de Claudevi (MDB) e Lucas Cardoso (PSC) como 1\u00b0 e 2\u00b0 secret\u00e1rios respectivamente e anunciado o secretariado da gest\u00e3o que se inicia.<\/p>\n<p>Apesar de sua umbilical rela\u00e7\u00e3o pol\u00edtico com o ex-deputado federal Andr\u00e9 Moura, o prefeito Guilherme Melo deixou claro que o ex-prefeito &#8220;n\u00e3o indicou, nem sugeriu ningu\u00e9m&#8221; para sua equipe. Para o vereador Jonathan Sardinha, ontem foi um dia especial, &#8220;pois pela primeira vez na hist\u00f3ria se formou uma mesa diretora sem interfer\u00eancia&#8221;, disse.<\/p>\n<p>por ClaudOmir Tavares<\/p>\n","protected":false},"excerpt":{"rendered":"<p>O munic\u00edpio de Pirambu tem desde ontem, 01, novos gestores e legisladores, com a posse do prefeito Guilherme Melo e da vice-prefeita Maria Bernadete do Carmo, a Detinha da Farm\u00e1cia (ambos do PSC) e dos nove vereadores e vereadores. Na mesma data foi eleita a nova Mesa Diretora da C\u00e2mara que ter\u00e1 Tati de Dimas (PSC) como presidente, Jonathan Sardinha (PL) como vice-presidente, Jadna de Claudevi (MDB) e Lucas Cardoso<\/p>\n","protected":false},"author":3,"featured_media":2061,"comment_status":"open","ping_status":"open","sticky":false,"template":"","format":"standard","meta":[],"categories":[18],"tags":[],"yoast_head":"<!-- This site is optimized with the Yoast SEO plugin v16.3 - https:\/\/yoast.com\/wordpress\/plugins\/seo\/ -->\n<title>SOB NOVA DIRE\u00c7\u00c3O: Guilherme assumiu Prefeitura de Pirambu e Tatiane presid\u00eancia da C\u00e2mara de Vereadores - TRIBUNA DA PRAIA<\/title>\n<meta name=\"robots\" content=\"index, follow, max-snippet:-1, max-image-preview:large, max-video-preview:-1\" \/>\n<link rel=\"canonical\" href=\"https:\/\/tribunadapraia.com.br\/?p=2060\" \/>\n<meta property=\"og:locale\" content=\"pt_BR\" \/>\n<meta property=\"og:type\" content=\"article\" \/>\n<meta property=\"og:title\" content=\"SOB NOVA DIRE\u00c7\u00c3O: Guilherme assumiu Prefeitura de Pirambu e Tatiane presid\u00eancia da C\u00e2mara de Vereadores - TRIBUNA DA PRAIA\" \/>\n<meta property=\"og:description\" content=\"O munic\u00edpio de Pirambu tem desde ontem, 01, novos gestores e legisladores, com a posse do prefeito Guilherme Melo e da vice-prefeita Maria Bernadete do Carmo, a Detinha da Farm\u00e1cia (ambos do PSC) e dos nove vereadores e vereadores. Na mesma data foi eleita a nova Mesa Diretora da C\u00e2mara que ter\u00e1 Tati de Dimas (PSC) como presidente, Jonathan Sardinha (PL) como vice-presidente, Jadna de Claudevi (MDB) e Lucas Cardoso\" \/>\n<meta property=\"og:url\" content=\"https:\/\/tribunadapraia.com.br\/?p=2060\" \/>\n<meta property=\"og:site_name\" content=\"TRIBUNA DA PRAIA\" \/>\n<meta property=\"article:publisher\" content=\"https:\/\/www.facebook.com\/tribunadapraiaonline\/\" \/>\n<meta property=\"article:published_time\" content=\"2021-01-02T12:04:42+00:00\" \/>\n<meta property=\"og:image\" content=\"https:\/\/tribunadapraia.com.br\/wp-content\/uploads\/2021\/01\/IMG-20210102-WA0005.jpg\" \/>\n\t<meta property=\"og:image:width\" content=\"720\" \/>\n\t<meta property=\"og:image:height\" content=\"726\" \/>\n<meta name=\"twitter:card\" content=\"summary_large_image\" \/>\n<meta name=\"twitter:creator\" content=\"@Claudomir21\" \/>\n<meta name=\"twitter:site\" content=\"@Claudomir21\" \/>\n<meta name=\"twitter:label1\" content=\"Est. tempo de leitura\">\n\t<meta name=\"twitter:data1\" content=\"1 minuto\">\n<script type=\"application\/ld+json\" class=\"yoast-schema-graph\">{\"@context\":\"https:\/\/schema.org\",\"@graph\":[{\"@type\":\"Organization\",\"@id\":\"https:\/\/tribunadapraia.com.br\/#organization\",\"name\":\"Tribuna da Praia\",\"url\":\"https:\/\/tribunadapraia.com.br\/\",\"sameAs\":[\"https:\/\/www.facebook.com\/tribunadapraiaonline\/\",\"https:\/\/www.instagram.com\/claudomirtavares\/\",\"https:\/\/www.youtube.com\/channel\/UCwQf80nxiMzCefAyjbp53Rw\",\"https:\/\/twitter.com\/Claudomir21\"],\"logo\":{\"@type\":\"ImageObject\",\"@id\":\"https:\/\/tribunadapraia.com.br\/#logo\",\"inLanguage\":\"pt-BR\",\"url\":\"https:\/\/tribunadapraia.com.br\/wp-content\/uploads\/2020\/02\/logo.png\",\"contentUrl\":\"https:\/\/tribunadapraia.com.br\/wp-content\/uploads\/2020\/02\/logo.png\",\"width\":501,\"height\":121,\"caption\":\"Tribuna da Praia\"},\"image\":{\"@id\":\"https:\/\/tribunadapraia.com.br\/#logo\"}},{\"@type\":\"WebSite\",\"@id\":\"https:\/\/tribunadapraia.com.br\/#website\",\"url\":\"https:\/\/tribunadapraia.com.br\/\",\"name\":\"TRIBUNA DA PRAIA\",\"description\":\"O 1\\u00ba jornal do interior de Sergipe na internet\",\"publisher\":{\"@id\":\"https:\/\/tribunadapraia.com.br\/#organization\"},\"potentialAction\":[{\"@type\":\"SearchAction\",\"target\":\"https:\/\/tribunadapraia.com.br\/?s={search_term_string}\",\"query-input\":\"required name=search_term_string\"}],\"inLanguage\":\"pt-BR\"},{\"@type\":\"ImageObject\",\"@id\":\"https:\/\/tribunadapraia.com.br\/?p=2060#primaryimage\",\"inLanguage\":\"pt-BR\",\"url\":\"https:\/\/tribunadapraia.com.br\/wp-content\/uploads\/2021\/01\/IMG-20210102-WA0005.jpg\",\"contentUrl\":\"https:\/\/tribunadapraia.com.br\/wp-content\/uploads\/2021\/01\/IMG-20210102-WA0005.jpg\",\"width\":720,\"height\":726},{\"@type\":\"WebPage\",\"@id\":\"https:\/\/tribunadapraia.com.br\/?p=2060#webpage\",\"url\":\"https:\/\/tribunadapraia.com.br\/?p=2060\",\"name\":\"SOB NOVA DIRE\\u00c7\\u00c3O: Guilherme assumiu Prefeitura de Pirambu e Tatiane presid\\u00eancia da C\\u00e2mara de Vereadores - TRIBUNA DA PRAIA\",\"isPartOf\":{\"@id\":\"https:\/\/tribunadapraia.com.br\/#website\"},\"primaryImageOfPage\":{\"@id\":\"https:\/\/tribunadapraia.com.br\/?p=2060#primaryimage\"},\"datePublished\":\"2021-01-02T12:04:42+00:00\",\"dateModified\":\"2021-01-02T12:04:42+00:00\",\"breadcrumb\":{\"@id\":\"https:\/\/tribunadapraia.com.br\/?p=2060#breadcrumb\"},\"inLanguage\":\"pt-BR\",\"potentialAction\":[{\"@type\":\"ReadAction\",\"target\":[\"https:\/\/tribunadapraia.com.br\/?p=2060\"]}]},{\"@type\":\"BreadcrumbList\",\"@id\":\"https:\/\/tribunadapraia.com.br\/?p=2060#breadcrumb\",\"itemListElement\":[{\"@type\":\"ListItem\",\"position\":1,\"item\":{\"@type\":\"WebPage\",\"@id\":\"https:\/\/tribunadapraia.com.br\/\",\"url\":\"https:\/\/tribunadapraia.com.br\/\",\"name\":\"In\\u00edcio\"}},{\"@type\":\"ListItem\",\"position\":2,\"item\":{\"@id\":\"https:\/\/tribunadapraia.com.br\/?p=2060#webpage\"}}]},{\"@type\":\"Article\",\"@id\":\"https:\/\/tribunadapraia.com.br\/?p=2060#article\",\"isPartOf\":{\"@id\":\"https:\/\/tribunadapraia.com.br\/?p=2060#webpage\"},\"author\":{\"@id\":\"https:\/\/tribunadapraia.com.br\/#\/schema\/person\/099fbbf59acc5895c0d7d52b4fc46c97\"},\"headline\":\"SOB NOVA DIRE\\u00c7\\u00c3O: Guilherme assumiu Prefeitura de Pirambu e Tatiane presid\\u00eancia da C\\u00e2mara de Vereadores\",\"datePublished\":\"2021-01-02T12:04:42+00:00\",\"dateModified\":\"2021-01-02T12:04:42+00:00\",\"mainEntityOfPage\":{\"@id\":\"https:\/\/tribunadapraia.com.br\/?p=2060#webpage\"},\"wordCount\":168,\"commentCount\":0,\"publisher\":{\"@id\":\"https:\/\/tribunadapraia.com.br\/#organization\"},\"image\":{\"@id\":\"https:\/\/tribunadapraia.com.br\/?p=2060#primaryimage\"},\"thumbnailUrl\":\"https:\/\/tribunadapraia.com.br\/wp-content\/uploads\/2021\/01\/IMG-20210102-WA0005.jpg\",\"articleSection\":[\"Not\\u00edcias\"],\"inLanguage\":\"pt-BR\",\"potentialAction\":[{\"@type\":\"CommentAction\",\"name\":\"Comment\",\"target\":[\"https:\/\/tribunadapraia.com.br\/?p=2060#respond\"]}]},{\"@type\":\"Person\",\"@id\":\"https:\/\/tribunadapraia.com.br\/#\/schema\/person\/099fbbf59acc5895c0d7d52b4fc46c97\",\"name\":\"Reda\\u00e7\\u00e3o\",\"image\":{\"@type\":\"ImageObject\",\"@id\":\"https:\/\/tribunadapraia.com.br\/#personlogo\",\"inLanguage\":\"pt-BR\",\"url\":\"https:\/\/secure.gravatar.com\/avatar\/91c8b91d2bfd7784eac5c3e055361f64?s=96&d=identicon&r=g\",\"contentUrl\":\"https:\/\/secure.gravatar.com\/avatar\/91c8b91d2bfd7784eac5c3e055361f64?s=96&d=identicon&r=g\",\"caption\":\"Reda\\u00e7\\u00e3o\"}}]}<\/script>\n<!-- \/ Yoast SEO plugin. -->","wps_subtitle":"","_links":{"self":[{"href":"https:\/\/tribunadapraia.com.br\/index.php?rest_route=\/wp\/v2\/posts\/2060"}],"collection":[{"href":"https:\/\/tribunadapraia.com.br\/index.php?rest_route=\/wp\/v2\/posts"}],"about":[{"href":"https:\/\/tribunadapraia.com.br\/index.php?rest_route=\/wp\/v2\/types\/post"}],"author":[{"embeddable":true,"href":"https:\/\/tribunadapraia.com.br\/index.php?rest_route=\/wp\/v2\/users\/3"}],"replies":[{"embeddable":true,"href":"https:\/\/tribunadapraia.com.br\/index.php?rest_route=%2Fwp%2Fv2%2Fcomments&post=2060"}],"version-history":[{"count":1,"href":"https:\/\/tribunadapraia.com.br\/index.php?rest_route=\/wp\/v2\/posts\/2060\/revisions"}],"predecessor-version":[{"id":2062,"href":"https:\/\/tribunadapraia.com.br\/index.php?rest_route=\/wp\/v2\/posts\/2060\/revisions\/2062"}],"wp:featuredmedia":[{"embeddable":true,"href":"https:\/\/tribunadapraia.com.br\/index.php?rest_route=\/wp\/v2\/media\/2061"}],"wp:attachment":[{"href":"https:\/\/tribunadapraia.com.br\/index.php?rest_route=%2Fwp%2Fv2%2Fmedia&parent=2060"}],"wp:term":[{"taxonomy":"category","embeddable":true,"href":"https:\/\/tribunadapraia.com.br\/index.php?rest_route=%2Fwp%2Fv2%2Fcategories&post=2060"},{"taxonomy":"post_tag","embeddable":true,"href":"https:\/\/tribunadapraia.com.br\/index.php?rest_route=%2Fwp%2Fv2%2Ftags&post=2060"}],"curies":[{"name":"wp","href":"https:\/\/api.w.org\/{rel}","templated":true}]}}