{"id":2053,"date":"2020-12-25T10:14:52","date_gmt":"2020-12-25T13:14:52","guid":{"rendered":"https:\/\/tribunadapraia.com.br\/?p=2053"},"modified":"2020-12-25T10:14:52","modified_gmt":"2020-12-25T13:14:52","slug":"editorial-a-grande-familia-a-velha-politica-com-todas-as-letras-em-propria","status":"publish","type":"post","link":"https:\/\/tribunadapraia.com.br\/?p=2053","title":{"rendered":"Editorial: A GRANDE FAM\u00cdLIA: A velha pol\u00edtica com todas \u00e0s letras em Propri\u00e1"},"content":{"rendered":"<p>\u00c9 um direito e de livre nomea\u00e7\u00e3o dos nomes de suas equipes de governos pelos prefeitos,, mas Valverto Lina &#8220;sepultou&#8221; de vez a &#8220;esperan\u00e7a na mudan\u00e7a&#8221; com a inclus\u00e3o do filho, Lu\u00e3 Lima (Goverbo) e da esposa, Karine Lina (Assist\u00eancia Social) como secret\u00e1rios municipais, um gesto de flagroroso nepotismo.<\/p>\n<p>Al\u00e9m disso assumiu impl\u00edcito e explicitamente publicamente que pelo menos tr\u00eas a quatro destes s\u00e3o resultados de acordos e indica\u00e7\u00f5es pol\u00edticas (nesse caso n\u00e3o podemos adjetiv\u00e1-lo de hipocrusia), sendo mais um gestor que faz op\u00e7\u00e3o em continuar implantando a &#8220;velha pol\u00edtica&#8221; que teria se comprometido em combat\u00ea-la.<\/p>\n<p>Aqui n\u00e3o se avalia (ainda) a capacidade t\u00e9cnica dos nomes, mas os crit\u00e9rios em que se deu a escolha, cujos adjetivos me permitam n\u00e3o declin\u00e1-los.<\/p>\n","protected":false},"excerpt":{"rendered":"<p>\u00c9 um direito e de livre nomea\u00e7\u00e3o dos nomes de suas equipes de governos pelos prefeitos,, mas Valverto Lina &#8220;sepultou&#8221; de vez a &#8220;esperan\u00e7a na mudan\u00e7a&#8221; com a inclus\u00e3o do filho, Lu\u00e3 Lima (Goverbo) e da esposa, Karine Lina (Assist\u00eancia Social) como secret\u00e1rios municipais, um gesto de flagroroso nepotismo. Al\u00e9m disso assumiu impl\u00edcito e explicitamente publicamente que pelo menos tr\u00eas a quatro destes s\u00e3o resultados de acordos e indica\u00e7\u00f5es pol\u00edticas<\/p>\n","protected":false},"author":3,"featured_media":2054,"comment_status":"open","ping_status":"open","sticky":false,"template":"","format":"standard","meta":[],"categories":[18],"tags":[],"yoast_head":"<!-- This site is optimized with the Yoast SEO plugin v16.3 - https:\/\/yoast.com\/wordpress\/plugins\/seo\/ -->\n<title>Editorial: A GRANDE FAM\u00cdLIA: A velha pol\u00edtica com todas \u00e0s letras em Propri\u00e1 - TRIBUNA DA PRAIA<\/title>\n<meta name=\"robots\" content=\"index, follow, max-snippet:-1, max-image-preview:large, max-video-preview:-1\" \/>\n<link rel=\"canonical\" href=\"https:\/\/tribunadapraia.com.br\/?p=2053\" \/>\n<meta property=\"og:locale\" content=\"pt_BR\" \/>\n<meta property=\"og:type\" content=\"article\" \/>\n<meta property=\"og:title\" content=\"Editorial: A GRANDE FAM\u00cdLIA: A velha pol\u00edtica com todas \u00e0s letras em Propri\u00e1 - TRIBUNA DA PRAIA\" \/>\n<meta property=\"og:description\" content=\"\u00c9 um direito e de livre nomea\u00e7\u00e3o dos nomes de suas equipes de governos pelos prefeitos,, mas Valverto Lina &#8220;sepultou&#8221; de vez a &#8220;esperan\u00e7a na mudan\u00e7a&#8221; com a inclus\u00e3o do filho, Lu\u00e3 Lima (Goverbo) e da esposa, Karine Lina (Assist\u00eancia Social) como secret\u00e1rios municipais, um gesto de flagroroso nepotismo. Al\u00e9m disso assumiu impl\u00edcito e explicitamente publicamente que pelo menos tr\u00eas a quatro destes s\u00e3o resultados de acordos e indica\u00e7\u00f5es pol\u00edticas\" \/>\n<meta property=\"og:url\" content=\"https:\/\/tribunadapraia.com.br\/?p=2053\" \/>\n<meta property=\"og:site_name\" content=\"TRIBUNA DA PRAIA\" \/>\n<meta property=\"article:publisher\" content=\"https:\/\/www.facebook.com\/tribunadapraiaonline\/\" \/>\n<meta property=\"article:published_time\" content=\"2020-12-25T13:14:52+00:00\" \/>\n<meta property=\"og:image\" content=\"https:\/\/tribunadapraia.com.br\/wp-content\/uploads\/2020\/12\/IMG-20201225-WA0022.jpg\" \/>\n\t<meta property=\"og:image:width\" content=\"300\" \/>\n\t<meta property=\"og:image:height\" content=\"247\" \/>\n<meta name=\"twitter:card\" content=\"summary_large_image\" \/>\n<meta name=\"twitter:creator\" content=\"@Claudomir21\" \/>\n<meta name=\"twitter:site\" content=\"@Claudomir21\" \/>\n<meta name=\"twitter:label1\" content=\"Est. tempo de leitura\">\n\t<meta name=\"twitter:data1\" content=\"1 minuto\">\n<script type=\"application\/ld+json\" class=\"yoast-schema-graph\">{\"@context\":\"https:\/\/schema.org\",\"@graph\":[{\"@type\":\"Organization\",\"@id\":\"https:\/\/tribunadapraia.com.br\/#organization\",\"name\":\"Tribuna da Praia\",\"url\":\"https:\/\/tribunadapraia.com.br\/\",\"sameAs\":[\"https:\/\/www.facebook.com\/tribunadapraiaonline\/\",\"https:\/\/www.instagram.com\/claudomirtavares\/\",\"https:\/\/www.youtube.com\/channel\/UCwQf80nxiMzCefAyjbp53Rw\",\"https:\/\/twitter.com\/Claudomir21\"],\"logo\":{\"@type\":\"ImageObject\",\"@id\":\"https:\/\/tribunadapraia.com.br\/#logo\",\"inLanguage\":\"pt-BR\",\"url\":\"https:\/\/tribunadapraia.com.br\/wp-content\/uploads\/2020\/02\/logo.png\",\"contentUrl\":\"https:\/\/tribunadapraia.com.br\/wp-content\/uploads\/2020\/02\/logo.png\",\"width\":501,\"height\":121,\"caption\":\"Tribuna da Praia\"},\"image\":{\"@id\":\"https:\/\/tribunadapraia.com.br\/#logo\"}},{\"@type\":\"WebSite\",\"@id\":\"https:\/\/tribunadapraia.com.br\/#website\",\"url\":\"https:\/\/tribunadapraia.com.br\/\",\"name\":\"TRIBUNA DA PRAIA\",\"description\":\"O 1\\u00ba jornal do interior de Sergipe na internet\",\"publisher\":{\"@id\":\"https:\/\/tribunadapraia.com.br\/#organization\"},\"potentialAction\":[{\"@type\":\"SearchAction\",\"target\":\"https:\/\/tribunadapraia.com.br\/?s={search_term_string}\",\"query-input\":\"required name=search_term_string\"}],\"inLanguage\":\"pt-BR\"},{\"@type\":\"ImageObject\",\"@id\":\"https:\/\/tribunadapraia.com.br\/?p=2053#primaryimage\",\"inLanguage\":\"pt-BR\",\"url\":\"https:\/\/tribunadapraia.com.br\/wp-content\/uploads\/2020\/12\/IMG-20201225-WA0022.jpg\",\"contentUrl\":\"https:\/\/tribunadapraia.com.br\/wp-content\/uploads\/2020\/12\/IMG-20201225-WA0022.jpg\",\"width\":300,\"height\":247},{\"@type\":\"WebPage\",\"@id\":\"https:\/\/tribunadapraia.com.br\/?p=2053#webpage\",\"url\":\"https:\/\/tribunadapraia.com.br\/?p=2053\",\"name\":\"Editorial: A GRANDE FAM\\u00cdLIA: A velha pol\\u00edtica com todas \\u00e0s letras em Propri\\u00e1 - TRIBUNA DA PRAIA\",\"isPartOf\":{\"@id\":\"https:\/\/tribunadapraia.com.br\/#website\"},\"primaryImageOfPage\":{\"@id\":\"https:\/\/tribunadapraia.com.br\/?p=2053#primaryimage\"},\"datePublished\":\"2020-12-25T13:14:52+00:00\",\"dateModified\":\"2020-12-25T13:14:52+00:00\",\"breadcrumb\":{\"@id\":\"https:\/\/tribunadapraia.com.br\/?p=2053#breadcrumb\"},\"inLanguage\":\"pt-BR\",\"potentialAction\":[{\"@type\":\"ReadAction\",\"target\":[\"https:\/\/tribunadapraia.com.br\/?p=2053\"]}]},{\"@type\":\"BreadcrumbList\",\"@id\":\"https:\/\/tribunadapraia.com.br\/?p=2053#breadcrumb\",\"itemListElement\":[{\"@type\":\"ListItem\",\"position\":1,\"item\":{\"@type\":\"WebPage\",\"@id\":\"https:\/\/tribunadapraia.com.br\/\",\"url\":\"https:\/\/tribunadapraia.com.br\/\",\"name\":\"In\\u00edcio\"}},{\"@type\":\"ListItem\",\"position\":2,\"item\":{\"@id\":\"https:\/\/tribunadapraia.com.br\/?p=2053#webpage\"}}]},{\"@type\":\"Article\",\"@id\":\"https:\/\/tribunadapraia.com.br\/?p=2053#article\",\"isPartOf\":{\"@id\":\"https:\/\/tribunadapraia.com.br\/?p=2053#webpage\"},\"author\":{\"@id\":\"https:\/\/tribunadapraia.com.br\/#\/schema\/person\/099fbbf59acc5895c0d7d52b4fc46c97\"},\"headline\":\"Editorial: A GRANDE FAM\\u00cdLIA: A velha pol\\u00edtica com todas \\u00e0s letras em Propri\\u00e1\",\"datePublished\":\"2020-12-25T13:14:52+00:00\",\"dateModified\":\"2020-12-25T13:14:52+00:00\",\"mainEntityOfPage\":{\"@id\":\"https:\/\/tribunadapraia.com.br\/?p=2053#webpage\"},\"wordCount\":157,\"commentCount\":0,\"publisher\":{\"@id\":\"https:\/\/tribunadapraia.com.br\/#organization\"},\"image\":{\"@id\":\"https:\/\/tribunadapraia.com.br\/?p=2053#primaryimage\"},\"thumbnailUrl\":\"https:\/\/tribunadapraia.com.br\/wp-content\/uploads\/2020\/12\/IMG-20201225-WA0022.jpg\",\"articleSection\":[\"Not\\u00edcias\"],\"inLanguage\":\"pt-BR\",\"potentialAction\":[{\"@type\":\"CommentAction\",\"name\":\"Comment\",\"target\":[\"https:\/\/tribunadapraia.com.br\/?p=2053#respond\"]}]},{\"@type\":\"Person\",\"@id\":\"https:\/\/tribunadapraia.com.br\/#\/schema\/person\/099fbbf59acc5895c0d7d52b4fc46c97\",\"name\":\"Reda\\u00e7\\u00e3o\",\"image\":{\"@type\":\"ImageObject\",\"@id\":\"https:\/\/tribunadapraia.com.br\/#personlogo\",\"inLanguage\":\"pt-BR\",\"url\":\"https:\/\/secure.gravatar.com\/avatar\/91c8b91d2bfd7784eac5c3e055361f64?s=96&d=identicon&r=g\",\"contentUrl\":\"https:\/\/secure.gravatar.com\/avatar\/91c8b91d2bfd7784eac5c3e055361f64?s=96&d=identicon&r=g\",\"caption\":\"Reda\\u00e7\\u00e3o\"}}]}<\/script>\n<!-- \/ Yoast SEO plugin. -->","wps_subtitle":"","_links":{"self":[{"href":"https:\/\/tribunadapraia.com.br\/index.php?rest_route=\/wp\/v2\/posts\/2053"}],"collection":[{"href":"https:\/\/tribunadapraia.com.br\/index.php?rest_route=\/wp\/v2\/posts"}],"about":[{"href":"https:\/\/tribunadapraia.com.br\/index.php?rest_route=\/wp\/v2\/types\/post"}],"author":[{"embeddable":true,"href":"https:\/\/tribunadapraia.com.br\/index.php?rest_route=\/wp\/v2\/users\/3"}],"replies":[{"embeddable":true,"href":"https:\/\/tribunadapraia.com.br\/index.php?rest_route=%2Fwp%2Fv2%2Fcomments&post=2053"}],"version-history":[{"count":1,"href":"https:\/\/tribunadapraia.com.br\/index.php?rest_route=\/wp\/v2\/posts\/2053\/revisions"}],"predecessor-version":[{"id":2055,"href":"https:\/\/tribunadapraia.com.br\/index.php?rest_route=\/wp\/v2\/posts\/2053\/revisions\/2055"}],"wp:featuredmedia":[{"embeddable":true,"href":"https:\/\/tribunadapraia.com.br\/index.php?rest_route=\/wp\/v2\/media\/2054"}],"wp:attachment":[{"href":"https:\/\/tribunadapraia.com.br\/index.php?rest_route=%2Fwp%2Fv2%2Fmedia&parent=2053"}],"wp:term":[{"taxonomy":"category","embeddable":true,"href":"https:\/\/tribunadapraia.com.br\/index.php?rest_route=%2Fwp%2Fv2%2Fcategories&post=2053"},{"taxonomy":"post_tag","embeddable":true,"href":"https:\/\/tribunadapraia.com.br\/index.php?rest_route=%2Fwp%2Fv2%2Ftags&post=2053"}],"curies":[{"name":"wp","href":"https:\/\/api.w.org\/{rel}","templated":true}]}}