{"id":2050,"date":"2020-12-24T21:58:04","date_gmt":"2020-12-25T00:58:04","guid":{"rendered":"https:\/\/tribunadapraia.com.br\/?p=2050"},"modified":"2020-12-24T21:59:24","modified_gmt":"2020-12-25T00:59:24","slug":"artigo-a-esperanca-na-mudanca-nao-aconteceu-em-propria","status":"publish","type":"post","link":"https:\/\/tribunadapraia.com.br\/?p=2050","title":{"rendered":"Artigo: A &#8220;esperan\u00e7a na mudan\u00e7a&#8221; n\u00e3o aconteceu em Propri\u00e1"},"content":{"rendered":"<p>Quando se prop\u00f4s disputar o comando da prefeitura de Propri\u00e1, e decidiu como slogan de campanha para sua coliga\u00e7\u00e3o &#8220;a esperan\u00e7a na mudan\u00e7a&#8221;, logo se imagina que o candidato al\u00e9m de discordar da estrutura administrativa atual, pretende estabelecer caminhos diferentes do que foi praticado pelo prefeito Yokanaan Santana at\u00e9 aqui.<\/p>\n<p>Foi com esse discurso que o doutor Valberto, MDB, conseguiu vencer a elei\u00e7\u00e3o com uma diferen\u00e7a de duzentos e trinta e nove votos para o seu principal advers\u00e1rio Luciano Nascimento.<\/p>\n<p>Numa entrevista concedida hoje pela manh\u00e3 numa emissora aliada do candidato, Propri\u00e1 FM, o futuro prefeito anunciou a maioria dos nomes do seu secretariado, e j\u00e1 mostrou que a estrutura administrativa n\u00e3o mudou nada.<\/p>\n<p>Dentre os secret\u00e1rios anunciados est\u00e3o o seu filho Luan, e sua esposa Karine, que assumir\u00e3o a secretaria de Governo e Assist\u00eancia Social, respectivamente. Al\u00e9m desses, o seu vice Rafael Sandes conseguiu emplacar seu candidato a vereador Rafael Luckman na secretaria de Turismo, depois de n\u00e3o conseguir eleg\u00ea-lo para C\u00e2mara de Vereadores.<\/p>\n<p>Resolvidas essas pastas familiares, o doutor atende alguns compromissos pol\u00edticos com o atual vice prefeito H\u00e9lio Gomes, anunciando seu filho Luciano para a pasta da Agricultura, e o tamb\u00e9m atual vereador Marcos Gra\u00e7a, dissidente do Democratas de Propri\u00e1, que n\u00e3o disputou a reelei\u00e7\u00e3o e optou caminhar com a candidatura do MDB.<\/p>\n<p>N\u00e3o menos diferente do conceito pol\u00edtico, a pasta da Educa\u00e7\u00e3o ser\u00e1 comanda pelo professor Glaedson, que foi um dos coordenadores da campanha, e figura de rela\u00e7\u00e3o muito estreita, do ponto de vista pol\u00edtico, com Renato Brand\u00e3o.<\/p>\n<p>Somente por a\u00ed, j\u00e1 \u00e9 o suficiente para estabelecer o conflito entre o discurso e pr\u00e1tica, quando mudan\u00e7a n\u00e3o existe nenhuma. Sai a esposa e o filho de Yokanan, entram a esposa e o filho de doutor Valberto. E mais: filho de H\u00e9lio Gomes, companheiro de Rafael Sandes, enfim, t\u00e1 tudo em casa.<\/p>\n<p>\u00c9 dif\u00edcil ter esperan\u00e7a, quando antes mesmo de come\u00e7ar j\u00e1 se revela que n\u00e3o h\u00e1 mudan\u00e7a.<\/p>\n<p>Como o futuro prefeito \u00e9 m\u00e9dico de profiss\u00e3o, lamentavelmente, Propri\u00e1 ser\u00e1 mais um &#8220;paciente&#8221; que agoniza, e continuar\u00e1 aguardando sua cura.<\/p>\n<p>por Ferreira Filho<\/p>\n","protected":false},"excerpt":{"rendered":"<p>Quando se prop\u00f4s disputar o comando da prefeitura de Propri\u00e1, e decidiu como slogan de campanha para sua coliga\u00e7\u00e3o &#8220;a esperan\u00e7a na mudan\u00e7a&#8221;, logo se imagina que o candidato al\u00e9m de discordar da estrutura administrativa atual, pretende estabelecer caminhos diferentes do que foi praticado pelo prefeito Yokanaan Santana at\u00e9 aqui. Foi com esse discurso que o doutor Valberto, MDB, conseguiu vencer a elei\u00e7\u00e3o com uma diferen\u00e7a de duzentos e trinta<\/p>\n","protected":false},"author":1,"featured_media":2051,"comment_status":"open","ping_status":"open","sticky":false,"template":"","format":"standard","meta":[],"categories":[18],"tags":[],"yoast_head":"<!-- This site is optimized with the Yoast SEO plugin v16.3 - https:\/\/yoast.com\/wordpress\/plugins\/seo\/ -->\n<title>Artigo: A &quot;esperan\u00e7a na mudan\u00e7a&quot; n\u00e3o aconteceu em Propri\u00e1 - TRIBUNA DA PRAIA<\/title>\n<meta name=\"robots\" content=\"index, follow, max-snippet:-1, max-image-preview:large, max-video-preview:-1\" \/>\n<link rel=\"canonical\" href=\"https:\/\/tribunadapraia.com.br\/?p=2050\" \/>\n<meta property=\"og:locale\" content=\"pt_BR\" \/>\n<meta property=\"og:type\" content=\"article\" \/>\n<meta property=\"og:title\" content=\"Artigo: A &quot;esperan\u00e7a na mudan\u00e7a&quot; n\u00e3o aconteceu em Propri\u00e1 - TRIBUNA DA PRAIA\" \/>\n<meta property=\"og:description\" content=\"Quando se prop\u00f4s disputar o comando da prefeitura de Propri\u00e1, e decidiu como slogan de campanha para sua coliga\u00e7\u00e3o &#8220;a esperan\u00e7a na mudan\u00e7a&#8221;, logo se imagina que o candidato al\u00e9m de discordar da estrutura administrativa atual, pretende estabelecer caminhos diferentes do que foi praticado pelo prefeito Yokanaan Santana at\u00e9 aqui. Foi com esse discurso que o doutor Valberto, MDB, conseguiu vencer a elei\u00e7\u00e3o com uma diferen\u00e7a de duzentos e trinta\" \/>\n<meta property=\"og:url\" content=\"https:\/\/tribunadapraia.com.br\/?p=2050\" \/>\n<meta property=\"og:site_name\" content=\"TRIBUNA DA PRAIA\" \/>\n<meta property=\"article:publisher\" content=\"https:\/\/www.facebook.com\/tribunadapraiaonline\/\" \/>\n<meta property=\"article:published_time\" content=\"2020-12-25T00:58:04+00:00\" \/>\n<meta property=\"article:modified_time\" content=\"2020-12-25T00:59:24+00:00\" \/>\n<meta property=\"og:image\" content=\"https:\/\/tribunadapraia.com.br\/wp-content\/uploads\/2020\/12\/IMG-20201224-WA0053.jpg\" \/>\n\t<meta property=\"og:image:width\" content=\"720\" \/>\n\t<meta property=\"og:image:height\" content=\"709\" \/>\n<meta name=\"twitter:card\" content=\"summary_large_image\" \/>\n<meta name=\"twitter:creator\" content=\"@Claudomir21\" \/>\n<meta name=\"twitter:site\" content=\"@Claudomir21\" \/>\n<meta name=\"twitter:label1\" content=\"Est. tempo de leitura\">\n\t<meta name=\"twitter:data1\" content=\"2 minutos\">\n<script type=\"application\/ld+json\" class=\"yoast-schema-graph\">{\"@context\":\"https:\/\/schema.org\",\"@graph\":[{\"@type\":\"Organization\",\"@id\":\"https:\/\/tribunadapraia.com.br\/#organization\",\"name\":\"Tribuna da Praia\",\"url\":\"https:\/\/tribunadapraia.com.br\/\",\"sameAs\":[\"https:\/\/www.facebook.com\/tribunadapraiaonline\/\",\"https:\/\/www.instagram.com\/claudomirtavares\/\",\"https:\/\/www.youtube.com\/channel\/UCwQf80nxiMzCefAyjbp53Rw\",\"https:\/\/twitter.com\/Claudomir21\"],\"logo\":{\"@type\":\"ImageObject\",\"@id\":\"https:\/\/tribunadapraia.com.br\/#logo\",\"inLanguage\":\"pt-BR\",\"url\":\"https:\/\/tribunadapraia.com.br\/wp-content\/uploads\/2020\/02\/logo.png\",\"contentUrl\":\"https:\/\/tribunadapraia.com.br\/wp-content\/uploads\/2020\/02\/logo.png\",\"width\":501,\"height\":121,\"caption\":\"Tribuna da Praia\"},\"image\":{\"@id\":\"https:\/\/tribunadapraia.com.br\/#logo\"}},{\"@type\":\"WebSite\",\"@id\":\"https:\/\/tribunadapraia.com.br\/#website\",\"url\":\"https:\/\/tribunadapraia.com.br\/\",\"name\":\"TRIBUNA DA PRAIA\",\"description\":\"O 1\\u00ba jornal do interior de Sergipe na internet\",\"publisher\":{\"@id\":\"https:\/\/tribunadapraia.com.br\/#organization\"},\"potentialAction\":[{\"@type\":\"SearchAction\",\"target\":\"https:\/\/tribunadapraia.com.br\/?s={search_term_string}\",\"query-input\":\"required name=search_term_string\"}],\"inLanguage\":\"pt-BR\"},{\"@type\":\"ImageObject\",\"@id\":\"https:\/\/tribunadapraia.com.br\/?p=2050#primaryimage\",\"inLanguage\":\"pt-BR\",\"url\":\"https:\/\/tribunadapraia.com.br\/wp-content\/uploads\/2020\/12\/IMG-20201224-WA0053.jpg\",\"contentUrl\":\"https:\/\/tribunadapraia.com.br\/wp-content\/uploads\/2020\/12\/IMG-20201224-WA0053.jpg\",\"width\":720,\"height\":709},{\"@type\":\"WebPage\",\"@id\":\"https:\/\/tribunadapraia.com.br\/?p=2050#webpage\",\"url\":\"https:\/\/tribunadapraia.com.br\/?p=2050\",\"name\":\"Artigo: A \\\"esperan\\u00e7a na mudan\\u00e7a\\\" n\\u00e3o aconteceu em Propri\\u00e1 - TRIBUNA DA PRAIA\",\"isPartOf\":{\"@id\":\"https:\/\/tribunadapraia.com.br\/#website\"},\"primaryImageOfPage\":{\"@id\":\"https:\/\/tribunadapraia.com.br\/?p=2050#primaryimage\"},\"datePublished\":\"2020-12-25T00:58:04+00:00\",\"dateModified\":\"2020-12-25T00:59:24+00:00\",\"breadcrumb\":{\"@id\":\"https:\/\/tribunadapraia.com.br\/?p=2050#breadcrumb\"},\"inLanguage\":\"pt-BR\",\"potentialAction\":[{\"@type\":\"ReadAction\",\"target\":[\"https:\/\/tribunadapraia.com.br\/?p=2050\"]}]},{\"@type\":\"BreadcrumbList\",\"@id\":\"https:\/\/tribunadapraia.com.br\/?p=2050#breadcrumb\",\"itemListElement\":[{\"@type\":\"ListItem\",\"position\":1,\"item\":{\"@type\":\"WebPage\",\"@id\":\"https:\/\/tribunadapraia.com.br\/\",\"url\":\"https:\/\/tribunadapraia.com.br\/\",\"name\":\"In\\u00edcio\"}},{\"@type\":\"ListItem\",\"position\":2,\"item\":{\"@id\":\"https:\/\/tribunadapraia.com.br\/?p=2050#webpage\"}}]},{\"@type\":\"Article\",\"@id\":\"https:\/\/tribunadapraia.com.br\/?p=2050#article\",\"isPartOf\":{\"@id\":\"https:\/\/tribunadapraia.com.br\/?p=2050#webpage\"},\"author\":{\"@id\":\"https:\/\/tribunadapraia.com.br\/#\/schema\/person\/326b0a9f3163b479142c64eba4928de0\"},\"headline\":\"Artigo: A &#8220;esperan\\u00e7a na mudan\\u00e7a&#8221; n\\u00e3o aconteceu em Propri\\u00e1\",\"datePublished\":\"2020-12-25T00:58:04+00:00\",\"dateModified\":\"2020-12-25T00:59:24+00:00\",\"mainEntityOfPage\":{\"@id\":\"https:\/\/tribunadapraia.com.br\/?p=2050#webpage\"},\"wordCount\":394,\"commentCount\":0,\"publisher\":{\"@id\":\"https:\/\/tribunadapraia.com.br\/#organization\"},\"image\":{\"@id\":\"https:\/\/tribunadapraia.com.br\/?p=2050#primaryimage\"},\"thumbnailUrl\":\"https:\/\/tribunadapraia.com.br\/wp-content\/uploads\/2020\/12\/IMG-20201224-WA0053.jpg\",\"articleSection\":[\"Not\\u00edcias\"],\"inLanguage\":\"pt-BR\",\"potentialAction\":[{\"@type\":\"CommentAction\",\"name\":\"Comment\",\"target\":[\"https:\/\/tribunadapraia.com.br\/?p=2050#respond\"]}]},{\"@type\":\"Person\",\"@id\":\"https:\/\/tribunadapraia.com.br\/#\/schema\/person\/326b0a9f3163b479142c64eba4928de0\",\"name\":\"tribunadapraia\",\"image\":{\"@type\":\"ImageObject\",\"@id\":\"https:\/\/tribunadapraia.com.br\/#personlogo\",\"inLanguage\":\"pt-BR\",\"url\":\"https:\/\/secure.gravatar.com\/avatar\/38b019c74762496076b7355024a0dad9?s=96&d=identicon&r=g\",\"contentUrl\":\"https:\/\/secure.gravatar.com\/avatar\/38b019c74762496076b7355024a0dad9?s=96&d=identicon&r=g\",\"caption\":\"tribunadapraia\"}}]}<\/script>\n<!-- \/ Yoast SEO plugin. -->","wps_subtitle":"","_links":{"self":[{"href":"https:\/\/tribunadapraia.com.br\/index.php?rest_route=\/wp\/v2\/posts\/2050"}],"collection":[{"href":"https:\/\/tribunadapraia.com.br\/index.php?rest_route=\/wp\/v2\/posts"}],"about":[{"href":"https:\/\/tribunadapraia.com.br\/index.php?rest_route=\/wp\/v2\/types\/post"}],"author":[{"embeddable":true,"href":"https:\/\/tribunadapraia.com.br\/index.php?rest_route=\/wp\/v2\/users\/1"}],"replies":[{"embeddable":true,"href":"https:\/\/tribunadapraia.com.br\/index.php?rest_route=%2Fwp%2Fv2%2Fcomments&post=2050"}],"version-history":[{"count":1,"href":"https:\/\/tribunadapraia.com.br\/index.php?rest_route=\/wp\/v2\/posts\/2050\/revisions"}],"predecessor-version":[{"id":2052,"href":"https:\/\/tribunadapraia.com.br\/index.php?rest_route=\/wp\/v2\/posts\/2050\/revisions\/2052"}],"wp:featuredmedia":[{"embeddable":true,"href":"https:\/\/tribunadapraia.com.br\/index.php?rest_route=\/wp\/v2\/media\/2051"}],"wp:attachment":[{"href":"https:\/\/tribunadapraia.com.br\/index.php?rest_route=%2Fwp%2Fv2%2Fmedia&parent=2050"}],"wp:term":[{"taxonomy":"category","embeddable":true,"href":"https:\/\/tribunadapraia.com.br\/index.php?rest_route=%2Fwp%2Fv2%2Fcategories&post=2050"},{"taxonomy":"post_tag","embeddable":true,"href":"https:\/\/tribunadapraia.com.br\/index.php?rest_route=%2Fwp%2Fv2%2Ftags&post=2050"}],"curies":[{"name":"wp","href":"https:\/\/api.w.org\/{rel}","templated":true}]}}