{"id":2048,"date":"2020-12-24T04:11:26","date_gmt":"2020-12-24T07:11:26","guid":{"rendered":"https:\/\/tribunadapraia.com.br\/?p=2048"},"modified":"2020-12-24T04:11:26","modified_gmt":"2020-12-24T07:11:26","slug":"educacao-se-organizar-e-se-planejar-da-para-pagar-manter-e-desenvolver-o-ensino-em-pirambu","status":"publish","type":"post","link":"https:\/\/tribunadapraia.com.br\/?p=2048","title":{"rendered":"Educa\u00e7\u00e3o: Se organizar e se planejar, d\u00e1 para pagar, manter e desenvolver o ensino em Pirambu"},"content":{"rendered":"<p>Durante entrevista concedida em 22\/12 ao radialista George Magalh\u00e3es na R\u00e1dio FAN FM, da cidade de Carm\u00f3polis, o prefeito eleito e diplomado de Pirambu, Guilherme Melo (PSC) disse que o principal gargalo da futura gest\u00e3o ser\u00e1 a educa\u00e7\u00e3o e destacou a dificuldade em honrar com a folha de pagamento dos professores que consome al\u00e9m dos recursos do FUNDEB, precisa ser complementada com parte do FPM. Apresentou como solu\u00e7\u00e3o alternativa para a resolutividade do problema, a redu\u00e7\u00e3o dos sal\u00e1rios dos professores, n\u00e3o deixando claro como se daria essa medida, para equacion\u00e1-lo e fechar a conta dentro da margem de movimenta\u00e7\u00e3o das receitas do Fundo de Manuten\u00e7\u00e3o e Densenvolvimento da Educa\u00e7\u00e3o B\u00e1sica.<\/p>\n<p>O futuro gestor n\u00e3o precisa, nem pode reduzir os proventos dos profissionais do ensino, o que seria um ato inconstitucional, mas como j\u00e1 afirmamos em postagens anteriores, corrigir imediatamente \u00e0s disparidades e distor\u00e7\u00f5es que nas condi\u00e7\u00f5es atuais beneficia aliados, constru\u00eddas durante a atual e anteriores administra\u00e7\u00f5es, constru\u00eddas em bases insustent\u00e1veis inobservadas pela &#8220;miopia&#8221; jur\u00eddica da Prefeitura Municipal, majoritariamente na atual gest\u00e3o da qual \u00e9 co-respons\u00e1vel e co-part\u00edcipe (h\u00e1 um estudo com estas indica\u00e7\u00f5es laureado pelas secretarias de Finan\u00e7as e de Educa\u00e7\u00e3o).<\/p>\n<p>Guilherme Melo sabe que basta se organizar, se planejar e acabar com a famigerada &#8220;farra&#8221; de contratados, optando inevitavelnente pelo necess\u00e1rio e indispens\u00e1vel processo seletivo, baseado em crit\u00e9rios t\u00e9cnicos, democr\u00e1ticos e pondo fim ao cabide de empregos em que se tornaram nossas escolas e Secretaria de Educa\u00e7\u00e3o.<br \/>\nO prefeito eleito n\u00e3o deve insistir no discurso que objetiva confundir a sociedade pirambuense, nem lan\u00e7ar m\u00e3o de uma narrativa que criminaliza os educadores que labuta diariamente no ch\u00e3o das escolas, mas aflorar a vontade e firmeza pol\u00edtica para explicar porque alguns recebem sal\u00e1rios variantes entre R$ 9, 11, 14, 16 mil, quando a ampla maioria recebe a n\u00e9dia salarial pouco superior a R$ 4 mil (veja valores reais no Portal da Transpar\u00eancia) e ainda tive sua reg\u00eancia de classe mutilada pagando uma conta pela omiss\u00e3o da atual gest\u00e3o que privou direito dos estudantes \u00e0s aulas remotas e professores em ministr\u00e1-las. E para finalizar, o que tem feito a atual gest\u00e3o com o recolhimento das consigna\u00e7\u00f5es dos empr\u00e9stimos contra\u00eddos por servidores junto \u00e0s institui\u00e7\u00f5es financeiras como CAIXA e BRADESCO, que t\u00eam mensalmente os valores recolhidos\/retidos dos sal\u00e1ruos e n\u00e3o repassados a estes bancos que negativam os nomes dos servidores, ficando estes impedidos de adquirir qualquer bens (m\u00f3veis, im\u00f3veis, etc.), al\u00e9m das recorrentes liga\u00e7\u00f5es telef\u00f4nicas indesej\u00e1veis.<\/p>\n<p>por ClaudOmir Herzog<\/p>\n","protected":false},"excerpt":{"rendered":"<p>Durante entrevista concedida em 22\/12 ao radialista George Magalh\u00e3es na R\u00e1dio FAN FM, da cidade de Carm\u00f3polis, o prefeito eleito e diplomado de Pirambu, Guilherme Melo (PSC) disse que o principal gargalo da futura gest\u00e3o ser\u00e1 a educa\u00e7\u00e3o e destacou a dificuldade em honrar com a folha de pagamento dos professores que consome al\u00e9m dos recursos do FUNDEB, precisa ser complementada com parte do FPM. Apresentou como solu\u00e7\u00e3o alternativa para<\/p>\n","protected":false},"author":3,"featured_media":1674,"comment_status":"open","ping_status":"open","sticky":false,"template":"","format":"standard","meta":[],"categories":[18],"tags":[],"yoast_head":"<!-- This site is optimized with the Yoast SEO plugin v16.3 - https:\/\/yoast.com\/wordpress\/plugins\/seo\/ -->\n<title>Educa\u00e7\u00e3o: Se organizar e se planejar, d\u00e1 para pagar, manter e desenvolver o ensino em Pirambu - TRIBUNA DA PRAIA<\/title>\n<meta name=\"robots\" content=\"index, follow, max-snippet:-1, max-image-preview:large, max-video-preview:-1\" \/>\n<link rel=\"canonical\" href=\"https:\/\/tribunadapraia.com.br\/?p=2048\" \/>\n<meta property=\"og:locale\" content=\"pt_BR\" \/>\n<meta property=\"og:type\" content=\"article\" \/>\n<meta property=\"og:title\" content=\"Educa\u00e7\u00e3o: Se organizar e se planejar, d\u00e1 para pagar, manter e desenvolver o ensino em Pirambu - TRIBUNA DA PRAIA\" \/>\n<meta property=\"og:description\" content=\"Durante entrevista concedida em 22\/12 ao radialista George Magalh\u00e3es na R\u00e1dio FAN FM, da cidade de Carm\u00f3polis, o prefeito eleito e diplomado de Pirambu, Guilherme Melo (PSC) disse que o principal gargalo da futura gest\u00e3o ser\u00e1 a educa\u00e7\u00e3o e destacou a dificuldade em honrar com a folha de pagamento dos professores que consome al\u00e9m dos recursos do FUNDEB, precisa ser complementada com parte do FPM. Apresentou como solu\u00e7\u00e3o alternativa para\" \/>\n<meta property=\"og:url\" content=\"https:\/\/tribunadapraia.com.br\/?p=2048\" \/>\n<meta property=\"og:site_name\" content=\"TRIBUNA DA PRAIA\" \/>\n<meta property=\"article:publisher\" content=\"https:\/\/www.facebook.com\/tribunadapraiaonline\/\" \/>\n<meta property=\"article:published_time\" content=\"2020-12-24T07:11:26+00:00\" \/>\n<meta property=\"og:image\" content=\"https:\/\/tribunadapraia.com.br\/wp-content\/uploads\/2020\/09\/IMG-20200911-WA0082.jpg\" \/>\n\t<meta property=\"og:image:width\" content=\"720\" \/>\n\t<meta property=\"og:image:height\" content=\"726\" \/>\n<meta name=\"twitter:card\" content=\"summary_large_image\" \/>\n<meta name=\"twitter:creator\" content=\"@Claudomir21\" \/>\n<meta name=\"twitter:site\" content=\"@Claudomir21\" \/>\n<meta name=\"twitter:label1\" content=\"Est. tempo de leitura\">\n\t<meta name=\"twitter:data1\" content=\"2 minutos\">\n<script type=\"application\/ld+json\" class=\"yoast-schema-graph\">{\"@context\":\"https:\/\/schema.org\",\"@graph\":[{\"@type\":\"Organization\",\"@id\":\"https:\/\/tribunadapraia.com.br\/#organization\",\"name\":\"Tribuna da Praia\",\"url\":\"https:\/\/tribunadapraia.com.br\/\",\"sameAs\":[\"https:\/\/www.facebook.com\/tribunadapraiaonline\/\",\"https:\/\/www.instagram.com\/claudomirtavares\/\",\"https:\/\/www.youtube.com\/channel\/UCwQf80nxiMzCefAyjbp53Rw\",\"https:\/\/twitter.com\/Claudomir21\"],\"logo\":{\"@type\":\"ImageObject\",\"@id\":\"https:\/\/tribunadapraia.com.br\/#logo\",\"inLanguage\":\"pt-BR\",\"url\":\"https:\/\/tribunadapraia.com.br\/wp-content\/uploads\/2020\/02\/logo.png\",\"contentUrl\":\"https:\/\/tribunadapraia.com.br\/wp-content\/uploads\/2020\/02\/logo.png\",\"width\":501,\"height\":121,\"caption\":\"Tribuna da Praia\"},\"image\":{\"@id\":\"https:\/\/tribunadapraia.com.br\/#logo\"}},{\"@type\":\"WebSite\",\"@id\":\"https:\/\/tribunadapraia.com.br\/#website\",\"url\":\"https:\/\/tribunadapraia.com.br\/\",\"name\":\"TRIBUNA DA PRAIA\",\"description\":\"O 1\\u00ba jornal do interior de Sergipe na internet\",\"publisher\":{\"@id\":\"https:\/\/tribunadapraia.com.br\/#organization\"},\"potentialAction\":[{\"@type\":\"SearchAction\",\"target\":\"https:\/\/tribunadapraia.com.br\/?s={search_term_string}\",\"query-input\":\"required name=search_term_string\"}],\"inLanguage\":\"pt-BR\"},{\"@type\":\"ImageObject\",\"@id\":\"https:\/\/tribunadapraia.com.br\/?p=2048#primaryimage\",\"inLanguage\":\"pt-BR\",\"url\":\"https:\/\/tribunadapraia.com.br\/wp-content\/uploads\/2020\/09\/IMG-20200911-WA0082.jpg\",\"contentUrl\":\"https:\/\/tribunadapraia.com.br\/wp-content\/uploads\/2020\/09\/IMG-20200911-WA0082.jpg\",\"width\":720,\"height\":726},{\"@type\":\"WebPage\",\"@id\":\"https:\/\/tribunadapraia.com.br\/?p=2048#webpage\",\"url\":\"https:\/\/tribunadapraia.com.br\/?p=2048\",\"name\":\"Educa\\u00e7\\u00e3o: Se organizar e se planejar, d\\u00e1 para pagar, manter e desenvolver o ensino em Pirambu - TRIBUNA DA PRAIA\",\"isPartOf\":{\"@id\":\"https:\/\/tribunadapraia.com.br\/#website\"},\"primaryImageOfPage\":{\"@id\":\"https:\/\/tribunadapraia.com.br\/?p=2048#primaryimage\"},\"datePublished\":\"2020-12-24T07:11:26+00:00\",\"dateModified\":\"2020-12-24T07:11:26+00:00\",\"breadcrumb\":{\"@id\":\"https:\/\/tribunadapraia.com.br\/?p=2048#breadcrumb\"},\"inLanguage\":\"pt-BR\",\"potentialAction\":[{\"@type\":\"ReadAction\",\"target\":[\"https:\/\/tribunadapraia.com.br\/?p=2048\"]}]},{\"@type\":\"BreadcrumbList\",\"@id\":\"https:\/\/tribunadapraia.com.br\/?p=2048#breadcrumb\",\"itemListElement\":[{\"@type\":\"ListItem\",\"position\":1,\"item\":{\"@type\":\"WebPage\",\"@id\":\"https:\/\/tribunadapraia.com.br\/\",\"url\":\"https:\/\/tribunadapraia.com.br\/\",\"name\":\"In\\u00edcio\"}},{\"@type\":\"ListItem\",\"position\":2,\"item\":{\"@id\":\"https:\/\/tribunadapraia.com.br\/?p=2048#webpage\"}}]},{\"@type\":\"Article\",\"@id\":\"https:\/\/tribunadapraia.com.br\/?p=2048#article\",\"isPartOf\":{\"@id\":\"https:\/\/tribunadapraia.com.br\/?p=2048#webpage\"},\"author\":{\"@id\":\"https:\/\/tribunadapraia.com.br\/#\/schema\/person\/099fbbf59acc5895c0d7d52b4fc46c97\"},\"headline\":\"Educa\\u00e7\\u00e3o: Se organizar e se planejar, d\\u00e1 para pagar, manter e desenvolver o ensino em Pirambu\",\"datePublished\":\"2020-12-24T07:11:26+00:00\",\"dateModified\":\"2020-12-24T07:11:26+00:00\",\"mainEntityOfPage\":{\"@id\":\"https:\/\/tribunadapraia.com.br\/?p=2048#webpage\"},\"wordCount\":478,\"commentCount\":0,\"publisher\":{\"@id\":\"https:\/\/tribunadapraia.com.br\/#organization\"},\"image\":{\"@id\":\"https:\/\/tribunadapraia.com.br\/?p=2048#primaryimage\"},\"thumbnailUrl\":\"https:\/\/tribunadapraia.com.br\/wp-content\/uploads\/2020\/09\/IMG-20200911-WA0082.jpg\",\"articleSection\":[\"Not\\u00edcias\"],\"inLanguage\":\"pt-BR\",\"potentialAction\":[{\"@type\":\"CommentAction\",\"name\":\"Comment\",\"target\":[\"https:\/\/tribunadapraia.com.br\/?p=2048#respond\"]}]},{\"@type\":\"Person\",\"@id\":\"https:\/\/tribunadapraia.com.br\/#\/schema\/person\/099fbbf59acc5895c0d7d52b4fc46c97\",\"name\":\"Reda\\u00e7\\u00e3o\",\"image\":{\"@type\":\"ImageObject\",\"@id\":\"https:\/\/tribunadapraia.com.br\/#personlogo\",\"inLanguage\":\"pt-BR\",\"url\":\"https:\/\/secure.gravatar.com\/avatar\/91c8b91d2bfd7784eac5c3e055361f64?s=96&d=identicon&r=g\",\"contentUrl\":\"https:\/\/secure.gravatar.com\/avatar\/91c8b91d2bfd7784eac5c3e055361f64?s=96&d=identicon&r=g\",\"caption\":\"Reda\\u00e7\\u00e3o\"}}]}<\/script>\n<!-- \/ Yoast SEO plugin. -->","wps_subtitle":"","_links":{"self":[{"href":"https:\/\/tribunadapraia.com.br\/index.php?rest_route=\/wp\/v2\/posts\/2048"}],"collection":[{"href":"https:\/\/tribunadapraia.com.br\/index.php?rest_route=\/wp\/v2\/posts"}],"about":[{"href":"https:\/\/tribunadapraia.com.br\/index.php?rest_route=\/wp\/v2\/types\/post"}],"author":[{"embeddable":true,"href":"https:\/\/tribunadapraia.com.br\/index.php?rest_route=\/wp\/v2\/users\/3"}],"replies":[{"embeddable":true,"href":"https:\/\/tribunadapraia.com.br\/index.php?rest_route=%2Fwp%2Fv2%2Fcomments&post=2048"}],"version-history":[{"count":1,"href":"https:\/\/tribunadapraia.com.br\/index.php?rest_route=\/wp\/v2\/posts\/2048\/revisions"}],"predecessor-version":[{"id":2049,"href":"https:\/\/tribunadapraia.com.br\/index.php?rest_route=\/wp\/v2\/posts\/2048\/revisions\/2049"}],"wp:featuredmedia":[{"embeddable":true,"href":"https:\/\/tribunadapraia.com.br\/index.php?rest_route=\/wp\/v2\/media\/1674"}],"wp:attachment":[{"href":"https:\/\/tribunadapraia.com.br\/index.php?rest_route=%2Fwp%2Fv2%2Fmedia&parent=2048"}],"wp:term":[{"taxonomy":"category","embeddable":true,"href":"https:\/\/tribunadapraia.com.br\/index.php?rest_route=%2Fwp%2Fv2%2Fcategories&post=2048"},{"taxonomy":"post_tag","embeddable":true,"href":"https:\/\/tribunadapraia.com.br\/index.php?rest_route=%2Fwp%2Fv2%2Ftags&post=2048"}],"curies":[{"name":"wp","href":"https:\/\/api.w.org\/{rel}","templated":true}]}}