{"id":2042,"date":"2020-12-23T04:43:09","date_gmt":"2020-12-23T07:43:09","guid":{"rendered":"https:\/\/tribunadapraia.com.br\/?p=2042"},"modified":"2020-12-23T04:44:27","modified_gmt":"2020-12-23T07:44:27","slug":"propria-luciano-de-menininha-pede-inelegibilidade-do-mandato-de-dr-valberto-e-denuncia-cirurgia-feita-no-iml","status":"publish","type":"post","link":"https:\/\/tribunadapraia.com.br\/?p=2042","title":{"rendered":"Propri\u00e1: Luciano de Menininha pede inelegibilidade do mandato de Dr. Valberto e denuncia cirurgia feita no IML"},"content":{"rendered":"<p>O ex-candidato a prefeito de Propri\u00e1, no Baixo S\u00e3o Francisco Sergipano, Luciano de Menininha (DEM), ajuizou uma a\u00e7\u00e3o de investiga\u00e7\u00e3o eleitoral que tramita na Justi\u00e7a para ca\u00e7ar o mandato do prefeito eleito do munic\u00edpio, Dr. Valberto (MDB). O pedido de inelegibilidade da candidatura do emedebista foi baseado na acusa\u00e7\u00e3o de abuso de poder econ\u00f4mico durante a campanha eleitoral. Luciano de Menininha tamb\u00e9m fez den\u00fancia de que uma cirurgia teria sido realizada em uma sala do Instituto M\u00e9dico Legal (IML), segundo ele, na \u00e9poca em que Dr. Valberto era o secret\u00e1rio de Estado da Sa\u00fade.<\/p>\n<p>Na a\u00e7\u00e3o, Luciano tamb\u00e9m pede a cassa\u00e7\u00e3o do diploma do prefeito eleito. \u201cFoi um abuso de poder pol\u00edtico e econ\u00f4mico fora do normal e n\u00e3o \u00e9 choro de derrotado n\u00e3o, porque quem me conhece sabe. Mas a gente viu um ex-secret\u00e1rio de sa\u00fade usar muita for\u00e7a com a m\u00e1quina estatal, com hospitais particulares de Aracaju de forma afrontosa e a gente pede que a justi\u00e7a apure. As provas apareceram espontaneamente, fomos em cart\u00f3rio registrar que pessoas foram cooptadas, ou por dinheiro, ou por promessa de emprego ou cirurgias\u201d, disse Luciano em entrevista \u00e0 R\u00e1dio Jornal nesta sexta-feira (18).<\/p>\n<p>O ex-candidato ressaltou ainda que houve compra de voto em Propri\u00e1 e denunciou realiza\u00e7\u00e3o de cirurgias irregulares. \u201cO que houve muito foi o estelionato eleitoral, pessoas que est\u00e3o desempregadas, que antes da pessoa pedir voc\u00ea j\u00e1 promete, j\u00e1 pede curr\u00edculo e diz que vai arranjar emprego para todos da fam\u00edlia. Sobre as cirurgias, juntou-se as cirurgias que n\u00e3o eram importantes em 2017 e 2018, todas para serem feitas do meio de 2019 at\u00e9 agora 2020. Cirurgias feitas em salas indevidas, cirurgias que foram feitas sem aquele protocolo de entrada hospital\u201d.<\/p>\n<p>\u201cTeve gente que fez cirurgia dentro de uma sala do IML. [\u2026] Tenho declara\u00e7\u00e3o da esposa do prefeito falando que \u2018voc\u00eas sabem que n\u00f3s estamos aqui, fizemos as cirurgias que prometemos a voc\u00eas\u2019 e outras coisas. Ent\u00e3o espero que o minist\u00e9rio p\u00fablico federal, estadual e o judici\u00e1rio investiguem, vejam se o material que n\u00f3s juntamos tem fundamento e, se tiver, que a justi\u00e7a seja feita. N\u00f3s tivemos quase 7 mil votos num munic\u00edpio, onde tinha um candidato que j\u00e1 vinha h\u00e1 quatro anos em plena da campanha, que era secret\u00e1rio de sa\u00fade\u201d, acrescentou Luciano.<\/p>\n<p>Ainda segundo ele, houve abuso de poder em Propri\u00e1. \u201cHouve abuso de poder estatal. Vou dar um exemplo, a a\u00e7\u00e3o efetiva feita por Dr. Valberto contra a covid-19 aqui em Propri\u00e1 foi colocar dois cont\u00eainers em frente ao Hospital de Propri\u00e1, mas n\u00e3o foi atendida uma s\u00f3 pessoa. Um secret\u00e1rio de sa\u00fade da nossa terra, que pensamos que iria melhorar o nosso hospital de Propri\u00e1, mas que pouco fez\u201d, finalizou.<\/p>\n<p>Dr. Valberto foi eleito com 45,86% dos votos, um total de 7.109 votos. E Luciano de Menininha, ficou como segundo colocado com 6.870 votos, alcan\u00e7ando 44,32%.<\/p>\n<p>Ao AjuNews, Dr. Valberto informou que emitir\u00e1 resposta sobre o assunto, mas at\u00e9 o final da reportagem n\u00e3o enviou.<\/p>\n<p>por Fernanda Sales\/Aju Newa<\/p>\n","protected":false},"excerpt":{"rendered":"<p>O ex-candidato a prefeito de Propri\u00e1, no Baixo S\u00e3o Francisco Sergipano, Luciano de Menininha (DEM), ajuizou uma a\u00e7\u00e3o de investiga\u00e7\u00e3o eleitoral que tramita na Justi\u00e7a para ca\u00e7ar o mandato do prefeito eleito do munic\u00edpio, Dr. Valberto (MDB). O pedido de inelegibilidade da candidatura do emedebista foi baseado na acusa\u00e7\u00e3o de abuso de poder econ\u00f4mico durante a campanha eleitoral. Luciano de Menininha tamb\u00e9m fez den\u00fancia de que uma cirurgia teria sido<\/p>\n","protected":false},"author":1,"featured_media":1851,"comment_status":"open","ping_status":"open","sticky":false,"template":"","format":"standard","meta":[],"categories":[18],"tags":[],"yoast_head":"<!-- This site is optimized with the Yoast SEO plugin v16.3 - https:\/\/yoast.com\/wordpress\/plugins\/seo\/ -->\n<title>Propri\u00e1: Luciano de Menininha pede inelegibilidade do mandato de Dr. Valberto e denuncia cirurgia feita no IML - TRIBUNA DA PRAIA<\/title>\n<meta name=\"robots\" content=\"index, follow, max-snippet:-1, max-image-preview:large, max-video-preview:-1\" \/>\n<link rel=\"canonical\" href=\"https:\/\/tribunadapraia.com.br\/?p=2042\" \/>\n<meta property=\"og:locale\" content=\"pt_BR\" \/>\n<meta property=\"og:type\" content=\"article\" \/>\n<meta property=\"og:title\" content=\"Propri\u00e1: Luciano de Menininha pede inelegibilidade do mandato de Dr. Valberto e denuncia cirurgia feita no IML - TRIBUNA DA PRAIA\" \/>\n<meta property=\"og:description\" content=\"O ex-candidato a prefeito de Propri\u00e1, no Baixo S\u00e3o Francisco Sergipano, Luciano de Menininha (DEM), ajuizou uma a\u00e7\u00e3o de investiga\u00e7\u00e3o eleitoral que tramita na Justi\u00e7a para ca\u00e7ar o mandato do prefeito eleito do munic\u00edpio, Dr. Valberto (MDB). O pedido de inelegibilidade da candidatura do emedebista foi baseado na acusa\u00e7\u00e3o de abuso de poder econ\u00f4mico durante a campanha eleitoral. Luciano de Menininha tamb\u00e9m fez den\u00fancia de que uma cirurgia teria sido\" \/>\n<meta property=\"og:url\" content=\"https:\/\/tribunadapraia.com.br\/?p=2042\" \/>\n<meta property=\"og:site_name\" content=\"TRIBUNA DA PRAIA\" \/>\n<meta property=\"article:publisher\" content=\"https:\/\/www.facebook.com\/tribunadapraiaonline\/\" \/>\n<meta property=\"article:published_time\" content=\"2020-12-23T07:43:09+00:00\" \/>\n<meta property=\"article:modified_time\" content=\"2020-12-23T07:44:27+00:00\" \/>\n<meta property=\"og:image\" content=\"https:\/\/tribunadapraia.com.br\/wp-content\/uploads\/2020\/10\/IMG-20201012-WA0033.jpg\" \/>\n\t<meta property=\"og:image:width\" content=\"721\" \/>\n\t<meta property=\"og:image:height\" content=\"720\" \/>\n<meta name=\"twitter:card\" content=\"summary_large_image\" \/>\n<meta name=\"twitter:creator\" content=\"@Claudomir21\" \/>\n<meta name=\"twitter:site\" content=\"@Claudomir21\" \/>\n<meta name=\"twitter:label1\" content=\"Est. tempo de leitura\">\n\t<meta name=\"twitter:data1\" content=\"3 minutos\">\n<script type=\"application\/ld+json\" class=\"yoast-schema-graph\">{\"@context\":\"https:\/\/schema.org\",\"@graph\":[{\"@type\":\"Organization\",\"@id\":\"https:\/\/tribunadapraia.com.br\/#organization\",\"name\":\"Tribuna da Praia\",\"url\":\"https:\/\/tribunadapraia.com.br\/\",\"sameAs\":[\"https:\/\/www.facebook.com\/tribunadapraiaonline\/\",\"https:\/\/www.instagram.com\/claudomirtavares\/\",\"https:\/\/www.youtube.com\/channel\/UCwQf80nxiMzCefAyjbp53Rw\",\"https:\/\/twitter.com\/Claudomir21\"],\"logo\":{\"@type\":\"ImageObject\",\"@id\":\"https:\/\/tribunadapraia.com.br\/#logo\",\"inLanguage\":\"pt-BR\",\"url\":\"https:\/\/tribunadapraia.com.br\/wp-content\/uploads\/2020\/02\/logo.png\",\"contentUrl\":\"https:\/\/tribunadapraia.com.br\/wp-content\/uploads\/2020\/02\/logo.png\",\"width\":501,\"height\":121,\"caption\":\"Tribuna da Praia\"},\"image\":{\"@id\":\"https:\/\/tribunadapraia.com.br\/#logo\"}},{\"@type\":\"WebSite\",\"@id\":\"https:\/\/tribunadapraia.com.br\/#website\",\"url\":\"https:\/\/tribunadapraia.com.br\/\",\"name\":\"TRIBUNA DA PRAIA\",\"description\":\"O 1\\u00ba jornal do interior de Sergipe na internet\",\"publisher\":{\"@id\":\"https:\/\/tribunadapraia.com.br\/#organization\"},\"potentialAction\":[{\"@type\":\"SearchAction\",\"target\":\"https:\/\/tribunadapraia.com.br\/?s={search_term_string}\",\"query-input\":\"required name=search_term_string\"}],\"inLanguage\":\"pt-BR\"},{\"@type\":\"ImageObject\",\"@id\":\"https:\/\/tribunadapraia.com.br\/?p=2042#primaryimage\",\"inLanguage\":\"pt-BR\",\"url\":\"https:\/\/tribunadapraia.com.br\/wp-content\/uploads\/2020\/10\/IMG-20201012-WA0033.jpg\",\"contentUrl\":\"https:\/\/tribunadapraia.com.br\/wp-content\/uploads\/2020\/10\/IMG-20201012-WA0033.jpg\",\"width\":721,\"height\":720},{\"@type\":\"WebPage\",\"@id\":\"https:\/\/tribunadapraia.com.br\/?p=2042#webpage\",\"url\":\"https:\/\/tribunadapraia.com.br\/?p=2042\",\"name\":\"Propri\\u00e1: Luciano de Menininha pede inelegibilidade do mandato de Dr. Valberto e denuncia cirurgia feita no IML - TRIBUNA DA PRAIA\",\"isPartOf\":{\"@id\":\"https:\/\/tribunadapraia.com.br\/#website\"},\"primaryImageOfPage\":{\"@id\":\"https:\/\/tribunadapraia.com.br\/?p=2042#primaryimage\"},\"datePublished\":\"2020-12-23T07:43:09+00:00\",\"dateModified\":\"2020-12-23T07:44:27+00:00\",\"breadcrumb\":{\"@id\":\"https:\/\/tribunadapraia.com.br\/?p=2042#breadcrumb\"},\"inLanguage\":\"pt-BR\",\"potentialAction\":[{\"@type\":\"ReadAction\",\"target\":[\"https:\/\/tribunadapraia.com.br\/?p=2042\"]}]},{\"@type\":\"BreadcrumbList\",\"@id\":\"https:\/\/tribunadapraia.com.br\/?p=2042#breadcrumb\",\"itemListElement\":[{\"@type\":\"ListItem\",\"position\":1,\"item\":{\"@type\":\"WebPage\",\"@id\":\"https:\/\/tribunadapraia.com.br\/\",\"url\":\"https:\/\/tribunadapraia.com.br\/\",\"name\":\"In\\u00edcio\"}},{\"@type\":\"ListItem\",\"position\":2,\"item\":{\"@id\":\"https:\/\/tribunadapraia.com.br\/?p=2042#webpage\"}}]},{\"@type\":\"Article\",\"@id\":\"https:\/\/tribunadapraia.com.br\/?p=2042#article\",\"isPartOf\":{\"@id\":\"https:\/\/tribunadapraia.com.br\/?p=2042#webpage\"},\"author\":{\"@id\":\"https:\/\/tribunadapraia.com.br\/#\/schema\/person\/326b0a9f3163b479142c64eba4928de0\"},\"headline\":\"Propri\\u00e1: Luciano de Menininha pede inelegibilidade do mandato de Dr. Valberto e denuncia cirurgia feita no IML\",\"datePublished\":\"2020-12-23T07:43:09+00:00\",\"dateModified\":\"2020-12-23T07:44:27+00:00\",\"mainEntityOfPage\":{\"@id\":\"https:\/\/tribunadapraia.com.br\/?p=2042#webpage\"},\"wordCount\":553,\"commentCount\":0,\"publisher\":{\"@id\":\"https:\/\/tribunadapraia.com.br\/#organization\"},\"image\":{\"@id\":\"https:\/\/tribunadapraia.com.br\/?p=2042#primaryimage\"},\"thumbnailUrl\":\"https:\/\/tribunadapraia.com.br\/wp-content\/uploads\/2020\/10\/IMG-20201012-WA0033.jpg\",\"articleSection\":[\"Not\\u00edcias\"],\"inLanguage\":\"pt-BR\",\"potentialAction\":[{\"@type\":\"CommentAction\",\"name\":\"Comment\",\"target\":[\"https:\/\/tribunadapraia.com.br\/?p=2042#respond\"]}]},{\"@type\":\"Person\",\"@id\":\"https:\/\/tribunadapraia.com.br\/#\/schema\/person\/326b0a9f3163b479142c64eba4928de0\",\"name\":\"tribunadapraia\",\"image\":{\"@type\":\"ImageObject\",\"@id\":\"https:\/\/tribunadapraia.com.br\/#personlogo\",\"inLanguage\":\"pt-BR\",\"url\":\"https:\/\/secure.gravatar.com\/avatar\/38b019c74762496076b7355024a0dad9?s=96&d=identicon&r=g\",\"contentUrl\":\"https:\/\/secure.gravatar.com\/avatar\/38b019c74762496076b7355024a0dad9?s=96&d=identicon&r=g\",\"caption\":\"tribunadapraia\"}}]}<\/script>\n<!-- \/ Yoast SEO plugin. -->","wps_subtitle":"","_links":{"self":[{"href":"https:\/\/tribunadapraia.com.br\/index.php?rest_route=\/wp\/v2\/posts\/2042"}],"collection":[{"href":"https:\/\/tribunadapraia.com.br\/index.php?rest_route=\/wp\/v2\/posts"}],"about":[{"href":"https:\/\/tribunadapraia.com.br\/index.php?rest_route=\/wp\/v2\/types\/post"}],"author":[{"embeddable":true,"href":"https:\/\/tribunadapraia.com.br\/index.php?rest_route=\/wp\/v2\/users\/1"}],"replies":[{"embeddable":true,"href":"https:\/\/tribunadapraia.com.br\/index.php?rest_route=%2Fwp%2Fv2%2Fcomments&post=2042"}],"version-history":[{"count":1,"href":"https:\/\/tribunadapraia.com.br\/index.php?rest_route=\/wp\/v2\/posts\/2042\/revisions"}],"predecessor-version":[{"id":2043,"href":"https:\/\/tribunadapraia.com.br\/index.php?rest_route=\/wp\/v2\/posts\/2042\/revisions\/2043"}],"wp:featuredmedia":[{"embeddable":true,"href":"https:\/\/tribunadapraia.com.br\/index.php?rest_route=\/wp\/v2\/media\/1851"}],"wp:attachment":[{"href":"https:\/\/tribunadapraia.com.br\/index.php?rest_route=%2Fwp%2Fv2%2Fmedia&parent=2042"}],"wp:term":[{"taxonomy":"category","embeddable":true,"href":"https:\/\/tribunadapraia.com.br\/index.php?rest_route=%2Fwp%2Fv2%2Fcategories&post=2042"},{"taxonomy":"post_tag","embeddable":true,"href":"https:\/\/tribunadapraia.com.br\/index.php?rest_route=%2Fwp%2Fv2%2Ftags&post=2042"}],"curies":[{"name":"wp","href":"https:\/\/api.w.org\/{rel}","templated":true}]}}