{"id":1980,"date":"2020-11-29T21:24:08","date_gmt":"2020-11-30T00:24:08","guid":{"rendered":"https:\/\/tribunadapraia.com.br\/?p=1980"},"modified":"2020-11-29T21:24:08","modified_gmt":"2020-11-30T00:24:08","slug":"a-trajetoria-da-colonia-de-pescadores-a-mais-representativa-do-seguimento-em-sergipe-faz-109-anos","status":"publish","type":"post","link":"https:\/\/tribunadapraia.com.br\/?p=1980","title":{"rendered":"A TRAJET\u00d3RIA DA COL\u00d4NIA DE PESCADORES: A mais representativa do seguimento em Sergipe faz 109 anos"},"content":{"rendered":"<p>Fundada em 30 de novembro de 1911, a Col\u00f4nia de Pescadores Z \u2013 5 de Pirambu est\u00e1 compleyando nestla segunda-feira109 anos, sendo a mais representativa entidade do seguimento pesqueiro em Sergipe, com um quadro de s\u00f3cios presente numa base territorial que inclui os munic\u00edpios de Pirambu, Japaratuba, Carm\u00f3polis e parte de Santo Amaro das Brotas e Barra dos Coqueiros. Ao longo da sua exist\u00eancia, a entidade m\u00e1xima dos pescadores em Sergipe viveu momentos distintos, passando por v\u00e1rios momentos que se completam.<\/p>\n<p>A partir de 1975 tem-se in\u00edcio um processo de organiza\u00e7\u00e3o, quando a entidade que nasceu a partir de uma sugestiva Casa de Com\u00e9rcio tem sua documenta\u00e7\u00e3o regularizada, passando a documentar em livros, fichas, carteiras e outros procedimentos a vida dos pescadores de Pirambu e regi\u00e3o.<\/p>\n<p>Em 1983, a Col\u00f4nia de Pescadores ganha um \u201cnovo\u201d Estatuto, a partir de um modelo imposto pelo Minist\u00e9rio da Agricultura, que controlava as a\u00e7\u00f5es das entidades da pesca no Brasil: Col\u00f4nias, Federa\u00e7\u00f5es e Confedera\u00e7\u00e3o Nacional dos Pescadores.<\/p>\n<p>Em 1988 o Brasil ganha uma nova Constitui\u00e7\u00e3o e com ela a liberdade de organiza\u00e7\u00e3o sindical preconizado pelo artigo 8\u00ba onde diz que trata exclusivamente das col\u00f4nias e dos sindicatos de trabalhadores rurais. Diz o inciso I do referido artigo: \u201ca lei n\u00e3o poder\u00e1 exigir autoriza\u00e7\u00e3o do Estado para a funda\u00e7\u00e3o de sindicato, ressalvado o registro no \u00f3rg\u00e3o competente, vedadas ao Poder P\u00fablico a interfer\u00eancia e a interven\u00e7\u00e3o na organiza\u00e7\u00e3o sindical\u201d.<\/p>\n<p>Em 1994 a Col\u00f4nia de Pescadores de Pirambu ganha um novo Estatuto, se enquadrando no princ\u00edpio preconizado pela Constitui\u00e7\u00e3o de 1988, sendo considerado \u00e0 \u00e9poca o mais avan\u00e7ado entre os documentos das col\u00f4nias em Sergipe, at\u00e9 porque foi o primeiro elaborado a luz da nova lei.<\/p>\n<p>A Col\u00f4nia de Pescadores de Pirambu \u00e9 a mais atuante em Sergipe, estando bem a frente das demais, mais muito aqu\u00e9m das necessidades hist\u00f3ricas e imediatas dos pescadores de Pirambu que sa\u00edram a frente na organiza\u00e7\u00e3o da categoria, ao propor j\u00e1 em 1996 a forma\u00e7\u00e3o de um sindicato classista apoiado pela Central \u00danica dos Pescadores (CUT).<br \/>\n_____<br \/>\npor ClaudOmir Herzog (artigo escrito em 1998 e adaptado para esta ocasi\u00e3o<\/p>\n","protected":false},"excerpt":{"rendered":"<p>Fundada em 30 de novembro de 1911, a Col\u00f4nia de Pescadores Z \u2013 5 de Pirambu est\u00e1 compleyando nestla segunda-feira109 anos, sendo a mais representativa entidade do seguimento pesqueiro em Sergipe, com um quadro de s\u00f3cios presente numa base territorial que inclui os munic\u00edpios de Pirambu, Japaratuba, Carm\u00f3polis e parte de Santo Amaro das Brotas e Barra dos Coqueiros. Ao longo da sua exist\u00eancia, a entidade m\u00e1xima dos pescadores em<\/p>\n","protected":false},"author":3,"featured_media":1981,"comment_status":"open","ping_status":"open","sticky":false,"template":"","format":"standard","meta":[],"categories":[18],"tags":[],"yoast_head":"<!-- This site is optimized with the Yoast SEO plugin v16.3 - https:\/\/yoast.com\/wordpress\/plugins\/seo\/ -->\n<title>A TRAJET\u00d3RIA DA COL\u00d4NIA DE PESCADORES: A mais representativa do seguimento em Sergipe faz 109 anos - TRIBUNA DA PRAIA<\/title>\n<meta name=\"robots\" content=\"index, follow, max-snippet:-1, max-image-preview:large, max-video-preview:-1\" \/>\n<link rel=\"canonical\" href=\"https:\/\/tribunadapraia.com.br\/?p=1980\" \/>\n<meta property=\"og:locale\" content=\"pt_BR\" \/>\n<meta property=\"og:type\" content=\"article\" \/>\n<meta property=\"og:title\" content=\"A TRAJET\u00d3RIA DA COL\u00d4NIA DE PESCADORES: A mais representativa do seguimento em Sergipe faz 109 anos - TRIBUNA DA PRAIA\" \/>\n<meta property=\"og:description\" content=\"Fundada em 30 de novembro de 1911, a Col\u00f4nia de Pescadores Z \u2013 5 de Pirambu est\u00e1 compleyando nestla segunda-feira109 anos, sendo a mais representativa entidade do seguimento pesqueiro em Sergipe, com um quadro de s\u00f3cios presente numa base territorial que inclui os munic\u00edpios de Pirambu, Japaratuba, Carm\u00f3polis e parte de Santo Amaro das Brotas e Barra dos Coqueiros. Ao longo da sua exist\u00eancia, a entidade m\u00e1xima dos pescadores em\" \/>\n<meta property=\"og:url\" content=\"https:\/\/tribunadapraia.com.br\/?p=1980\" \/>\n<meta property=\"og:site_name\" content=\"TRIBUNA DA PRAIA\" \/>\n<meta property=\"article:publisher\" content=\"https:\/\/www.facebook.com\/tribunadapraiaonline\/\" \/>\n<meta property=\"article:published_time\" content=\"2020-11-30T00:24:08+00:00\" \/>\n<meta property=\"og:image\" content=\"https:\/\/tribunadapraia.com.br\/wp-content\/uploads\/2020\/11\/IMG-20201129-WA0046.jpg\" \/>\n\t<meta property=\"og:image:width\" content=\"400\" \/>\n\t<meta property=\"og:image:height\" content=\"301\" \/>\n<meta name=\"twitter:card\" content=\"summary_large_image\" \/>\n<meta name=\"twitter:creator\" content=\"@Claudomir21\" \/>\n<meta name=\"twitter:site\" content=\"@Claudomir21\" \/>\n<meta name=\"twitter:label1\" content=\"Est. tempo de leitura\">\n\t<meta name=\"twitter:data1\" content=\"2 minutos\">\n<script type=\"application\/ld+json\" class=\"yoast-schema-graph\">{\"@context\":\"https:\/\/schema.org\",\"@graph\":[{\"@type\":\"Organization\",\"@id\":\"https:\/\/tribunadapraia.com.br\/#organization\",\"name\":\"Tribuna da Praia\",\"url\":\"https:\/\/tribunadapraia.com.br\/\",\"sameAs\":[\"https:\/\/www.facebook.com\/tribunadapraiaonline\/\",\"https:\/\/www.instagram.com\/claudomirtavares\/\",\"https:\/\/www.youtube.com\/channel\/UCwQf80nxiMzCefAyjbp53Rw\",\"https:\/\/twitter.com\/Claudomir21\"],\"logo\":{\"@type\":\"ImageObject\",\"@id\":\"https:\/\/tribunadapraia.com.br\/#logo\",\"inLanguage\":\"pt-BR\",\"url\":\"https:\/\/tribunadapraia.com.br\/wp-content\/uploads\/2020\/02\/logo.png\",\"contentUrl\":\"https:\/\/tribunadapraia.com.br\/wp-content\/uploads\/2020\/02\/logo.png\",\"width\":501,\"height\":121,\"caption\":\"Tribuna da Praia\"},\"image\":{\"@id\":\"https:\/\/tribunadapraia.com.br\/#logo\"}},{\"@type\":\"WebSite\",\"@id\":\"https:\/\/tribunadapraia.com.br\/#website\",\"url\":\"https:\/\/tribunadapraia.com.br\/\",\"name\":\"TRIBUNA DA PRAIA\",\"description\":\"O 1\\u00ba jornal do interior de Sergipe na internet\",\"publisher\":{\"@id\":\"https:\/\/tribunadapraia.com.br\/#organization\"},\"potentialAction\":[{\"@type\":\"SearchAction\",\"target\":\"https:\/\/tribunadapraia.com.br\/?s={search_term_string}\",\"query-input\":\"required name=search_term_string\"}],\"inLanguage\":\"pt-BR\"},{\"@type\":\"ImageObject\",\"@id\":\"https:\/\/tribunadapraia.com.br\/?p=1980#primaryimage\",\"inLanguage\":\"pt-BR\",\"url\":\"https:\/\/tribunadapraia.com.br\/wp-content\/uploads\/2020\/11\/IMG-20201129-WA0046.jpg\",\"contentUrl\":\"https:\/\/tribunadapraia.com.br\/wp-content\/uploads\/2020\/11\/IMG-20201129-WA0046.jpg\",\"width\":400,\"height\":301},{\"@type\":\"WebPage\",\"@id\":\"https:\/\/tribunadapraia.com.br\/?p=1980#webpage\",\"url\":\"https:\/\/tribunadapraia.com.br\/?p=1980\",\"name\":\"A TRAJET\\u00d3RIA DA COL\\u00d4NIA DE PESCADORES: A mais representativa do seguimento em Sergipe faz 109 anos - TRIBUNA DA PRAIA\",\"isPartOf\":{\"@id\":\"https:\/\/tribunadapraia.com.br\/#website\"},\"primaryImageOfPage\":{\"@id\":\"https:\/\/tribunadapraia.com.br\/?p=1980#primaryimage\"},\"datePublished\":\"2020-11-30T00:24:08+00:00\",\"dateModified\":\"2020-11-30T00:24:08+00:00\",\"breadcrumb\":{\"@id\":\"https:\/\/tribunadapraia.com.br\/?p=1980#breadcrumb\"},\"inLanguage\":\"pt-BR\",\"potentialAction\":[{\"@type\":\"ReadAction\",\"target\":[\"https:\/\/tribunadapraia.com.br\/?p=1980\"]}]},{\"@type\":\"BreadcrumbList\",\"@id\":\"https:\/\/tribunadapraia.com.br\/?p=1980#breadcrumb\",\"itemListElement\":[{\"@type\":\"ListItem\",\"position\":1,\"item\":{\"@type\":\"WebPage\",\"@id\":\"https:\/\/tribunadapraia.com.br\/\",\"url\":\"https:\/\/tribunadapraia.com.br\/\",\"name\":\"In\\u00edcio\"}},{\"@type\":\"ListItem\",\"position\":2,\"item\":{\"@id\":\"https:\/\/tribunadapraia.com.br\/?p=1980#webpage\"}}]},{\"@type\":\"Article\",\"@id\":\"https:\/\/tribunadapraia.com.br\/?p=1980#article\",\"isPartOf\":{\"@id\":\"https:\/\/tribunadapraia.com.br\/?p=1980#webpage\"},\"author\":{\"@id\":\"https:\/\/tribunadapraia.com.br\/#\/schema\/person\/099fbbf59acc5895c0d7d52b4fc46c97\"},\"headline\":\"A TRAJET\\u00d3RIA DA COL\\u00d4NIA DE PESCADORES: A mais representativa do seguimento em Sergipe faz 109 anos\",\"datePublished\":\"2020-11-30T00:24:08+00:00\",\"dateModified\":\"2020-11-30T00:24:08+00:00\",\"mainEntityOfPage\":{\"@id\":\"https:\/\/tribunadapraia.com.br\/?p=1980#webpage\"},\"wordCount\":392,\"commentCount\":0,\"publisher\":{\"@id\":\"https:\/\/tribunadapraia.com.br\/#organization\"},\"image\":{\"@id\":\"https:\/\/tribunadapraia.com.br\/?p=1980#primaryimage\"},\"thumbnailUrl\":\"https:\/\/tribunadapraia.com.br\/wp-content\/uploads\/2020\/11\/IMG-20201129-WA0046.jpg\",\"articleSection\":[\"Not\\u00edcias\"],\"inLanguage\":\"pt-BR\",\"potentialAction\":[{\"@type\":\"CommentAction\",\"name\":\"Comment\",\"target\":[\"https:\/\/tribunadapraia.com.br\/?p=1980#respond\"]}]},{\"@type\":\"Person\",\"@id\":\"https:\/\/tribunadapraia.com.br\/#\/schema\/person\/099fbbf59acc5895c0d7d52b4fc46c97\",\"name\":\"Reda\\u00e7\\u00e3o\",\"image\":{\"@type\":\"ImageObject\",\"@id\":\"https:\/\/tribunadapraia.com.br\/#personlogo\",\"inLanguage\":\"pt-BR\",\"url\":\"https:\/\/secure.gravatar.com\/avatar\/91c8b91d2bfd7784eac5c3e055361f64?s=96&d=identicon&r=g\",\"contentUrl\":\"https:\/\/secure.gravatar.com\/avatar\/91c8b91d2bfd7784eac5c3e055361f64?s=96&d=identicon&r=g\",\"caption\":\"Reda\\u00e7\\u00e3o\"}}]}<\/script>\n<!-- \/ Yoast SEO plugin. -->","wps_subtitle":"","_links":{"self":[{"href":"https:\/\/tribunadapraia.com.br\/index.php?rest_route=\/wp\/v2\/posts\/1980"}],"collection":[{"href":"https:\/\/tribunadapraia.com.br\/index.php?rest_route=\/wp\/v2\/posts"}],"about":[{"href":"https:\/\/tribunadapraia.com.br\/index.php?rest_route=\/wp\/v2\/types\/post"}],"author":[{"embeddable":true,"href":"https:\/\/tribunadapraia.com.br\/index.php?rest_route=\/wp\/v2\/users\/3"}],"replies":[{"embeddable":true,"href":"https:\/\/tribunadapraia.com.br\/index.php?rest_route=%2Fwp%2Fv2%2Fcomments&post=1980"}],"version-history":[{"count":1,"href":"https:\/\/tribunadapraia.com.br\/index.php?rest_route=\/wp\/v2\/posts\/1980\/revisions"}],"predecessor-version":[{"id":1982,"href":"https:\/\/tribunadapraia.com.br\/index.php?rest_route=\/wp\/v2\/posts\/1980\/revisions\/1982"}],"wp:featuredmedia":[{"embeddable":true,"href":"https:\/\/tribunadapraia.com.br\/index.php?rest_route=\/wp\/v2\/media\/1981"}],"wp:attachment":[{"href":"https:\/\/tribunadapraia.com.br\/index.php?rest_route=%2Fwp%2Fv2%2Fmedia&parent=1980"}],"wp:term":[{"taxonomy":"category","embeddable":true,"href":"https:\/\/tribunadapraia.com.br\/index.php?rest_route=%2Fwp%2Fv2%2Fcategories&post=1980"},{"taxonomy":"post_tag","embeddable":true,"href":"https:\/\/tribunadapraia.com.br\/index.php?rest_route=%2Fwp%2Fv2%2Ftags&post=1980"}],"curies":[{"name":"wp","href":"https:\/\/api.w.org\/{rel}","templated":true}]}}