{"id":1970,"date":"2020-11-17T21:28:48","date_gmt":"2020-11-18T00:28:48","guid":{"rendered":"https:\/\/tribunadapraia.com.br\/?p=1970"},"modified":"2020-11-17T21:29:40","modified_gmt":"2020-11-18T00:29:40","slug":"governador-convida-o-prefeito-eleito-de-propria-dr-valberto-para-encontro","status":"publish","type":"post","link":"https:\/\/tribunadapraia.com.br\/?p=1970","title":{"rendered":"Governador convida o prefeito eleito de Propri\u00e1 Dr Valberto para encontro"},"content":{"rendered":"<p>O Governador do Estado de Sergipe, Belivaldo Chagas convidou o prefeito eleito de Propri\u00e1 Dr Valberto para um encontro. Na oportunidade o governador o parabenizou, disse que estava muito feliz com essa vit\u00f3ria e aproveitou para reafirmar seu apoio ao ex-secret\u00e1rio de sa\u00fade e agora prefeito do munic\u00edpio de Propri\u00e1, Dr Valberto.<\/p>\n<p>\u201cEstou muito feliz com sua vit\u00f3ria nas urnas, pois sei que quem ganha \u00e9 o povo de Propri\u00e1. Voc\u00ea foi um \u00f3timo secret\u00e1rio de sa\u00fade. Dedicado e compromissado com o que faz, e n\u00e3o tenho d\u00favidas que ser\u00e1 um excelente prefeito. Coloco o governo a disposi\u00e7\u00e3o para ajudar a cidade de Propri\u00e1\u201d, enfatizou o governador.<\/p>\n<p>O prefeito eleito de Propri\u00e1 Dr Valberto, agradeceu o convite e o apoio reafirmando que essa parceria ser\u00e1 fundamental para o crescimento da cidade.<\/p>\n<p>\u201cEstou muito feliz por essa vit\u00f3ria que n\u00e3o \u00e9 s\u00f3 minha, \u00e9 uma conquista dos propriaenses a quem agrade\u00e7o de cora\u00e7\u00e3o pelo voto de confian\u00e7a que pretendo honrar com muito trabalho. Agrade\u00e7o ao governador Belivaldo Chagas, a ajuda do Governo do Estado de Sergipe que ser\u00e1 fundamental para a reconstru\u00e7\u00e3o de Propri\u00e1\u201d, ressaltou Dr Valberto.<\/p>\n<p>por Herieta Shuster<\/p>\n","protected":false},"excerpt":{"rendered":"<p>O Governador do Estado de Sergipe, Belivaldo Chagas convidou o prefeito eleito de Propri\u00e1 Dr Valberto para um encontro. Na oportunidade o governador o parabenizou, disse que estava muito feliz com essa vit\u00f3ria e aproveitou para reafirmar seu apoio ao ex-secret\u00e1rio de sa\u00fade e agora prefeito do munic\u00edpio de Propri\u00e1, Dr Valberto. \u201cEstou muito feliz com sua vit\u00f3ria nas urnas, pois sei que quem ganha \u00e9 o povo de Propri\u00e1.<\/p>\n","protected":false},"author":1,"featured_media":1971,"comment_status":"open","ping_status":"open","sticky":false,"template":"","format":"standard","meta":[],"categories":[18],"tags":[],"yoast_head":"<!-- This site is optimized with the Yoast SEO plugin v16.3 - https:\/\/yoast.com\/wordpress\/plugins\/seo\/ -->\n<title>Governador convida o prefeito eleito de Propri\u00e1 Dr Valberto para encontro - TRIBUNA DA PRAIA<\/title>\n<meta name=\"robots\" content=\"index, follow, max-snippet:-1, max-image-preview:large, max-video-preview:-1\" \/>\n<link rel=\"canonical\" href=\"https:\/\/tribunadapraia.com.br\/?p=1970\" \/>\n<meta property=\"og:locale\" content=\"pt_BR\" \/>\n<meta property=\"og:type\" content=\"article\" \/>\n<meta property=\"og:title\" content=\"Governador convida o prefeito eleito de Propri\u00e1 Dr Valberto para encontro - TRIBUNA DA PRAIA\" \/>\n<meta property=\"og:description\" content=\"O Governador do Estado de Sergipe, Belivaldo Chagas convidou o prefeito eleito de Propri\u00e1 Dr Valberto para um encontro. Na oportunidade o governador o parabenizou, disse que estava muito feliz com essa vit\u00f3ria e aproveitou para reafirmar seu apoio ao ex-secret\u00e1rio de sa\u00fade e agora prefeito do munic\u00edpio de Propri\u00e1, Dr Valberto. \u201cEstou muito feliz com sua vit\u00f3ria nas urnas, pois sei que quem ganha \u00e9 o povo de Propri\u00e1.\" \/>\n<meta property=\"og:url\" content=\"https:\/\/tribunadapraia.com.br\/?p=1970\" \/>\n<meta property=\"og:site_name\" content=\"TRIBUNA DA PRAIA\" \/>\n<meta property=\"article:publisher\" content=\"https:\/\/www.facebook.com\/tribunadapraiaonline\/\" \/>\n<meta property=\"article:published_time\" content=\"2020-11-18T00:28:48+00:00\" \/>\n<meta property=\"article:modified_time\" content=\"2020-11-18T00:29:40+00:00\" \/>\n<meta property=\"og:image\" content=\"https:\/\/tribunadapraia.com.br\/wp-content\/uploads\/2020\/11\/IMG-20201117-WA0141.jpg\" \/>\n\t<meta property=\"og:image:width\" content=\"299\" \/>\n\t<meta property=\"og:image:height\" content=\"331\" \/>\n<meta name=\"twitter:card\" content=\"summary_large_image\" \/>\n<meta name=\"twitter:creator\" content=\"@Claudomir21\" \/>\n<meta name=\"twitter:site\" content=\"@Claudomir21\" \/>\n<meta name=\"twitter:label1\" content=\"Est. tempo de leitura\">\n\t<meta name=\"twitter:data1\" content=\"1 minuto\">\n<script type=\"application\/ld+json\" class=\"yoast-schema-graph\">{\"@context\":\"https:\/\/schema.org\",\"@graph\":[{\"@type\":\"Organization\",\"@id\":\"https:\/\/tribunadapraia.com.br\/#organization\",\"name\":\"Tribuna da Praia\",\"url\":\"https:\/\/tribunadapraia.com.br\/\",\"sameAs\":[\"https:\/\/www.facebook.com\/tribunadapraiaonline\/\",\"https:\/\/www.instagram.com\/claudomirtavares\/\",\"https:\/\/www.youtube.com\/channel\/UCwQf80nxiMzCefAyjbp53Rw\",\"https:\/\/twitter.com\/Claudomir21\"],\"logo\":{\"@type\":\"ImageObject\",\"@id\":\"https:\/\/tribunadapraia.com.br\/#logo\",\"inLanguage\":\"pt-BR\",\"url\":\"https:\/\/tribunadapraia.com.br\/wp-content\/uploads\/2020\/02\/logo.png\",\"contentUrl\":\"https:\/\/tribunadapraia.com.br\/wp-content\/uploads\/2020\/02\/logo.png\",\"width\":501,\"height\":121,\"caption\":\"Tribuna da Praia\"},\"image\":{\"@id\":\"https:\/\/tribunadapraia.com.br\/#logo\"}},{\"@type\":\"WebSite\",\"@id\":\"https:\/\/tribunadapraia.com.br\/#website\",\"url\":\"https:\/\/tribunadapraia.com.br\/\",\"name\":\"TRIBUNA DA PRAIA\",\"description\":\"O 1\\u00ba jornal do interior de Sergipe na internet\",\"publisher\":{\"@id\":\"https:\/\/tribunadapraia.com.br\/#organization\"},\"potentialAction\":[{\"@type\":\"SearchAction\",\"target\":\"https:\/\/tribunadapraia.com.br\/?s={search_term_string}\",\"query-input\":\"required name=search_term_string\"}],\"inLanguage\":\"pt-BR\"},{\"@type\":\"ImageObject\",\"@id\":\"https:\/\/tribunadapraia.com.br\/?p=1970#primaryimage\",\"inLanguage\":\"pt-BR\",\"url\":\"https:\/\/tribunadapraia.com.br\/wp-content\/uploads\/2020\/11\/IMG-20201117-WA0141.jpg\",\"contentUrl\":\"https:\/\/tribunadapraia.com.br\/wp-content\/uploads\/2020\/11\/IMG-20201117-WA0141.jpg\",\"width\":299,\"height\":331},{\"@type\":\"WebPage\",\"@id\":\"https:\/\/tribunadapraia.com.br\/?p=1970#webpage\",\"url\":\"https:\/\/tribunadapraia.com.br\/?p=1970\",\"name\":\"Governador convida o prefeito eleito de Propri\\u00e1 Dr Valberto para encontro - TRIBUNA DA PRAIA\",\"isPartOf\":{\"@id\":\"https:\/\/tribunadapraia.com.br\/#website\"},\"primaryImageOfPage\":{\"@id\":\"https:\/\/tribunadapraia.com.br\/?p=1970#primaryimage\"},\"datePublished\":\"2020-11-18T00:28:48+00:00\",\"dateModified\":\"2020-11-18T00:29:40+00:00\",\"breadcrumb\":{\"@id\":\"https:\/\/tribunadapraia.com.br\/?p=1970#breadcrumb\"},\"inLanguage\":\"pt-BR\",\"potentialAction\":[{\"@type\":\"ReadAction\",\"target\":[\"https:\/\/tribunadapraia.com.br\/?p=1970\"]}]},{\"@type\":\"BreadcrumbList\",\"@id\":\"https:\/\/tribunadapraia.com.br\/?p=1970#breadcrumb\",\"itemListElement\":[{\"@type\":\"ListItem\",\"position\":1,\"item\":{\"@type\":\"WebPage\",\"@id\":\"https:\/\/tribunadapraia.com.br\/\",\"url\":\"https:\/\/tribunadapraia.com.br\/\",\"name\":\"In\\u00edcio\"}},{\"@type\":\"ListItem\",\"position\":2,\"item\":{\"@id\":\"https:\/\/tribunadapraia.com.br\/?p=1970#webpage\"}}]},{\"@type\":\"Article\",\"@id\":\"https:\/\/tribunadapraia.com.br\/?p=1970#article\",\"isPartOf\":{\"@id\":\"https:\/\/tribunadapraia.com.br\/?p=1970#webpage\"},\"author\":{\"@id\":\"https:\/\/tribunadapraia.com.br\/#\/schema\/person\/326b0a9f3163b479142c64eba4928de0\"},\"headline\":\"Governador convida o prefeito eleito de Propri\\u00e1 Dr Valberto para encontro\",\"datePublished\":\"2020-11-18T00:28:48+00:00\",\"dateModified\":\"2020-11-18T00:29:40+00:00\",\"mainEntityOfPage\":{\"@id\":\"https:\/\/tribunadapraia.com.br\/?p=1970#webpage\"},\"wordCount\":214,\"commentCount\":0,\"publisher\":{\"@id\":\"https:\/\/tribunadapraia.com.br\/#organization\"},\"image\":{\"@id\":\"https:\/\/tribunadapraia.com.br\/?p=1970#primaryimage\"},\"thumbnailUrl\":\"https:\/\/tribunadapraia.com.br\/wp-content\/uploads\/2020\/11\/IMG-20201117-WA0141.jpg\",\"articleSection\":[\"Not\\u00edcias\"],\"inLanguage\":\"pt-BR\",\"potentialAction\":[{\"@type\":\"CommentAction\",\"name\":\"Comment\",\"target\":[\"https:\/\/tribunadapraia.com.br\/?p=1970#respond\"]}]},{\"@type\":\"Person\",\"@id\":\"https:\/\/tribunadapraia.com.br\/#\/schema\/person\/326b0a9f3163b479142c64eba4928de0\",\"name\":\"tribunadapraia\",\"image\":{\"@type\":\"ImageObject\",\"@id\":\"https:\/\/tribunadapraia.com.br\/#personlogo\",\"inLanguage\":\"pt-BR\",\"url\":\"https:\/\/secure.gravatar.com\/avatar\/38b019c74762496076b7355024a0dad9?s=96&d=identicon&r=g\",\"contentUrl\":\"https:\/\/secure.gravatar.com\/avatar\/38b019c74762496076b7355024a0dad9?s=96&d=identicon&r=g\",\"caption\":\"tribunadapraia\"}}]}<\/script>\n<!-- \/ Yoast SEO plugin. -->","wps_subtitle":"","_links":{"self":[{"href":"https:\/\/tribunadapraia.com.br\/index.php?rest_route=\/wp\/v2\/posts\/1970"}],"collection":[{"href":"https:\/\/tribunadapraia.com.br\/index.php?rest_route=\/wp\/v2\/posts"}],"about":[{"href":"https:\/\/tribunadapraia.com.br\/index.php?rest_route=\/wp\/v2\/types\/post"}],"author":[{"embeddable":true,"href":"https:\/\/tribunadapraia.com.br\/index.php?rest_route=\/wp\/v2\/users\/1"}],"replies":[{"embeddable":true,"href":"https:\/\/tribunadapraia.com.br\/index.php?rest_route=%2Fwp%2Fv2%2Fcomments&post=1970"}],"version-history":[{"count":1,"href":"https:\/\/tribunadapraia.com.br\/index.php?rest_route=\/wp\/v2\/posts\/1970\/revisions"}],"predecessor-version":[{"id":1972,"href":"https:\/\/tribunadapraia.com.br\/index.php?rest_route=\/wp\/v2\/posts\/1970\/revisions\/1972"}],"wp:featuredmedia":[{"embeddable":true,"href":"https:\/\/tribunadapraia.com.br\/index.php?rest_route=\/wp\/v2\/media\/1971"}],"wp:attachment":[{"href":"https:\/\/tribunadapraia.com.br\/index.php?rest_route=%2Fwp%2Fv2%2Fmedia&parent=1970"}],"wp:term":[{"taxonomy":"category","embeddable":true,"href":"https:\/\/tribunadapraia.com.br\/index.php?rest_route=%2Fwp%2Fv2%2Fcategories&post=1970"},{"taxonomy":"post_tag","embeddable":true,"href":"https:\/\/tribunadapraia.com.br\/index.php?rest_route=%2Fwp%2Fv2%2Ftags&post=1970"}],"curies":[{"name":"wp","href":"https:\/\/api.w.org\/{rel}","templated":true}]}}