{"id":1967,"date":"2020-11-14T20:20:38","date_gmt":"2020-11-14T23:20:38","guid":{"rendered":"https:\/\/tribunadapraia.com.br\/?p=1967"},"modified":"2020-11-14T20:20:38","modified_gmt":"2020-11-14T23:20:38","slug":"nota-politica-do-pcb-se-a-respeito-de-fake-news-espalhada-por-um-candidato-a-prefeitura-de-aracaju-sobre-a-historia-do-pcb-em-virtude-da-crise","status":"publish","type":"post","link":"https:\/\/tribunadapraia.com.br\/?p=1967","title":{"rendered":"NOTA POL\u00cdTICA DO PCB-SE A RESPEITO DE FAKE NEWS ESPALHADA POR UM CANDIDATO \u00c0 PREFEITURA DE ARACAJU SOBRE A HIST\u00d3RIA DO PCB  Em virtude da crise"},"content":{"rendered":"<p>Em virtude da crisesanit\u00e1ria desencadeada pelo Covid-19, as campanhas para as elei\u00e7\u00f5es de 2020 est\u00e3o sendo amplificadas e massificadas pelas redes sociais. Como n\u00e3o poderia ser diferente, a direita tem se utilizado de mentiras e distor\u00e7\u00f5es para tentar deslegitimar seus advers\u00e1rios e inimigos pol\u00edticos.<\/p>\n<p>A esse respeito, vem circulando nas redes sociais de um candidato ao cargo de prefeito da Cidade de Aracaju, um v\u00eddeo incoerente, com uma clara est\u00e9tica e posicionamento bolsonarista, onde \u00e9 apresentada, de forma sensacionalista, uma diverg\u00eancia moral entre o candidato e sua opositora: uma mulher com um projeto pol\u00edtico de direita, candidata pelo Partido Cidadania, antigo PPS. Vale lembrar que at\u00e9 dezembro do ano passado, a hoje candidata \u00e0 Prefeitura de Aracaju, ainda fazia parte do quadro de funcion\u00e1rios do Minist\u00e9rio da Justi\u00e7a e Seguran\u00e7a P\u00fablica do governo Bolsonaro, e deixou o cargo justamente para se filiar ao Cidadania e disputar o pleito eleitoral na capital sergipana.<br \/>\nA inten\u00e7\u00e3o do mesmo \u00e9 demonstrar a diferen\u00e7a entre alguns (segundo ele) \u201cposicionamentos de esquerda\u201d,\u2014 do qual ele d\u00e1 a entender que era adepto\u2014 e a sua nova filia\u00e7\u00e3o pol\u00edtica que est\u00e1 alinhada ao que h\u00e1 de pior: o conservadorismo neopentecostal. Assim, ao atacar a candidata para atingir seus prop\u00f3sitos eleitorais, a segunda colocada nas pesquisas de inten\u00e7\u00f5es de votos dos aracajuanos foi apresentada como uma candidata de esquerda e, pasmem, comunista! Para \u201cconfirmar\u201d isso, \u00e9 posto em rodap\u00e9 a equival\u00eancia entre o PCB, o PPS e o Cidadania.<br \/>\nSobre isso, cabem algumas considera\u00e7\u00f5es hist\u00f3ricas para p\u00f4r o difundidor de Fake News em seu devido lugar e restabelecer a verdade dos fatos.<\/p>\n<p>Na d\u00e9cada de 60, o Partido Comunista Brasileiro fora duramente golpeado, tendo seus militantes presos, torturados, desaparecidos, assassinados e exilados; o PCB ficou por 20 anos na clandestinidade e teve uma boa parte dos seus grandes quadros e dirigentes ceifados pela sanguin\u00e1ria ditadura militar. Nos anos 70 e 80, em decorr\u00eancia dessas baixas no nosso partido, muitas delas dentro do Comit\u00ea Central, abriu-se margem para desvios reformistas e para a liquida\u00e7\u00e3o dos ideais do partido se valendo da crise do Movimento Comunista Internacional que viria resultar na dissolu\u00e7\u00e3o da Uni\u00e3o Sovi\u00e9tica. Assim, no in\u00edcio dos anos 90, ocorreu o X Congresso do Partido Comunista Brasileiro, onde nossos camaradas conseguiram estabelecer de forma convicta\u2014 com interven\u00e7\u00f5es hist\u00f3ricas, como foi a de Ivan Pinheiro, Hor\u00e1cio Macedo e muitos outros camaradas valorosos\u2014 suas posi\u00e7\u00f5es contr\u00e1rias \u00e0 narrativa liquidacionista e de capitula\u00e7\u00e3o do projeto revisionista do grupo liderado por Roberto Freire, que resultara na funda\u00e7\u00e3o do PPS.<\/p>\n<p>Portanto, viemos a p\u00fablico expressar o nosso mais sincero rep\u00fadio e demonstrar com clareza que, n\u00f3s do PCB\u2013Sergipe, n\u00e3o aceitaremos o desrespeito com nossa hist\u00f3ria quase centen\u00e1ria, de uma organiza\u00e7\u00e3o pol\u00edtica de massas, um Partido verdadeiramente representante da classe trabalhadora. Fazemos tamb\u00e9m uma verdadeira declara\u00e7\u00e3o de princ\u00edpios, encabe\u00e7ando uma luta sem tr\u00e9guas de combate ao oportunismo, diferenciando-nos dos porta-vozes da pol\u00edtica institucional burguesa.<\/p>\n<p>\u00c9 imposs\u00edvel reconstituir a hist\u00f3ria da luta de classes no Brasil sem mencionar o prestigioso destaque do PCB. Operador pol\u00edtico hist\u00f3rico da classe trabalhadora, nosso partido sempre cumpriu com os des\u00edgnios da Revolu\u00e7\u00e3o Brasileira, estivemos e permaneceremos sempre ao lado dos trabalhadores e das trabalhadoras, rejeitando com firmeza e altivez a pol\u00edtica de concilia\u00e7\u00e3o, pois compreendemos que a &#8220;arte do poss\u00edvel&#8221; sempre foi um expediente das agremia\u00e7\u00f5es pol\u00edticas que abandonaram a meta revolucion\u00e1ria e que, ao sabor da experi\u00eancia hist\u00f3rica, essa \u201ct\u00e1tica\u201d mostra seus limites e contradi\u00e7\u00f5es e, no frigir dos ovos, a classe oper\u00e1ria e o campesinato sempre arcam com os \u00f4nus das crises inevit\u00e1veis e brutais da sociedade capitalista. Nossos sonhos de uma nova sociedade n\u00e3o cabem na politica representativa burguesa, por\u00e9m, estamos presentes nesse processo com candidaturas por todo Brasil porque entendemos que \u00e9 um momento de ampliarmos nosso alcance e mostrar aos trabalhadores e as trabalhadoras que existe e \u00e9 poss\u00edvel um outro programa pol\u00edtico que seja realmente representante dos interesses do povo. Al\u00e9m de deixar claro que s\u00e3o justamente esses tipos de oportunistas e aproveitadores que n\u00f3s combatemos.<\/p>\n<p>Mantemos viva a perspectiva revolucion\u00e1ria que moveu esse partido em toda a sua hist\u00f3ria!<\/p>\n<p>Longa Vida ao Partid\u00e3o!<\/p>\n<p>Fomos, somos e seremos comunistas!<\/p>\n<p>Aracaju (SE), 14 de Novembro de 2020<\/p>\n<p>Comit\u00ea Regional do Partido Comunista Brasileiro &#8211; PCB\/Sergipe<\/p>\n","protected":false},"excerpt":{"rendered":"<p>Em virtude da crisesanit\u00e1ria desencadeada pelo Covid-19, as campanhas para as elei\u00e7\u00f5es de 2020 est\u00e3o sendo amplificadas e massificadas pelas redes sociais. Como n\u00e3o poderia ser diferente, a direita tem se utilizado de mentiras e distor\u00e7\u00f5es para tentar deslegitimar seus advers\u00e1rios e inimigos pol\u00edticos. A esse respeito, vem circulando nas redes sociais de um candidato ao cargo de prefeito da Cidade de Aracaju, um v\u00eddeo incoerente, com uma clara est\u00e9tica<\/p>\n","protected":false},"author":3,"featured_media":1968,"comment_status":"open","ping_status":"open","sticky":false,"template":"","format":"standard","meta":[],"categories":[18],"tags":[],"yoast_head":"<!-- This site is optimized with the Yoast SEO plugin v16.3 - https:\/\/yoast.com\/wordpress\/plugins\/seo\/ -->\n<title>NOTA POL\u00cdTICA DO PCB-SE A RESPEITO DE FAKE NEWS ESPALHADA POR UM CANDIDATO \u00c0 PREFEITURA DE ARACAJU SOBRE A HIST\u00d3RIA DO PCB Em virtude da crise - TRIBUNA DA PRAIA<\/title>\n<meta name=\"robots\" content=\"index, follow, max-snippet:-1, max-image-preview:large, max-video-preview:-1\" \/>\n<link rel=\"canonical\" href=\"https:\/\/tribunadapraia.com.br\/?p=1967\" \/>\n<meta property=\"og:locale\" content=\"pt_BR\" \/>\n<meta property=\"og:type\" content=\"article\" \/>\n<meta property=\"og:title\" content=\"NOTA POL\u00cdTICA DO PCB-SE A RESPEITO DE FAKE NEWS ESPALHADA POR UM CANDIDATO \u00c0 PREFEITURA DE ARACAJU SOBRE A HIST\u00d3RIA DO PCB Em virtude da crise - TRIBUNA DA PRAIA\" \/>\n<meta property=\"og:description\" content=\"Em virtude da crisesanit\u00e1ria desencadeada pelo Covid-19, as campanhas para as elei\u00e7\u00f5es de 2020 est\u00e3o sendo amplificadas e massificadas pelas redes sociais. Como n\u00e3o poderia ser diferente, a direita tem se utilizado de mentiras e distor\u00e7\u00f5es para tentar deslegitimar seus advers\u00e1rios e inimigos pol\u00edticos. A esse respeito, vem circulando nas redes sociais de um candidato ao cargo de prefeito da Cidade de Aracaju, um v\u00eddeo incoerente, com uma clara est\u00e9tica\" \/>\n<meta property=\"og:url\" content=\"https:\/\/tribunadapraia.com.br\/?p=1967\" \/>\n<meta property=\"og:site_name\" content=\"TRIBUNA DA PRAIA\" \/>\n<meta property=\"article:publisher\" content=\"https:\/\/www.facebook.com\/tribunadapraiaonline\/\" \/>\n<meta property=\"article:published_time\" content=\"2020-11-14T23:20:38+00:00\" \/>\n<meta property=\"og:image\" content=\"https:\/\/tribunadapraia.com.br\/wp-content\/uploads\/2020\/11\/IMG-20201114-WA0179.jpg\" \/>\n\t<meta property=\"og:image:width\" content=\"720\" \/>\n\t<meta property=\"og:image:height\" content=\"836\" \/>\n<meta name=\"twitter:card\" content=\"summary_large_image\" \/>\n<meta name=\"twitter:creator\" content=\"@Claudomir21\" \/>\n<meta name=\"twitter:site\" content=\"@Claudomir21\" \/>\n<meta name=\"twitter:label1\" content=\"Est. tempo de leitura\">\n\t<meta name=\"twitter:data1\" content=\"4 minutos\">\n<script type=\"application\/ld+json\" class=\"yoast-schema-graph\">{\"@context\":\"https:\/\/schema.org\",\"@graph\":[{\"@type\":\"Organization\",\"@id\":\"https:\/\/tribunadapraia.com.br\/#organization\",\"name\":\"Tribuna da Praia\",\"url\":\"https:\/\/tribunadapraia.com.br\/\",\"sameAs\":[\"https:\/\/www.facebook.com\/tribunadapraiaonline\/\",\"https:\/\/www.instagram.com\/claudomirtavares\/\",\"https:\/\/www.youtube.com\/channel\/UCwQf80nxiMzCefAyjbp53Rw\",\"https:\/\/twitter.com\/Claudomir21\"],\"logo\":{\"@type\":\"ImageObject\",\"@id\":\"https:\/\/tribunadapraia.com.br\/#logo\",\"inLanguage\":\"pt-BR\",\"url\":\"https:\/\/tribunadapraia.com.br\/wp-content\/uploads\/2020\/02\/logo.png\",\"contentUrl\":\"https:\/\/tribunadapraia.com.br\/wp-content\/uploads\/2020\/02\/logo.png\",\"width\":501,\"height\":121,\"caption\":\"Tribuna da Praia\"},\"image\":{\"@id\":\"https:\/\/tribunadapraia.com.br\/#logo\"}},{\"@type\":\"WebSite\",\"@id\":\"https:\/\/tribunadapraia.com.br\/#website\",\"url\":\"https:\/\/tribunadapraia.com.br\/\",\"name\":\"TRIBUNA DA PRAIA\",\"description\":\"O 1\\u00ba jornal do interior de Sergipe na internet\",\"publisher\":{\"@id\":\"https:\/\/tribunadapraia.com.br\/#organization\"},\"potentialAction\":[{\"@type\":\"SearchAction\",\"target\":\"https:\/\/tribunadapraia.com.br\/?s={search_term_string}\",\"query-input\":\"required name=search_term_string\"}],\"inLanguage\":\"pt-BR\"},{\"@type\":\"ImageObject\",\"@id\":\"https:\/\/tribunadapraia.com.br\/?p=1967#primaryimage\",\"inLanguage\":\"pt-BR\",\"url\":\"https:\/\/tribunadapraia.com.br\/wp-content\/uploads\/2020\/11\/IMG-20201114-WA0179.jpg\",\"contentUrl\":\"https:\/\/tribunadapraia.com.br\/wp-content\/uploads\/2020\/11\/IMG-20201114-WA0179.jpg\",\"width\":720,\"height\":836},{\"@type\":\"WebPage\",\"@id\":\"https:\/\/tribunadapraia.com.br\/?p=1967#webpage\",\"url\":\"https:\/\/tribunadapraia.com.br\/?p=1967\",\"name\":\"NOTA POL\\u00cdTICA DO PCB-SE A RESPEITO DE FAKE NEWS ESPALHADA POR UM CANDIDATO \\u00c0 PREFEITURA DE ARACAJU SOBRE A HIST\\u00d3RIA DO PCB Em virtude da crise - TRIBUNA DA PRAIA\",\"isPartOf\":{\"@id\":\"https:\/\/tribunadapraia.com.br\/#website\"},\"primaryImageOfPage\":{\"@id\":\"https:\/\/tribunadapraia.com.br\/?p=1967#primaryimage\"},\"datePublished\":\"2020-11-14T23:20:38+00:00\",\"dateModified\":\"2020-11-14T23:20:38+00:00\",\"breadcrumb\":{\"@id\":\"https:\/\/tribunadapraia.com.br\/?p=1967#breadcrumb\"},\"inLanguage\":\"pt-BR\",\"potentialAction\":[{\"@type\":\"ReadAction\",\"target\":[\"https:\/\/tribunadapraia.com.br\/?p=1967\"]}]},{\"@type\":\"BreadcrumbList\",\"@id\":\"https:\/\/tribunadapraia.com.br\/?p=1967#breadcrumb\",\"itemListElement\":[{\"@type\":\"ListItem\",\"position\":1,\"item\":{\"@type\":\"WebPage\",\"@id\":\"https:\/\/tribunadapraia.com.br\/\",\"url\":\"https:\/\/tribunadapraia.com.br\/\",\"name\":\"In\\u00edcio\"}},{\"@type\":\"ListItem\",\"position\":2,\"item\":{\"@id\":\"https:\/\/tribunadapraia.com.br\/?p=1967#webpage\"}}]},{\"@type\":\"Article\",\"@id\":\"https:\/\/tribunadapraia.com.br\/?p=1967#article\",\"isPartOf\":{\"@id\":\"https:\/\/tribunadapraia.com.br\/?p=1967#webpage\"},\"author\":{\"@id\":\"https:\/\/tribunadapraia.com.br\/#\/schema\/person\/099fbbf59acc5895c0d7d52b4fc46c97\"},\"headline\":\"NOTA POL\\u00cdTICA DO PCB-SE A RESPEITO DE FAKE NEWS ESPALHADA POR UM CANDIDATO \\u00c0 PREFEITURA DE ARACAJU SOBRE A HIST\\u00d3RIA DO PCB Em virtude da crise\",\"datePublished\":\"2020-11-14T23:20:38+00:00\",\"dateModified\":\"2020-11-14T23:20:38+00:00\",\"mainEntityOfPage\":{\"@id\":\"https:\/\/tribunadapraia.com.br\/?p=1967#webpage\"},\"wordCount\":797,\"commentCount\":0,\"publisher\":{\"@id\":\"https:\/\/tribunadapraia.com.br\/#organization\"},\"image\":{\"@id\":\"https:\/\/tribunadapraia.com.br\/?p=1967#primaryimage\"},\"thumbnailUrl\":\"https:\/\/tribunadapraia.com.br\/wp-content\/uploads\/2020\/11\/IMG-20201114-WA0179.jpg\",\"articleSection\":[\"Not\\u00edcias\"],\"inLanguage\":\"pt-BR\",\"potentialAction\":[{\"@type\":\"CommentAction\",\"name\":\"Comment\",\"target\":[\"https:\/\/tribunadapraia.com.br\/?p=1967#respond\"]}]},{\"@type\":\"Person\",\"@id\":\"https:\/\/tribunadapraia.com.br\/#\/schema\/person\/099fbbf59acc5895c0d7d52b4fc46c97\",\"name\":\"Reda\\u00e7\\u00e3o\",\"image\":{\"@type\":\"ImageObject\",\"@id\":\"https:\/\/tribunadapraia.com.br\/#personlogo\",\"inLanguage\":\"pt-BR\",\"url\":\"https:\/\/secure.gravatar.com\/avatar\/91c8b91d2bfd7784eac5c3e055361f64?s=96&d=identicon&r=g\",\"contentUrl\":\"https:\/\/secure.gravatar.com\/avatar\/91c8b91d2bfd7784eac5c3e055361f64?s=96&d=identicon&r=g\",\"caption\":\"Reda\\u00e7\\u00e3o\"}}]}<\/script>\n<!-- \/ Yoast SEO plugin. -->","wps_subtitle":"","_links":{"self":[{"href":"https:\/\/tribunadapraia.com.br\/index.php?rest_route=\/wp\/v2\/posts\/1967"}],"collection":[{"href":"https:\/\/tribunadapraia.com.br\/index.php?rest_route=\/wp\/v2\/posts"}],"about":[{"href":"https:\/\/tribunadapraia.com.br\/index.php?rest_route=\/wp\/v2\/types\/post"}],"author":[{"embeddable":true,"href":"https:\/\/tribunadapraia.com.br\/index.php?rest_route=\/wp\/v2\/users\/3"}],"replies":[{"embeddable":true,"href":"https:\/\/tribunadapraia.com.br\/index.php?rest_route=%2Fwp%2Fv2%2Fcomments&post=1967"}],"version-history":[{"count":1,"href":"https:\/\/tribunadapraia.com.br\/index.php?rest_route=\/wp\/v2\/posts\/1967\/revisions"}],"predecessor-version":[{"id":1969,"href":"https:\/\/tribunadapraia.com.br\/index.php?rest_route=\/wp\/v2\/posts\/1967\/revisions\/1969"}],"wp:featuredmedia":[{"embeddable":true,"href":"https:\/\/tribunadapraia.com.br\/index.php?rest_route=\/wp\/v2\/media\/1968"}],"wp:attachment":[{"href":"https:\/\/tribunadapraia.com.br\/index.php?rest_route=%2Fwp%2Fv2%2Fmedia&parent=1967"}],"wp:term":[{"taxonomy":"category","embeddable":true,"href":"https:\/\/tribunadapraia.com.br\/index.php?rest_route=%2Fwp%2Fv2%2Fcategories&post=1967"},{"taxonomy":"post_tag","embeddable":true,"href":"https:\/\/tribunadapraia.com.br\/index.php?rest_route=%2Fwp%2Fv2%2Ftags&post=1967"}],"curies":[{"name":"wp","href":"https:\/\/api.w.org\/{rel}","templated":true}]}}