{"id":1952,"date":"2020-11-07T22:37:55","date_gmt":"2020-11-08T01:37:55","guid":{"rendered":"https:\/\/tribunadapraia.com.br\/?p=1952"},"modified":"2020-11-07T22:38:40","modified_gmt":"2020-11-08T01:38:40","slug":"toda-solidariedade-a-mariana-ferrer-nao-existe-estupro-culposo","status":"publish","type":"post","link":"https:\/\/tribunadapraia.com.br\/?p=1952","title":{"rendered":"TODA SOLIDARIEDADE A MARIANA FERRER: N\u00e3o existe estupro culposo!"},"content":{"rendered":"<p>\u00c9 inadmiss\u00edvel a classifica\u00e7\u00e3o persecut\u00f3ria e mis\u00f3gina de \u201cestupro culposo\u201d que inocentou o empres\u00e1rio catarinense do crime de estupro contra a jovem Mariana Ferrer. O Brasil se encontra entre os pa\u00edses mais violentos para as mulheres. Somente em 2018 foram registrados 180 casos de estupro por dia, o que significa mais de 66.000 casos em um ano, sendo que 54% das v\u00edtimas tem menos de 13 anos, cerca de 81% s\u00e3o do sexo feminino e 51% s\u00e3o mulheres negras (dados do 13\u00b0 an\u00faario de Seguran\u00e7a P\u00fablica, 2018).<\/p>\n<p>N\u00e3o existe nenhum caso de estupro em que a culpa seja da v\u00edtima, como foi apresentado de forma extremamente violenta pelo o advogado do empres\u00e1rio, ao expor fotos da jovem na internet. N\u00e3o importa o conte\u00fado das fotos de Mariana, \u00e9 um direito dela se vestir e tirar fotos como quiser. Isso n\u00e3o \u00e9 um convite para ser estuprada e de forma alguma pode servir de justificativa para a viol\u00eancia praticada. Ela tem todo direito a seu corpo e sua imagem. Para al\u00e9m disso, ainda \u00e9 apresentado que a jovem perdeu o emprego no \u00faltimo per\u00edodo, como mais uma justificativa para inocentar o empres\u00e1rio, que al\u00e9m de estuprar, drogou a jovem para consumar o ato.<\/p>\n<p>Estamos em um pa\u00eds assolado pelo desemprego estrutural e as principais v\u00edtimas de estupro s\u00e3o aquelas em piores condi\u00e7\u00f5es de vida e trabalho. A decis\u00e3o judicial refor\u00e7ar\u00e1 ainda mais a possibilidade de culpabiliza\u00e7\u00e3o das mulheres e a permissividade do estupro. Estudo realizado pelo F\u00f3rum de Seguran\u00e7a P\u00fablica em 2016, mostrou que 43% dos brasileiros do sexo masculino maiores de 16 anos acreditam que \u201cmulheres que n\u00e3o se d\u00e3o ao respeito s\u00e3o estupradas\u201d.<\/p>\n<p>O problema \u00e9 a estrutura social na qual vivemos, onde o corpo e a vida das mulheres s\u00e3o colocadas como pertencentes aos homens \u2013 principalmente aos homens brancos \u2013 e como pass\u00edveis de serem violentados como forma de demonstra\u00e7\u00e3o de poder. A possibilidade de liberdade sexual precisa ser perseguida, violada, a fim de manter essa estrutura patriarcal, machista e exploradora, que al\u00e9m de utilizar o trabalho reprodutivo n\u00e3o pago das mulheres (trabalho dom\u00e9stico, maternal e amoroso), tamb\u00e9m nos reserva os piores e mais desgastantes trabalhos, bem como menores sal\u00e1rios devido \u00e0 condi\u00e7\u00e3o de g\u00eanero, sexual e racial.<\/p>\n<p>Outra quest\u00e3o fundamental no caso \u00e9 a condi\u00e7\u00e3o de classe do acusado, um empres\u00e1rio branco, que tem todas os recursos de pagar um advogado para defend\u00ea-lo e que conta com a moral burguesa e classista que o apresenta como \u201csuperior\u201d devido \u00e0 sua condi\u00e7\u00e3o econ\u00f4mica, de g\u00eanero e cor. Se fosse um homem negro da periferia, provavelmente j\u00e1 estaria na pris\u00e3o, sofrendo com a viol\u00eancia da pol\u00edcia ou at\u00e9 mesmo morto. A lei n\u00e3o \u00e9 igual para todos e muito menos justa, ela serve a uma classe.<\/p>\n<p>Nesse contexto extremamente violento para as mulheres, \u00e9 um absurdo que as mulheres que sofrem com essa viol\u00eancia e ousam romper o sil\u00eancio e buscar justi\u00e7a, sejam submetidas a tantas outras viol\u00eancias, como ver seus agressores inocentados, o que faz que muitas delas sofram sozinhas e n\u00e3o busque justi\u00e7a para seus casos.<\/p>\n<p>Manifestamos nosso total apoio e solidariedade a Mariana Ferrer e seguimos em luta pelo fim da cultura do estupro e de todas as formas de viol\u00eancia contra as mulheres.<\/p>\n<p>Coordena\u00e7\u00e3o Nacional do Coletivo Feminista Ana Montenegro<\/p>\n","protected":false},"excerpt":{"rendered":"<p>\u00c9 inadmiss\u00edvel a classifica\u00e7\u00e3o persecut\u00f3ria e mis\u00f3gina de \u201cestupro culposo\u201d que inocentou o empres\u00e1rio catarinense do crime de estupro contra a jovem Mariana Ferrer. O Brasil se encontra entre os pa\u00edses mais violentos para as mulheres. Somente em 2018 foram registrados 180 casos de estupro por dia, o que significa mais de 66.000 casos em um ano, sendo que 54% das v\u00edtimas tem menos de 13 anos, cerca de 81%<\/p>\n","protected":false},"author":1,"featured_media":1953,"comment_status":"open","ping_status":"open","sticky":false,"template":"","format":"standard","meta":[],"categories":[18],"tags":[],"yoast_head":"<!-- This site is optimized with the Yoast SEO plugin v16.3 - https:\/\/yoast.com\/wordpress\/plugins\/seo\/ -->\n<title>TODA SOLIDARIEDADE A MARIANA FERRER: N\u00e3o existe estupro culposo! - TRIBUNA DA PRAIA<\/title>\n<meta name=\"robots\" content=\"index, follow, max-snippet:-1, max-image-preview:large, max-video-preview:-1\" \/>\n<link rel=\"canonical\" href=\"https:\/\/tribunadapraia.com.br\/?p=1952\" \/>\n<meta property=\"og:locale\" content=\"pt_BR\" \/>\n<meta property=\"og:type\" content=\"article\" \/>\n<meta property=\"og:title\" content=\"TODA SOLIDARIEDADE A MARIANA FERRER: N\u00e3o existe estupro culposo! - TRIBUNA DA PRAIA\" \/>\n<meta property=\"og:description\" content=\"\u00c9 inadmiss\u00edvel a classifica\u00e7\u00e3o persecut\u00f3ria e mis\u00f3gina de \u201cestupro culposo\u201d que inocentou o empres\u00e1rio catarinense do crime de estupro contra a jovem Mariana Ferrer. O Brasil se encontra entre os pa\u00edses mais violentos para as mulheres. Somente em 2018 foram registrados 180 casos de estupro por dia, o que significa mais de 66.000 casos em um ano, sendo que 54% das v\u00edtimas tem menos de 13 anos, cerca de 81%\" \/>\n<meta property=\"og:url\" content=\"https:\/\/tribunadapraia.com.br\/?p=1952\" \/>\n<meta property=\"og:site_name\" content=\"TRIBUNA DA PRAIA\" \/>\n<meta property=\"article:publisher\" content=\"https:\/\/www.facebook.com\/tribunadapraiaonline\/\" \/>\n<meta property=\"article:published_time\" content=\"2020-11-08T01:37:55+00:00\" \/>\n<meta property=\"article:modified_time\" content=\"2020-11-08T01:38:40+00:00\" \/>\n<meta property=\"og:image\" content=\"https:\/\/tribunadapraia.com.br\/wp-content\/uploads\/2020\/11\/IMG-20201107-WA0220.jpg\" \/>\n\t<meta property=\"og:image:width\" content=\"924\" \/>\n\t<meta property=\"og:image:height\" content=\"924\" \/>\n<meta name=\"twitter:card\" content=\"summary_large_image\" \/>\n<meta name=\"twitter:creator\" content=\"@Claudomir21\" \/>\n<meta name=\"twitter:site\" content=\"@Claudomir21\" \/>\n<meta name=\"twitter:label1\" content=\"Est. tempo de leitura\">\n\t<meta name=\"twitter:data1\" content=\"3 minutos\">\n<script type=\"application\/ld+json\" class=\"yoast-schema-graph\">{\"@context\":\"https:\/\/schema.org\",\"@graph\":[{\"@type\":\"Organization\",\"@id\":\"https:\/\/tribunadapraia.com.br\/#organization\",\"name\":\"Tribuna da Praia\",\"url\":\"https:\/\/tribunadapraia.com.br\/\",\"sameAs\":[\"https:\/\/www.facebook.com\/tribunadapraiaonline\/\",\"https:\/\/www.instagram.com\/claudomirtavares\/\",\"https:\/\/www.youtube.com\/channel\/UCwQf80nxiMzCefAyjbp53Rw\",\"https:\/\/twitter.com\/Claudomir21\"],\"logo\":{\"@type\":\"ImageObject\",\"@id\":\"https:\/\/tribunadapraia.com.br\/#logo\",\"inLanguage\":\"pt-BR\",\"url\":\"https:\/\/tribunadapraia.com.br\/wp-content\/uploads\/2020\/02\/logo.png\",\"contentUrl\":\"https:\/\/tribunadapraia.com.br\/wp-content\/uploads\/2020\/02\/logo.png\",\"width\":501,\"height\":121,\"caption\":\"Tribuna da Praia\"},\"image\":{\"@id\":\"https:\/\/tribunadapraia.com.br\/#logo\"}},{\"@type\":\"WebSite\",\"@id\":\"https:\/\/tribunadapraia.com.br\/#website\",\"url\":\"https:\/\/tribunadapraia.com.br\/\",\"name\":\"TRIBUNA DA PRAIA\",\"description\":\"O 1\\u00ba jornal do interior de Sergipe na internet\",\"publisher\":{\"@id\":\"https:\/\/tribunadapraia.com.br\/#organization\"},\"potentialAction\":[{\"@type\":\"SearchAction\",\"target\":\"https:\/\/tribunadapraia.com.br\/?s={search_term_string}\",\"query-input\":\"required name=search_term_string\"}],\"inLanguage\":\"pt-BR\"},{\"@type\":\"ImageObject\",\"@id\":\"https:\/\/tribunadapraia.com.br\/?p=1952#primaryimage\",\"inLanguage\":\"pt-BR\",\"url\":\"https:\/\/tribunadapraia.com.br\/wp-content\/uploads\/2020\/11\/IMG-20201107-WA0220.jpg\",\"contentUrl\":\"https:\/\/tribunadapraia.com.br\/wp-content\/uploads\/2020\/11\/IMG-20201107-WA0220.jpg\",\"width\":924,\"height\":924},{\"@type\":\"WebPage\",\"@id\":\"https:\/\/tribunadapraia.com.br\/?p=1952#webpage\",\"url\":\"https:\/\/tribunadapraia.com.br\/?p=1952\",\"name\":\"TODA SOLIDARIEDADE A MARIANA FERRER: N\\u00e3o existe estupro culposo! - TRIBUNA DA PRAIA\",\"isPartOf\":{\"@id\":\"https:\/\/tribunadapraia.com.br\/#website\"},\"primaryImageOfPage\":{\"@id\":\"https:\/\/tribunadapraia.com.br\/?p=1952#primaryimage\"},\"datePublished\":\"2020-11-08T01:37:55+00:00\",\"dateModified\":\"2020-11-08T01:38:40+00:00\",\"breadcrumb\":{\"@id\":\"https:\/\/tribunadapraia.com.br\/?p=1952#breadcrumb\"},\"inLanguage\":\"pt-BR\",\"potentialAction\":[{\"@type\":\"ReadAction\",\"target\":[\"https:\/\/tribunadapraia.com.br\/?p=1952\"]}]},{\"@type\":\"BreadcrumbList\",\"@id\":\"https:\/\/tribunadapraia.com.br\/?p=1952#breadcrumb\",\"itemListElement\":[{\"@type\":\"ListItem\",\"position\":1,\"item\":{\"@type\":\"WebPage\",\"@id\":\"https:\/\/tribunadapraia.com.br\/\",\"url\":\"https:\/\/tribunadapraia.com.br\/\",\"name\":\"In\\u00edcio\"}},{\"@type\":\"ListItem\",\"position\":2,\"item\":{\"@id\":\"https:\/\/tribunadapraia.com.br\/?p=1952#webpage\"}}]},{\"@type\":\"Article\",\"@id\":\"https:\/\/tribunadapraia.com.br\/?p=1952#article\",\"isPartOf\":{\"@id\":\"https:\/\/tribunadapraia.com.br\/?p=1952#webpage\"},\"author\":{\"@id\":\"https:\/\/tribunadapraia.com.br\/#\/schema\/person\/326b0a9f3163b479142c64eba4928de0\"},\"headline\":\"TODA SOLIDARIEDADE A MARIANA FERRER: N\\u00e3o existe estupro culposo!\",\"datePublished\":\"2020-11-08T01:37:55+00:00\",\"dateModified\":\"2020-11-08T01:38:40+00:00\",\"mainEntityOfPage\":{\"@id\":\"https:\/\/tribunadapraia.com.br\/?p=1952#webpage\"},\"wordCount\":597,\"commentCount\":0,\"publisher\":{\"@id\":\"https:\/\/tribunadapraia.com.br\/#organization\"},\"image\":{\"@id\":\"https:\/\/tribunadapraia.com.br\/?p=1952#primaryimage\"},\"thumbnailUrl\":\"https:\/\/tribunadapraia.com.br\/wp-content\/uploads\/2020\/11\/IMG-20201107-WA0220.jpg\",\"articleSection\":[\"Not\\u00edcias\"],\"inLanguage\":\"pt-BR\",\"potentialAction\":[{\"@type\":\"CommentAction\",\"name\":\"Comment\",\"target\":[\"https:\/\/tribunadapraia.com.br\/?p=1952#respond\"]}]},{\"@type\":\"Person\",\"@id\":\"https:\/\/tribunadapraia.com.br\/#\/schema\/person\/326b0a9f3163b479142c64eba4928de0\",\"name\":\"tribunadapraia\",\"image\":{\"@type\":\"ImageObject\",\"@id\":\"https:\/\/tribunadapraia.com.br\/#personlogo\",\"inLanguage\":\"pt-BR\",\"url\":\"https:\/\/secure.gravatar.com\/avatar\/38b019c74762496076b7355024a0dad9?s=96&d=identicon&r=g\",\"contentUrl\":\"https:\/\/secure.gravatar.com\/avatar\/38b019c74762496076b7355024a0dad9?s=96&d=identicon&r=g\",\"caption\":\"tribunadapraia\"}}]}<\/script>\n<!-- \/ Yoast SEO plugin. -->","wps_subtitle":"","_links":{"self":[{"href":"https:\/\/tribunadapraia.com.br\/index.php?rest_route=\/wp\/v2\/posts\/1952"}],"collection":[{"href":"https:\/\/tribunadapraia.com.br\/index.php?rest_route=\/wp\/v2\/posts"}],"about":[{"href":"https:\/\/tribunadapraia.com.br\/index.php?rest_route=\/wp\/v2\/types\/post"}],"author":[{"embeddable":true,"href":"https:\/\/tribunadapraia.com.br\/index.php?rest_route=\/wp\/v2\/users\/1"}],"replies":[{"embeddable":true,"href":"https:\/\/tribunadapraia.com.br\/index.php?rest_route=%2Fwp%2Fv2%2Fcomments&post=1952"}],"version-history":[{"count":1,"href":"https:\/\/tribunadapraia.com.br\/index.php?rest_route=\/wp\/v2\/posts\/1952\/revisions"}],"predecessor-version":[{"id":1954,"href":"https:\/\/tribunadapraia.com.br\/index.php?rest_route=\/wp\/v2\/posts\/1952\/revisions\/1954"}],"wp:featuredmedia":[{"embeddable":true,"href":"https:\/\/tribunadapraia.com.br\/index.php?rest_route=\/wp\/v2\/media\/1953"}],"wp:attachment":[{"href":"https:\/\/tribunadapraia.com.br\/index.php?rest_route=%2Fwp%2Fv2%2Fmedia&parent=1952"}],"wp:term":[{"taxonomy":"category","embeddable":true,"href":"https:\/\/tribunadapraia.com.br\/index.php?rest_route=%2Fwp%2Fv2%2Fcategories&post=1952"},{"taxonomy":"post_tag","embeddable":true,"href":"https:\/\/tribunadapraia.com.br\/index.php?rest_route=%2Fwp%2Fv2%2Ftags&post=1952"}],"curies":[{"name":"wp","href":"https:\/\/api.w.org\/{rel}","templated":true}]}}