{"id":1943,"date":"2020-11-02T11:28:21","date_gmt":"2020-11-02T14:28:21","guid":{"rendered":"https:\/\/tribunadapraia.com.br\/?p=1943"},"modified":"2020-11-02T11:29:04","modified_gmt":"2020-11-02T14:29:04","slug":"surpreendente-o-povo-toma-a-frente-de-forma-soberana-e-corajosa-diz-luciano-nascimento","status":"publish","type":"post","link":"https:\/\/tribunadapraia.com.br\/?p=1943","title":{"rendered":"Surpreendente: &#8220;O povo toma \u00e0 frente de forma soberana e corajosa&#8221;, diz Luciano Nascimento"},"content":{"rendered":"<p>O candidato a prefeito de Propri\u00e1, Luciano Nascimento, que lidera a maior frente pol\u00edtica\/cologa\u00e7\u00e3o, &#8220;Confian\u00e7a e Trabalho&#8221; (DEM, Cidadania, PSDB, Progressistas, PSD, Avante e SD) e todas as pesquisas de consumo interno, em todos os cen\u00e1rios, t\u00eam se surpreendido positivamente com o volume das m\u00faltiplas manifesta\u00e7\u00f5es populares e expont\u00e2neas em todas \u00e0s ruas, todos os bairros e todos os povoados. &#8220;Hoje (01) foi mais um movimento emocionante, um evento resolvido ontem (31\/10) a noite e nos surpreendeu mais uma vez&#8221;, descreveu Luciano.<\/p>\n<p>Apesar de toda sua experi\u00eancia adquirida ao longo de todas \u00e0s elei\u00e7\u00f5es, Luciano disse que nunca viu uma como essa. &#8220;Confesso que \u00e9 tudo muito diferente, o povo toma a frente de forma soberana e corajosa que me deixa surpreso. Estou muito alegre com isso tudo, mas tamb\u00e9m com muito cuidado diante das \u00faltimas a\u00e7\u00f5es dos advers\u00e1rios&#8221;, acautelou-se. &#8220;Pelo que estou vendo, vai valer tudo pra eles&#8221;, concluiu Luciano Nadcimento.<\/p>\n<p>\u25a0 Agenda:<\/p>\n<p>A primeira a\u00e7\u00e3o desta segunda-feira (02), Dia de Finados, foi uma mensagem de conforto e solidariedade \u00e0s v\u00edtimas do novo corona v\u00edrus, seguida de reuni\u00e3o com integrantes da Filarm\u00f4nica Santo Ant\u00f4nio, patrim\u00f4nio da m\u00fasica instrumental no Baixo S\u00e3o Francisco e concluir\u00e1 a agenda da manh\u00e3 reunondo-se com pescadores nas proximidades de uma das pontes da cidade. Pela tarde o candidato visitar\u00e1 o assentamento Pedra do C\u00e1gado, no Distrito Industrial de Propri\u00e1.<\/p>\n<p>por Reda\u00e7\u00e3o, com informa\u00e7\u00f5es da assessoria<\/p>\n","protected":false},"excerpt":{"rendered":"<p>O candidato a prefeito de Propri\u00e1, Luciano Nascimento, que lidera a maior frente pol\u00edtica\/cologa\u00e7\u00e3o, &#8220;Confian\u00e7a e Trabalho&#8221; (DEM, Cidadania, PSDB, Progressistas, PSD, Avante e SD) e todas as pesquisas de consumo interno, em todos os cen\u00e1rios, t\u00eam se surpreendido positivamente com o volume das m\u00faltiplas manifesta\u00e7\u00f5es populares e expont\u00e2neas em todas \u00e0s ruas, todos os bairros e todos os povoados. &#8220;Hoje (01) foi mais um movimento emocionante, um evento resolvido<\/p>\n","protected":false},"author":1,"featured_media":1944,"comment_status":"open","ping_status":"open","sticky":false,"template":"","format":"standard","meta":[],"categories":[18],"tags":[],"yoast_head":"<!-- This site is optimized with the Yoast SEO plugin v16.3 - https:\/\/yoast.com\/wordpress\/plugins\/seo\/ -->\n<title>Surpreendente: &quot;O povo toma \u00e0 frente de forma soberana e corajosa&quot;, diz Luciano Nascimento - TRIBUNA DA PRAIA<\/title>\n<meta name=\"robots\" content=\"index, follow, max-snippet:-1, max-image-preview:large, max-video-preview:-1\" \/>\n<link rel=\"canonical\" href=\"https:\/\/tribunadapraia.com.br\/?p=1943\" \/>\n<meta property=\"og:locale\" content=\"pt_BR\" \/>\n<meta property=\"og:type\" content=\"article\" \/>\n<meta property=\"og:title\" content=\"Surpreendente: &quot;O povo toma \u00e0 frente de forma soberana e corajosa&quot;, diz Luciano Nascimento - TRIBUNA DA PRAIA\" \/>\n<meta property=\"og:description\" content=\"O candidato a prefeito de Propri\u00e1, Luciano Nascimento, que lidera a maior frente pol\u00edtica\/cologa\u00e7\u00e3o, &#8220;Confian\u00e7a e Trabalho&#8221; (DEM, Cidadania, PSDB, Progressistas, PSD, Avante e SD) e todas as pesquisas de consumo interno, em todos os cen\u00e1rios, t\u00eam se surpreendido positivamente com o volume das m\u00faltiplas manifesta\u00e7\u00f5es populares e expont\u00e2neas em todas \u00e0s ruas, todos os bairros e todos os povoados. &#8220;Hoje (01) foi mais um movimento emocionante, um evento resolvido\" \/>\n<meta property=\"og:url\" content=\"https:\/\/tribunadapraia.com.br\/?p=1943\" \/>\n<meta property=\"og:site_name\" content=\"TRIBUNA DA PRAIA\" \/>\n<meta property=\"article:publisher\" content=\"https:\/\/www.facebook.com\/tribunadapraiaonline\/\" \/>\n<meta property=\"article:published_time\" content=\"2020-11-02T14:28:21+00:00\" \/>\n<meta property=\"article:modified_time\" content=\"2020-11-02T14:29:04+00:00\" \/>\n<meta property=\"og:image\" content=\"https:\/\/tribunadapraia.com.br\/wp-content\/uploads\/2020\/11\/IMG-20201102-WA0021.jpg\" \/>\n\t<meta property=\"og:image:width\" content=\"854\" \/>\n\t<meta property=\"og:image:height\" content=\"1280\" \/>\n<meta name=\"twitter:card\" content=\"summary_large_image\" \/>\n<meta name=\"twitter:creator\" content=\"@Claudomir21\" \/>\n<meta name=\"twitter:site\" content=\"@Claudomir21\" \/>\n<meta name=\"twitter:label1\" content=\"Est. tempo de leitura\">\n\t<meta name=\"twitter:data1\" content=\"1 minuto\">\n<script type=\"application\/ld+json\" class=\"yoast-schema-graph\">{\"@context\":\"https:\/\/schema.org\",\"@graph\":[{\"@type\":\"Organization\",\"@id\":\"https:\/\/tribunadapraia.com.br\/#organization\",\"name\":\"Tribuna da Praia\",\"url\":\"https:\/\/tribunadapraia.com.br\/\",\"sameAs\":[\"https:\/\/www.facebook.com\/tribunadapraiaonline\/\",\"https:\/\/www.instagram.com\/claudomirtavares\/\",\"https:\/\/www.youtube.com\/channel\/UCwQf80nxiMzCefAyjbp53Rw\",\"https:\/\/twitter.com\/Claudomir21\"],\"logo\":{\"@type\":\"ImageObject\",\"@id\":\"https:\/\/tribunadapraia.com.br\/#logo\",\"inLanguage\":\"pt-BR\",\"url\":\"https:\/\/tribunadapraia.com.br\/wp-content\/uploads\/2020\/02\/logo.png\",\"contentUrl\":\"https:\/\/tribunadapraia.com.br\/wp-content\/uploads\/2020\/02\/logo.png\",\"width\":501,\"height\":121,\"caption\":\"Tribuna da Praia\"},\"image\":{\"@id\":\"https:\/\/tribunadapraia.com.br\/#logo\"}},{\"@type\":\"WebSite\",\"@id\":\"https:\/\/tribunadapraia.com.br\/#website\",\"url\":\"https:\/\/tribunadapraia.com.br\/\",\"name\":\"TRIBUNA DA PRAIA\",\"description\":\"O 1\\u00ba jornal do interior de Sergipe na internet\",\"publisher\":{\"@id\":\"https:\/\/tribunadapraia.com.br\/#organization\"},\"potentialAction\":[{\"@type\":\"SearchAction\",\"target\":\"https:\/\/tribunadapraia.com.br\/?s={search_term_string}\",\"query-input\":\"required name=search_term_string\"}],\"inLanguage\":\"pt-BR\"},{\"@type\":\"ImageObject\",\"@id\":\"https:\/\/tribunadapraia.com.br\/?p=1943#primaryimage\",\"inLanguage\":\"pt-BR\",\"url\":\"https:\/\/tribunadapraia.com.br\/wp-content\/uploads\/2020\/11\/IMG-20201102-WA0021.jpg\",\"contentUrl\":\"https:\/\/tribunadapraia.com.br\/wp-content\/uploads\/2020\/11\/IMG-20201102-WA0021.jpg\",\"width\":854,\"height\":1280},{\"@type\":\"WebPage\",\"@id\":\"https:\/\/tribunadapraia.com.br\/?p=1943#webpage\",\"url\":\"https:\/\/tribunadapraia.com.br\/?p=1943\",\"name\":\"Surpreendente: \\\"O povo toma \\u00e0 frente de forma soberana e corajosa\\\", diz Luciano Nascimento - TRIBUNA DA PRAIA\",\"isPartOf\":{\"@id\":\"https:\/\/tribunadapraia.com.br\/#website\"},\"primaryImageOfPage\":{\"@id\":\"https:\/\/tribunadapraia.com.br\/?p=1943#primaryimage\"},\"datePublished\":\"2020-11-02T14:28:21+00:00\",\"dateModified\":\"2020-11-02T14:29:04+00:00\",\"breadcrumb\":{\"@id\":\"https:\/\/tribunadapraia.com.br\/?p=1943#breadcrumb\"},\"inLanguage\":\"pt-BR\",\"potentialAction\":[{\"@type\":\"ReadAction\",\"target\":[\"https:\/\/tribunadapraia.com.br\/?p=1943\"]}]},{\"@type\":\"BreadcrumbList\",\"@id\":\"https:\/\/tribunadapraia.com.br\/?p=1943#breadcrumb\",\"itemListElement\":[{\"@type\":\"ListItem\",\"position\":1,\"item\":{\"@type\":\"WebPage\",\"@id\":\"https:\/\/tribunadapraia.com.br\/\",\"url\":\"https:\/\/tribunadapraia.com.br\/\",\"name\":\"In\\u00edcio\"}},{\"@type\":\"ListItem\",\"position\":2,\"item\":{\"@id\":\"https:\/\/tribunadapraia.com.br\/?p=1943#webpage\"}}]},{\"@type\":\"Article\",\"@id\":\"https:\/\/tribunadapraia.com.br\/?p=1943#article\",\"isPartOf\":{\"@id\":\"https:\/\/tribunadapraia.com.br\/?p=1943#webpage\"},\"author\":{\"@id\":\"https:\/\/tribunadapraia.com.br\/#\/schema\/person\/326b0a9f3163b479142c64eba4928de0\"},\"headline\":\"Surpreendente: &#8220;O povo toma \\u00e0 frente de forma soberana e corajosa&#8221;, diz Luciano Nascimento\",\"datePublished\":\"2020-11-02T14:28:21+00:00\",\"dateModified\":\"2020-11-02T14:29:04+00:00\",\"mainEntityOfPage\":{\"@id\":\"https:\/\/tribunadapraia.com.br\/?p=1943#webpage\"},\"wordCount\":265,\"commentCount\":0,\"publisher\":{\"@id\":\"https:\/\/tribunadapraia.com.br\/#organization\"},\"image\":{\"@id\":\"https:\/\/tribunadapraia.com.br\/?p=1943#primaryimage\"},\"thumbnailUrl\":\"https:\/\/tribunadapraia.com.br\/wp-content\/uploads\/2020\/11\/IMG-20201102-WA0021.jpg\",\"articleSection\":[\"Not\\u00edcias\"],\"inLanguage\":\"pt-BR\",\"potentialAction\":[{\"@type\":\"CommentAction\",\"name\":\"Comment\",\"target\":[\"https:\/\/tribunadapraia.com.br\/?p=1943#respond\"]}]},{\"@type\":\"Person\",\"@id\":\"https:\/\/tribunadapraia.com.br\/#\/schema\/person\/326b0a9f3163b479142c64eba4928de0\",\"name\":\"tribunadapraia\",\"image\":{\"@type\":\"ImageObject\",\"@id\":\"https:\/\/tribunadapraia.com.br\/#personlogo\",\"inLanguage\":\"pt-BR\",\"url\":\"https:\/\/secure.gravatar.com\/avatar\/38b019c74762496076b7355024a0dad9?s=96&d=identicon&r=g\",\"contentUrl\":\"https:\/\/secure.gravatar.com\/avatar\/38b019c74762496076b7355024a0dad9?s=96&d=identicon&r=g\",\"caption\":\"tribunadapraia\"}}]}<\/script>\n<!-- \/ Yoast SEO plugin. -->","wps_subtitle":"","_links":{"self":[{"href":"https:\/\/tribunadapraia.com.br\/index.php?rest_route=\/wp\/v2\/posts\/1943"}],"collection":[{"href":"https:\/\/tribunadapraia.com.br\/index.php?rest_route=\/wp\/v2\/posts"}],"about":[{"href":"https:\/\/tribunadapraia.com.br\/index.php?rest_route=\/wp\/v2\/types\/post"}],"author":[{"embeddable":true,"href":"https:\/\/tribunadapraia.com.br\/index.php?rest_route=\/wp\/v2\/users\/1"}],"replies":[{"embeddable":true,"href":"https:\/\/tribunadapraia.com.br\/index.php?rest_route=%2Fwp%2Fv2%2Fcomments&post=1943"}],"version-history":[{"count":1,"href":"https:\/\/tribunadapraia.com.br\/index.php?rest_route=\/wp\/v2\/posts\/1943\/revisions"}],"predecessor-version":[{"id":1945,"href":"https:\/\/tribunadapraia.com.br\/index.php?rest_route=\/wp\/v2\/posts\/1943\/revisions\/1945"}],"wp:featuredmedia":[{"embeddable":true,"href":"https:\/\/tribunadapraia.com.br\/index.php?rest_route=\/wp\/v2\/media\/1944"}],"wp:attachment":[{"href":"https:\/\/tribunadapraia.com.br\/index.php?rest_route=%2Fwp%2Fv2%2Fmedia&parent=1943"}],"wp:term":[{"taxonomy":"category","embeddable":true,"href":"https:\/\/tribunadapraia.com.br\/index.php?rest_route=%2Fwp%2Fv2%2Fcategories&post=1943"},{"taxonomy":"post_tag","embeddable":true,"href":"https:\/\/tribunadapraia.com.br\/index.php?rest_route=%2Fwp%2Fv2%2Ftags&post=1943"}],"curies":[{"name":"wp","href":"https:\/\/api.w.org\/{rel}","templated":true}]}}