{"id":1940,"date":"2020-11-01T12:37:47","date_gmt":"2020-11-01T15:37:47","guid":{"rendered":"https:\/\/tribunadapraia.com.br\/?p=1940"},"modified":"2021-10-23T22:28:44","modified_gmt":"2021-10-24T01:28:44","slug":"fique-de-olho-valberto-lima-e-homem-de-discurso-unico-de-mao-unica-so-ele-fala-e-o-resto-escuta-renato-brandao","status":"publish","type":"post","link":"https:\/\/tribunadapraia.com.br\/?p=1940","title":{"rendered":"FIQUE DE OLHO: Valberto Lima &#8220;\u00e9 homem de discurso \u00fanico, de m\u00e3o \u00fanica, s\u00f3 ele fala e o resto escuta&#8221; (Renato Brand\u00e3o)"},"content":{"rendered":"<!--[if lt IE 9]><script>document.createElement('audio');<\/script><![endif]-->\n<audio class=\"wp-audio-shortcode\" id=\"audio-1940-1\" preload=\"none\" style=\"width: 100%;\" controls=\"controls\"><source type=\"audio\/mpeg\" src=\"https:\/\/tribunadapraia.com.br\/wp-content\/uploads\/2020\/11\/AUD-20211023-WA0023.mp3?_=1\" \/><a href=\"https:\/\/tribunadapraia.com.br\/wp-content\/uploads\/2020\/11\/AUD-20211023-WA0023.mp3\">https:\/\/tribunadapraia.com.br\/wp-content\/uploads\/2020\/11\/AUD-20211023-WA0023.mp3<\/a><\/audio>\n<p>Como quem tem &#8220;bola de cristal&#8221;, o ex-prefeito de Propri\u00e1, Renato Brand\u00e3o (sem partido) j\u00e1 previa que o ent\u00e3o pr\u00e9-candidato e agora candidato a prefeito do MDB, Valberto Lima n\u00e3o iria comparecer ao exitoso debate promovido pelo Cons\u00f3rcio de Comunicadores. &#8220;\u00c9 porque, de fato ele foge, ele \u00e9 inseguro, ele n\u00e3o aceita o debate, ele n\u00e3o aceita a discuss\u00e3o. Ele \u00e9 homem de discurso \u00fanico, de m\u00e3o \u00fanica, s\u00f3 ele fala e o resto escuta, at\u00e9 porque \u00e9 temperamental, n\u00e3o aceita ser futucado n\u00e3o, n\u00e3o gosta de ser incomodado n\u00e3o&#8221;, disse Renatinho em \u00e2udio que viralizou esta semana na cidade ribeirinha.<\/p>\n<p>\u25a0 Incapaz de olhar no olho<\/p>\n<p>&#8220;Tudo que representar inc\u00f4modo pata ele, ele foge como o diabo corre da cruz&#8221;, acrescenta o ex-prefeito. &#8220;Portanto, pessoas desse n\u00edvel, povo amigo e querido de Propri\u00e1, n\u00e3o aceitem, quem \u00e9 incapaz de olhar no olho e dialogar com voc\u00ea, n\u00e3o merece a sua confian\u00e7a&#8221;, completou Renatinho em entrevista a um programa de r\u00e1dio da Princesinha do S\u00e3o Francisco.<\/p>\n<p>por ClaudOmir Herzog<\/p>\n","protected":false},"excerpt":{"rendered":"<p>Como quem tem &#8220;bola de cristal&#8221;, o ex-prefeito de Propri\u00e1, Renato Brand\u00e3o (sem partido) j\u00e1 previa que o ent\u00e3o pr\u00e9-candidato e agora candidato a prefeito do MDB, Valberto Lima n\u00e3o iria comparecer ao exitoso debate promovido pelo Cons\u00f3rcio de Comunicadores. &#8220;\u00c9 porque, de fato ele foge, ele \u00e9 inseguro, ele n\u00e3o aceita o debate, ele n\u00e3o aceita a discuss\u00e3o. Ele \u00e9 homem de discurso \u00fanico, de m\u00e3o \u00fanica, s\u00f3 ele<\/p>\n","protected":false},"author":3,"featured_media":1941,"comment_status":"open","ping_status":"open","sticky":false,"template":"","format":"standard","meta":[],"categories":[18],"tags":[],"yoast_head":"<!-- This site is optimized with the Yoast SEO plugin v16.3 - https:\/\/yoast.com\/wordpress\/plugins\/seo\/ -->\n<title>FIQUE DE OLHO: Valberto Lima &quot;\u00e9 homem de discurso \u00fanico, de m\u00e3o \u00fanica, s\u00f3 ele fala e o resto escuta&quot; (Renato Brand\u00e3o) - TRIBUNA DA PRAIA<\/title>\n<meta name=\"robots\" content=\"index, follow, max-snippet:-1, max-image-preview:large, max-video-preview:-1\" \/>\n<link rel=\"canonical\" href=\"https:\/\/tribunadapraia.com.br\/?p=1940\" \/>\n<meta property=\"og:locale\" content=\"pt_BR\" \/>\n<meta property=\"og:type\" content=\"article\" \/>\n<meta property=\"og:title\" content=\"FIQUE DE OLHO: Valberto Lima &quot;\u00e9 homem de discurso \u00fanico, de m\u00e3o \u00fanica, s\u00f3 ele fala e o resto escuta&quot; (Renato Brand\u00e3o) - TRIBUNA DA PRAIA\" \/>\n<meta property=\"og:description\" content=\"Como quem tem &#8220;bola de cristal&#8221;, o ex-prefeito de Propri\u00e1, Renato Brand\u00e3o (sem partido) j\u00e1 previa que o ent\u00e3o pr\u00e9-candidato e agora candidato a prefeito do MDB, Valberto Lima n\u00e3o iria comparecer ao exitoso debate promovido pelo Cons\u00f3rcio de Comunicadores. &#8220;\u00c9 porque, de fato ele foge, ele \u00e9 inseguro, ele n\u00e3o aceita o debate, ele n\u00e3o aceita a discuss\u00e3o. Ele \u00e9 homem de discurso \u00fanico, de m\u00e3o \u00fanica, s\u00f3 ele\" \/>\n<meta property=\"og:url\" content=\"https:\/\/tribunadapraia.com.br\/?p=1940\" \/>\n<meta property=\"og:site_name\" content=\"TRIBUNA DA PRAIA\" \/>\n<meta property=\"article:publisher\" content=\"https:\/\/www.facebook.com\/tribunadapraiaonline\/\" \/>\n<meta property=\"article:published_time\" content=\"2020-11-01T15:37:47+00:00\" \/>\n<meta property=\"article:modified_time\" content=\"2021-10-24T01:28:44+00:00\" \/>\n<meta property=\"og:image\" content=\"https:\/\/tribunadapraia.com.br\/wp-content\/uploads\/2020\/11\/IMG-20201101-WA0045.jpg\" \/>\n\t<meta property=\"og:image:width\" content=\"720\" \/>\n\t<meta property=\"og:image:height\" content=\"612\" \/>\n<meta name=\"twitter:card\" content=\"summary_large_image\" \/>\n<meta name=\"twitter:creator\" content=\"@Claudomir21\" \/>\n<meta name=\"twitter:site\" content=\"@Claudomir21\" \/>\n<meta name=\"twitter:label1\" content=\"Est. tempo de leitura\">\n\t<meta name=\"twitter:data1\" content=\"1 minuto\">\n<script type=\"application\/ld+json\" class=\"yoast-schema-graph\">{\"@context\":\"https:\/\/schema.org\",\"@graph\":[{\"@type\":\"Organization\",\"@id\":\"https:\/\/tribunadapraia.com.br\/#organization\",\"name\":\"Tribuna da Praia\",\"url\":\"https:\/\/tribunadapraia.com.br\/\",\"sameAs\":[\"https:\/\/www.facebook.com\/tribunadapraiaonline\/\",\"https:\/\/www.instagram.com\/claudomirtavares\/\",\"https:\/\/www.youtube.com\/channel\/UCwQf80nxiMzCefAyjbp53Rw\",\"https:\/\/twitter.com\/Claudomir21\"],\"logo\":{\"@type\":\"ImageObject\",\"@id\":\"https:\/\/tribunadapraia.com.br\/#logo\",\"inLanguage\":\"pt-BR\",\"url\":\"https:\/\/tribunadapraia.com.br\/wp-content\/uploads\/2020\/02\/logo.png\",\"contentUrl\":\"https:\/\/tribunadapraia.com.br\/wp-content\/uploads\/2020\/02\/logo.png\",\"width\":501,\"height\":121,\"caption\":\"Tribuna da Praia\"},\"image\":{\"@id\":\"https:\/\/tribunadapraia.com.br\/#logo\"}},{\"@type\":\"WebSite\",\"@id\":\"https:\/\/tribunadapraia.com.br\/#website\",\"url\":\"https:\/\/tribunadapraia.com.br\/\",\"name\":\"TRIBUNA DA PRAIA\",\"description\":\"O 1\\u00ba jornal do interior de Sergipe na internet\",\"publisher\":{\"@id\":\"https:\/\/tribunadapraia.com.br\/#organization\"},\"potentialAction\":[{\"@type\":\"SearchAction\",\"target\":\"https:\/\/tribunadapraia.com.br\/?s={search_term_string}\",\"query-input\":\"required name=search_term_string\"}],\"inLanguage\":\"pt-BR\"},{\"@type\":\"ImageObject\",\"@id\":\"https:\/\/tribunadapraia.com.br\/?p=1940#primaryimage\",\"inLanguage\":\"pt-BR\",\"url\":\"https:\/\/tribunadapraia.com.br\/wp-content\/uploads\/2020\/11\/IMG-20201101-WA0045.jpg\",\"contentUrl\":\"https:\/\/tribunadapraia.com.br\/wp-content\/uploads\/2020\/11\/IMG-20201101-WA0045.jpg\",\"width\":720,\"height\":612},{\"@type\":\"WebPage\",\"@id\":\"https:\/\/tribunadapraia.com.br\/?p=1940#webpage\",\"url\":\"https:\/\/tribunadapraia.com.br\/?p=1940\",\"name\":\"FIQUE DE OLHO: Valberto Lima \\\"\\u00e9 homem de discurso \\u00fanico, de m\\u00e3o \\u00fanica, s\\u00f3 ele fala e o resto escuta\\\" (Renato Brand\\u00e3o) - TRIBUNA DA PRAIA\",\"isPartOf\":{\"@id\":\"https:\/\/tribunadapraia.com.br\/#website\"},\"primaryImageOfPage\":{\"@id\":\"https:\/\/tribunadapraia.com.br\/?p=1940#primaryimage\"},\"datePublished\":\"2020-11-01T15:37:47+00:00\",\"dateModified\":\"2021-10-24T01:28:44+00:00\",\"breadcrumb\":{\"@id\":\"https:\/\/tribunadapraia.com.br\/?p=1940#breadcrumb\"},\"inLanguage\":\"pt-BR\",\"potentialAction\":[{\"@type\":\"ReadAction\",\"target\":[\"https:\/\/tribunadapraia.com.br\/?p=1940\"]}]},{\"@type\":\"BreadcrumbList\",\"@id\":\"https:\/\/tribunadapraia.com.br\/?p=1940#breadcrumb\",\"itemListElement\":[{\"@type\":\"ListItem\",\"position\":1,\"item\":{\"@type\":\"WebPage\",\"@id\":\"https:\/\/tribunadapraia.com.br\/\",\"url\":\"https:\/\/tribunadapraia.com.br\/\",\"name\":\"In\\u00edcio\"}},{\"@type\":\"ListItem\",\"position\":2,\"item\":{\"@id\":\"https:\/\/tribunadapraia.com.br\/?p=1940#webpage\"}}]},{\"@type\":\"Article\",\"@id\":\"https:\/\/tribunadapraia.com.br\/?p=1940#article\",\"isPartOf\":{\"@id\":\"https:\/\/tribunadapraia.com.br\/?p=1940#webpage\"},\"author\":{\"@id\":\"https:\/\/tribunadapraia.com.br\/#\/schema\/person\/099fbbf59acc5895c0d7d52b4fc46c97\"},\"headline\":\"FIQUE DE OLHO: Valberto Lima &#8220;\\u00e9 homem de discurso \\u00fanico, de m\\u00e3o \\u00fanica, s\\u00f3 ele fala e o resto escuta&#8221; (Renato Brand\\u00e3o)\",\"datePublished\":\"2020-11-01T15:37:47+00:00\",\"dateModified\":\"2021-10-24T01:28:44+00:00\",\"mainEntityOfPage\":{\"@id\":\"https:\/\/tribunadapraia.com.br\/?p=1940#webpage\"},\"wordCount\":218,\"commentCount\":0,\"publisher\":{\"@id\":\"https:\/\/tribunadapraia.com.br\/#organization\"},\"image\":{\"@id\":\"https:\/\/tribunadapraia.com.br\/?p=1940#primaryimage\"},\"thumbnailUrl\":\"https:\/\/tribunadapraia.com.br\/wp-content\/uploads\/2020\/11\/IMG-20201101-WA0045.jpg\",\"articleSection\":[\"Not\\u00edcias\"],\"inLanguage\":\"pt-BR\",\"potentialAction\":[{\"@type\":\"CommentAction\",\"name\":\"Comment\",\"target\":[\"https:\/\/tribunadapraia.com.br\/?p=1940#respond\"]}]},{\"@type\":\"Person\",\"@id\":\"https:\/\/tribunadapraia.com.br\/#\/schema\/person\/099fbbf59acc5895c0d7d52b4fc46c97\",\"name\":\"Reda\\u00e7\\u00e3o\",\"image\":{\"@type\":\"ImageObject\",\"@id\":\"https:\/\/tribunadapraia.com.br\/#personlogo\",\"inLanguage\":\"pt-BR\",\"url\":\"https:\/\/secure.gravatar.com\/avatar\/91c8b91d2bfd7784eac5c3e055361f64?s=96&d=identicon&r=g\",\"contentUrl\":\"https:\/\/secure.gravatar.com\/avatar\/91c8b91d2bfd7784eac5c3e055361f64?s=96&d=identicon&r=g\",\"caption\":\"Reda\\u00e7\\u00e3o\"}}]}<\/script>\n<!-- \/ Yoast SEO plugin. -->","wps_subtitle":"","_links":{"self":[{"href":"https:\/\/tribunadapraia.com.br\/index.php?rest_route=\/wp\/v2\/posts\/1940"}],"collection":[{"href":"https:\/\/tribunadapraia.com.br\/index.php?rest_route=\/wp\/v2\/posts"}],"about":[{"href":"https:\/\/tribunadapraia.com.br\/index.php?rest_route=\/wp\/v2\/types\/post"}],"author":[{"embeddable":true,"href":"https:\/\/tribunadapraia.com.br\/index.php?rest_route=\/wp\/v2\/users\/3"}],"replies":[{"embeddable":true,"href":"https:\/\/tribunadapraia.com.br\/index.php?rest_route=%2Fwp%2Fv2%2Fcomments&post=1940"}],"version-history":[{"count":3,"href":"https:\/\/tribunadapraia.com.br\/index.php?rest_route=\/wp\/v2\/posts\/1940\/revisions"}],"predecessor-version":[{"id":3103,"href":"https:\/\/tribunadapraia.com.br\/index.php?rest_route=\/wp\/v2\/posts\/1940\/revisions\/3103"}],"wp:featuredmedia":[{"embeddable":true,"href":"https:\/\/tribunadapraia.com.br\/index.php?rest_route=\/wp\/v2\/media\/1941"}],"wp:attachment":[{"href":"https:\/\/tribunadapraia.com.br\/index.php?rest_route=%2Fwp%2Fv2%2Fmedia&parent=1940"}],"wp:term":[{"taxonomy":"category","embeddable":true,"href":"https:\/\/tribunadapraia.com.br\/index.php?rest_route=%2Fwp%2Fv2%2Fcategories&post=1940"},{"taxonomy":"post_tag","embeddable":true,"href":"https:\/\/tribunadapraia.com.br\/index.php?rest_route=%2Fwp%2Fv2%2Ftags&post=1940"}],"curies":[{"name":"wp","href":"https:\/\/api.w.org\/{rel}","templated":true}]}}