{"id":1935,"date":"2020-10-30T13:59:27","date_gmt":"2020-10-30T16:59:27","guid":{"rendered":"https:\/\/tribunadapraia.com.br\/?p=1935"},"modified":"2020-11-04T19:07:34","modified_gmt":"2020-11-04T22:07:34","slug":"eleicoes-2020-1-debate-com-os-prefeituraveis-em-pirambu-data-06-de-novembro-de-2020","status":"publish","type":"post","link":"https:\/\/tribunadapraia.com.br\/?p=1935","title":{"rendered":"ELEI\u00c7\u00d5ES 2020: 1\u00b0 Debate com os prefeitur\u00e1veis em Pirambu &#8211; Data: 06 de Novembro de 2020"},"content":{"rendered":"<p>REGRAS DO DEBATE<\/p>\n<p>Cap\u00edtulo I &#8211; Preliminares<\/p>\n<p>Art. 1\u00b0 O 1\u00b0 Debate da Rede Popular de Comunica\u00e7\u00e3o Alternativa de Sergipe (RPCA Sergupe) com os Candidatos a Prefeito de Pirambu, est\u00e1 previsto para acontecer em 06 de Novembro de 2020, \u00e0s 20 horas, no Plen\u00e1rio da C\u00e2mara de Vereadores.<\/p>\n<p>Art. 2\u00b0 O Debate contar\u00e1 com as presen\u00e7a dos cinco candidatos a prefeito definidos em conven\u00e7\u00f5es eleitorais, aqui dispostos em ordem alfab\u00e9tica: Cl\u00e9bio Gomes (PSD), Guilherme Melo (PSC), Niltinho Souza (MDB), S\u00edlvia Cruz (PSB) e Z\u00e9 Cl\u00e1udio (PSOL).<\/p>\n<p>Art. 3\u00b0 Os eleitores de Pirambu ir\u00e3o ter a oportunidade de acompanhar a realiza\u00e7\u00e3o de um debate entre os candidatos \u00e0 Prefeitura atrav\u00e9s da R\u00e1dio ATALAINHA e do jornal TRIBUNA DA PRAIA.<\/p>\n<p>Art. 4\u00b0 Ter\u00e3o acesso ao Plen\u00e1rio da C\u00e2mara de Vereadores os cinco candidatos, o mediador, cinco debatedores, o coordenador da RPCA Sergipe, al\u00e9m dos profissionais respons\u00e1veis pelo som e gera\u00e7\u00e3o da transmiss\u00e3o &#8230; e retransmiss\u00e3o prim\u00e1ria.<\/p>\n<p>Art. 5\u00b0 Ter\u00e3o acesso as galerias do Parlamento os candidatos ao cargo de vice-prefeito, um coordenador da campanha (assessor pol\u00edtico), um advogado, um cinegrafista, um fot\u00f3grafo e um jornalista\/respons\u00e1vel por redes sociais, n\u00e3o sendo na aus\u00eancia destes aceito substituir por outro de fun\u00e7\u00e3o diferente, devendo os nomes serem informados at\u00e9 \u00e0s 20 horas de quarta-feira, 04 de Novembro de 2020, anteced\u00eancia m\u00ednima de 48 horas.<\/p>\n<p>\u00a7 \u00danico: O acesso ao Plen\u00e1rio e \u00e0s galerias ser\u00e1 permitido at\u00e9 15 minutos antes do in\u00edcio do debate, ao final deste prazo as portas ser\u00e3o fechadas e passadas \u00e0s orienta\u00e7\u00f5es aos que estiverem no recinto.<\/p>\n<p>Cap\u00edtulo II &#8211; O debate<\/p>\n<p>Art. 6\u00b0 O debate ter\u00e1 cinco blocos que se completam e um tempo previsto de 2 horas de dura\u00e7\u00e3o, podendo ser encerrado antes ou se estender dentro da din\u00e2mica administr\u00e1vel.<\/p>\n<p>a) No Primeiro Bloco, cada candidato far\u00e1 sua sauda\u00e7\u00e3o inicial e responder\u00e1 a uma \u00fanica pergunta formulada pelo mediador: \u201cPor que deseja governar Pirambu?\u201d. Ter\u00e1 3 (tr\u00eas) minutos improrrog\u00e1veis.<\/p>\n<p>b) No Segundo Bloco, debatedores credenciados pela Rede Popular de Comunica\u00e7\u00e3o Alternativa de Sergipe far\u00e3o perguntas (em 1 minuto) a um candidato (3 minutos para resposta) que ser\u00e1 comentada por outro (em 2 minutos) com retorno ao candidato inicial (em 1 minutos).<\/p>\n<p>c) Nos Terceiro e Quarto Blocos est\u00e3o previstas perguntas (ping-pong) entre os pr\u00f3prios candidatos, com 1 (um) minuto para formular, 3 (tr\u00eas) minutos para resposta, 2 (dois) minutos para r\u00e9plica e 1 (um) minuto para tr\u00e9plica, sendo um com temas sorteados e outro com temas livres.<\/p>\n<p>d) No \u00daltimo Bloco, cada candidato far\u00e1 suas considera\u00e7\u00f5es conclusivas em 3 (tr\u00eas) minutos improrrog\u00e1veis.<\/p>\n<p>\u00a7 \u00danico: A ordem de quem formular\u00e1, responder\u00e1, comentar\u00e1, far\u00e1 a r\u00e9plica ser\u00e1 definida em sorteio, bem como a ordem de quem pergunta e responde nos blocos seguintes, dentro de um rod\u00edzio, de forma a contemplar a todos de forma equ\u00e2nime.<\/p>\n<p>Art. 7\u00b0 Entre os blocos, durante os intervalos cronometrados de 2 (dois) minutos, os candidatos podem dialogar com suas equipes, devendo estes retornarem para \u00e0s seus assentos ao som da vinheta.<\/p>\n<p>\u00a7 \u00danico: Ao t\u00e9rmino do tempo fixado e devidamente cronometrado, os microfones ser\u00e3o desligados, devendo os candidatos se atentarem para este detalhe.<\/p>\n<p>Art. 8\u00b0 Os candidatos n\u00e3o poder\u00e3o fazer uso de equipamentos eletr\u00f4nicos, tais como celulares, tablet&#8217;s, ipad&#8217;s, pontos, etc., sendo permitido apenas o uso de rel\u00f3gio de punho.<\/p>\n<p>Cap\u00edtulo III &#8211; Disposi\u00e7\u00f5es Finais e Transit\u00f3rias<\/p>\n<p>Art. 9\u00b0 Os casos omissos e ou que requerem re-interpreta\u00e7\u00f5es nestes termos, ser\u00e3o apreciados pela RPCA Sergipe, seguido de comunicado aos coordenadores das campanhas.<\/p>\n<p>Pirambu (SE), 30 de Outubro de 2020.<\/p>\n<p>ClaudOmir Tavares da Silva<br \/>\nCoordenador da RPCA Sergipe<\/p>\n","protected":false},"excerpt":{"rendered":"<p>REGRAS DO DEBATE Cap\u00edtulo I &#8211; Preliminares Art. 1\u00b0 O 1\u00b0 Debate da Rede Popular de Comunica\u00e7\u00e3o Alternativa de Sergipe (RPCA Sergupe) com os Candidatos a Prefeito de Pirambu, est\u00e1 previsto para acontecer em 06 de Novembro de 2020, \u00e0s 20 horas, no Plen\u00e1rio da C\u00e2mara de Vereadores. Art. 2\u00b0 O Debate contar\u00e1 com as presen\u00e7a dos cinco candidatos a prefeito definidos em conven\u00e7\u00f5es eleitorais, aqui dispostos em ordem alfab\u00e9tica:<\/p>\n","protected":false},"author":3,"featured_media":1936,"comment_status":"open","ping_status":"open","sticky":false,"template":"","format":"standard","meta":[],"categories":[18],"tags":[],"yoast_head":"<!-- This site is optimized with the Yoast SEO plugin v16.3 - https:\/\/yoast.com\/wordpress\/plugins\/seo\/ -->\n<title>ELEI\u00c7\u00d5ES 2020: 1\u00b0 Debate com os prefeitur\u00e1veis em Pirambu - Data: 06 de Novembro de 2020 - TRIBUNA DA PRAIA<\/title>\n<meta name=\"robots\" content=\"index, follow, max-snippet:-1, max-image-preview:large, max-video-preview:-1\" \/>\n<link rel=\"canonical\" href=\"https:\/\/tribunadapraia.com.br\/?p=1935\" \/>\n<meta property=\"og:locale\" content=\"pt_BR\" \/>\n<meta property=\"og:type\" content=\"article\" \/>\n<meta property=\"og:title\" content=\"ELEI\u00c7\u00d5ES 2020: 1\u00b0 Debate com os prefeitur\u00e1veis em Pirambu - Data: 06 de Novembro de 2020 - TRIBUNA DA PRAIA\" \/>\n<meta property=\"og:description\" content=\"REGRAS DO DEBATE Cap\u00edtulo I &#8211; Preliminares Art. 1\u00b0 O 1\u00b0 Debate da Rede Popular de Comunica\u00e7\u00e3o Alternativa de Sergipe (RPCA Sergupe) com os Candidatos a Prefeito de Pirambu, est\u00e1 previsto para acontecer em 06 de Novembro de 2020, \u00e0s 20 horas, no Plen\u00e1rio da C\u00e2mara de Vereadores. Art. 2\u00b0 O Debate contar\u00e1 com as presen\u00e7a dos cinco candidatos a prefeito definidos em conven\u00e7\u00f5es eleitorais, aqui dispostos em ordem alfab\u00e9tica:\" \/>\n<meta property=\"og:url\" content=\"https:\/\/tribunadapraia.com.br\/?p=1935\" \/>\n<meta property=\"og:site_name\" content=\"TRIBUNA DA PRAIA\" \/>\n<meta property=\"article:publisher\" content=\"https:\/\/www.facebook.com\/tribunadapraiaonline\/\" \/>\n<meta property=\"article:published_time\" content=\"2020-10-30T16:59:27+00:00\" \/>\n<meta property=\"article:modified_time\" content=\"2020-11-04T22:07:34+00:00\" \/>\n<meta property=\"og:image\" content=\"https:\/\/tribunadapraia.com.br\/wp-content\/uploads\/2020\/10\/IMG-20201030-WA0071.jpg\" \/>\n\t<meta property=\"og:image:width\" content=\"640\" \/>\n\t<meta property=\"og:image:height\" content=\"640\" \/>\n<meta name=\"twitter:card\" content=\"summary_large_image\" \/>\n<meta name=\"twitter:creator\" content=\"@Claudomir21\" \/>\n<meta name=\"twitter:site\" content=\"@Claudomir21\" \/>\n<meta name=\"twitter:label1\" content=\"Est. tempo de leitura\">\n\t<meta name=\"twitter:data1\" content=\"3 minutos\">\n<script type=\"application\/ld+json\" class=\"yoast-schema-graph\">{\"@context\":\"https:\/\/schema.org\",\"@graph\":[{\"@type\":\"Organization\",\"@id\":\"https:\/\/tribunadapraia.com.br\/#organization\",\"name\":\"Tribuna da Praia\",\"url\":\"https:\/\/tribunadapraia.com.br\/\",\"sameAs\":[\"https:\/\/www.facebook.com\/tribunadapraiaonline\/\",\"https:\/\/www.instagram.com\/claudomirtavares\/\",\"https:\/\/www.youtube.com\/channel\/UCwQf80nxiMzCefAyjbp53Rw\",\"https:\/\/twitter.com\/Claudomir21\"],\"logo\":{\"@type\":\"ImageObject\",\"@id\":\"https:\/\/tribunadapraia.com.br\/#logo\",\"inLanguage\":\"pt-BR\",\"url\":\"https:\/\/tribunadapraia.com.br\/wp-content\/uploads\/2020\/02\/logo.png\",\"contentUrl\":\"https:\/\/tribunadapraia.com.br\/wp-content\/uploads\/2020\/02\/logo.png\",\"width\":501,\"height\":121,\"caption\":\"Tribuna da Praia\"},\"image\":{\"@id\":\"https:\/\/tribunadapraia.com.br\/#logo\"}},{\"@type\":\"WebSite\",\"@id\":\"https:\/\/tribunadapraia.com.br\/#website\",\"url\":\"https:\/\/tribunadapraia.com.br\/\",\"name\":\"TRIBUNA DA PRAIA\",\"description\":\"O 1\\u00ba jornal do interior de Sergipe na internet\",\"publisher\":{\"@id\":\"https:\/\/tribunadapraia.com.br\/#organization\"},\"potentialAction\":[{\"@type\":\"SearchAction\",\"target\":\"https:\/\/tribunadapraia.com.br\/?s={search_term_string}\",\"query-input\":\"required name=search_term_string\"}],\"inLanguage\":\"pt-BR\"},{\"@type\":\"ImageObject\",\"@id\":\"https:\/\/tribunadapraia.com.br\/?p=1935#primaryimage\",\"inLanguage\":\"pt-BR\",\"url\":\"https:\/\/tribunadapraia.com.br\/wp-content\/uploads\/2020\/10\/IMG-20201030-WA0071.jpg\",\"contentUrl\":\"https:\/\/tribunadapraia.com.br\/wp-content\/uploads\/2020\/10\/IMG-20201030-WA0071.jpg\",\"width\":640,\"height\":640},{\"@type\":\"WebPage\",\"@id\":\"https:\/\/tribunadapraia.com.br\/?p=1935#webpage\",\"url\":\"https:\/\/tribunadapraia.com.br\/?p=1935\",\"name\":\"ELEI\\u00c7\\u00d5ES 2020: 1\\u00b0 Debate com os prefeitur\\u00e1veis em Pirambu - Data: 06 de Novembro de 2020 - TRIBUNA DA PRAIA\",\"isPartOf\":{\"@id\":\"https:\/\/tribunadapraia.com.br\/#website\"},\"primaryImageOfPage\":{\"@id\":\"https:\/\/tribunadapraia.com.br\/?p=1935#primaryimage\"},\"datePublished\":\"2020-10-30T16:59:27+00:00\",\"dateModified\":\"2020-11-04T22:07:34+00:00\",\"breadcrumb\":{\"@id\":\"https:\/\/tribunadapraia.com.br\/?p=1935#breadcrumb\"},\"inLanguage\":\"pt-BR\",\"potentialAction\":[{\"@type\":\"ReadAction\",\"target\":[\"https:\/\/tribunadapraia.com.br\/?p=1935\"]}]},{\"@type\":\"BreadcrumbList\",\"@id\":\"https:\/\/tribunadapraia.com.br\/?p=1935#breadcrumb\",\"itemListElement\":[{\"@type\":\"ListItem\",\"position\":1,\"item\":{\"@type\":\"WebPage\",\"@id\":\"https:\/\/tribunadapraia.com.br\/\",\"url\":\"https:\/\/tribunadapraia.com.br\/\",\"name\":\"In\\u00edcio\"}},{\"@type\":\"ListItem\",\"position\":2,\"item\":{\"@id\":\"https:\/\/tribunadapraia.com.br\/?p=1935#webpage\"}}]},{\"@type\":\"Article\",\"@id\":\"https:\/\/tribunadapraia.com.br\/?p=1935#article\",\"isPartOf\":{\"@id\":\"https:\/\/tribunadapraia.com.br\/?p=1935#webpage\"},\"author\":{\"@id\":\"https:\/\/tribunadapraia.com.br\/#\/schema\/person\/099fbbf59acc5895c0d7d52b4fc46c97\"},\"headline\":\"ELEI\\u00c7\\u00d5ES 2020: 1\\u00b0 Debate com os prefeitur\\u00e1veis em Pirambu &#8211; Data: 06 de Novembro de 2020\",\"datePublished\":\"2020-10-30T16:59:27+00:00\",\"dateModified\":\"2020-11-04T22:07:34+00:00\",\"mainEntityOfPage\":{\"@id\":\"https:\/\/tribunadapraia.com.br\/?p=1935#webpage\"},\"wordCount\":634,\"commentCount\":0,\"publisher\":{\"@id\":\"https:\/\/tribunadapraia.com.br\/#organization\"},\"image\":{\"@id\":\"https:\/\/tribunadapraia.com.br\/?p=1935#primaryimage\"},\"thumbnailUrl\":\"https:\/\/tribunadapraia.com.br\/wp-content\/uploads\/2020\/10\/IMG-20201030-WA0071.jpg\",\"articleSection\":[\"Not\\u00edcias\"],\"inLanguage\":\"pt-BR\",\"potentialAction\":[{\"@type\":\"CommentAction\",\"name\":\"Comment\",\"target\":[\"https:\/\/tribunadapraia.com.br\/?p=1935#respond\"]}]},{\"@type\":\"Person\",\"@id\":\"https:\/\/tribunadapraia.com.br\/#\/schema\/person\/099fbbf59acc5895c0d7d52b4fc46c97\",\"name\":\"Reda\\u00e7\\u00e3o\",\"image\":{\"@type\":\"ImageObject\",\"@id\":\"https:\/\/tribunadapraia.com.br\/#personlogo\",\"inLanguage\":\"pt-BR\",\"url\":\"https:\/\/secure.gravatar.com\/avatar\/91c8b91d2bfd7784eac5c3e055361f64?s=96&d=identicon&r=g\",\"contentUrl\":\"https:\/\/secure.gravatar.com\/avatar\/91c8b91d2bfd7784eac5c3e055361f64?s=96&d=identicon&r=g\",\"caption\":\"Reda\\u00e7\\u00e3o\"}}]}<\/script>\n<!-- \/ Yoast SEO plugin. -->","wps_subtitle":"","_links":{"self":[{"href":"https:\/\/tribunadapraia.com.br\/index.php?rest_route=\/wp\/v2\/posts\/1935"}],"collection":[{"href":"https:\/\/tribunadapraia.com.br\/index.php?rest_route=\/wp\/v2\/posts"}],"about":[{"href":"https:\/\/tribunadapraia.com.br\/index.php?rest_route=\/wp\/v2\/types\/post"}],"author":[{"embeddable":true,"href":"https:\/\/tribunadapraia.com.br\/index.php?rest_route=\/wp\/v2\/users\/3"}],"replies":[{"embeddable":true,"href":"https:\/\/tribunadapraia.com.br\/index.php?rest_route=%2Fwp%2Fv2%2Fcomments&post=1935"}],"version-history":[{"count":3,"href":"https:\/\/tribunadapraia.com.br\/index.php?rest_route=\/wp\/v2\/posts\/1935\/revisions"}],"predecessor-version":[{"id":1951,"href":"https:\/\/tribunadapraia.com.br\/index.php?rest_route=\/wp\/v2\/posts\/1935\/revisions\/1951"}],"wp:featuredmedia":[{"embeddable":true,"href":"https:\/\/tribunadapraia.com.br\/index.php?rest_route=\/wp\/v2\/media\/1936"}],"wp:attachment":[{"href":"https:\/\/tribunadapraia.com.br\/index.php?rest_route=%2Fwp%2Fv2%2Fmedia&parent=1935"}],"wp:term":[{"taxonomy":"category","embeddable":true,"href":"https:\/\/tribunadapraia.com.br\/index.php?rest_route=%2Fwp%2Fv2%2Fcategories&post=1935"},{"taxonomy":"post_tag","embeddable":true,"href":"https:\/\/tribunadapraia.com.br\/index.php?rest_route=%2Fwp%2Fv2%2Ftags&post=1935"}],"curies":[{"name":"wp","href":"https:\/\/api.w.org\/{rel}","templated":true}]}}