{"id":1932,"date":"2020-10-30T10:09:49","date_gmt":"2020-10-30T13:09:49","guid":{"rendered":"https:\/\/tribunadapraia.com.br\/?p=1932"},"modified":"2020-10-30T10:10:30","modified_gmt":"2020-10-30T13:10:30","slug":"dr-valberto-e-rafael-sandes-viraram-fenomeno-das-redes-sociais-de-propria","status":"publish","type":"post","link":"https:\/\/tribunadapraia.com.br\/?p=1932","title":{"rendered":"Dr Valberto e Rafael Sandes viraram fen\u00f4meno das Redes Sociais de Propri\u00e1"},"content":{"rendered":"<p>O novo fen\u00f4meno das redes sociais de Propri\u00e1, Dr Valberto (MDB) candidato a prefeito do munic\u00edpio e se vice Rafael Sandes bateram um novo recorde de p\u00fablico na sua quinta live que aconteceu na noite desta quinta-feira, 29.<\/p>\n<p>Com o tema: juventude, cultura, esporte e lazer os candidatos alcan\u00e7aram a impressionante marca de quase duas mil visualiza\u00e7\u00f5es simultaneamente. Esse n\u00famero impressiona ainda mais por se tratar de uma live de apresenta\u00e7\u00e3o de plano de governo nos moldes de um hor\u00e1rio pol\u00edtico e chama mais aten\u00e7\u00e3o a participa\u00e7\u00e3o ativa dos jovens do munic\u00edpio que enviaram suas perguntas e muitas mensagens de apoio a Dr Valberto e Rafael Sandes.<\/p>\n<p>Durante a live os candidatos falaram sobre suas propostas de governo para trazer mudan\u00e7as para cidade, como o maior incentivo aos esportes, gera\u00e7\u00e3o de emprego e renda para os jovens e a import\u00e2ncia da preserva\u00e7\u00e3o da cultura do munic\u00edpio.<\/p>\n<p>\u201cQueremos transformar Propri\u00e1 em um celeiro de jovens talentos no esporte. Acreditamos nesse setor como uma ferramenta fundamental para transforma\u00e7\u00e3o e inclus\u00e3o social queremos e vamos investir no esporte nas suas mais diversas modalidades, al\u00e9m do incentivo aos esportes radicais e n\u00e1uticos como uma forma tamb\u00e9m de atrair turistas\u201d, salientou Dr. Valberto durante a live.<\/p>\n<p>por Herieta Shuster | Assessoria de Comunica\u00e7\u00e3o<\/p>\n","protected":false},"excerpt":{"rendered":"<p>O novo fen\u00f4meno das redes sociais de Propri\u00e1, Dr Valberto (MDB) candidato a prefeito do munic\u00edpio e se vice Rafael Sandes bateram um novo recorde de p\u00fablico na sua quinta live que aconteceu na noite desta quinta-feira, 29. Com o tema: juventude, cultura, esporte e lazer os candidatos alcan\u00e7aram a impressionante marca de quase duas mil visualiza\u00e7\u00f5es simultaneamente. Esse n\u00famero impressiona ainda mais por se tratar de uma live de<\/p>\n","protected":false},"author":1,"featured_media":1933,"comment_status":"open","ping_status":"open","sticky":false,"template":"","format":"standard","meta":[],"categories":[18],"tags":[],"yoast_head":"<!-- This site is optimized with the Yoast SEO plugin v16.3 - https:\/\/yoast.com\/wordpress\/plugins\/seo\/ -->\n<title>Dr Valberto e Rafael Sandes viraram fen\u00f4meno das Redes Sociais de Propri\u00e1 - TRIBUNA DA PRAIA<\/title>\n<meta name=\"robots\" content=\"index, follow, max-snippet:-1, max-image-preview:large, max-video-preview:-1\" \/>\n<link rel=\"canonical\" href=\"https:\/\/tribunadapraia.com.br\/?p=1932\" \/>\n<meta property=\"og:locale\" content=\"pt_BR\" \/>\n<meta property=\"og:type\" content=\"article\" \/>\n<meta property=\"og:title\" content=\"Dr Valberto e Rafael Sandes viraram fen\u00f4meno das Redes Sociais de Propri\u00e1 - TRIBUNA DA PRAIA\" \/>\n<meta property=\"og:description\" content=\"O novo fen\u00f4meno das redes sociais de Propri\u00e1, Dr Valberto (MDB) candidato a prefeito do munic\u00edpio e se vice Rafael Sandes bateram um novo recorde de p\u00fablico na sua quinta live que aconteceu na noite desta quinta-feira, 29. Com o tema: juventude, cultura, esporte e lazer os candidatos alcan\u00e7aram a impressionante marca de quase duas mil visualiza\u00e7\u00f5es simultaneamente. Esse n\u00famero impressiona ainda mais por se tratar de uma live de\" \/>\n<meta property=\"og:url\" content=\"https:\/\/tribunadapraia.com.br\/?p=1932\" \/>\n<meta property=\"og:site_name\" content=\"TRIBUNA DA PRAIA\" \/>\n<meta property=\"article:publisher\" content=\"https:\/\/www.facebook.com\/tribunadapraiaonline\/\" \/>\n<meta property=\"article:published_time\" content=\"2020-10-30T13:09:49+00:00\" \/>\n<meta property=\"article:modified_time\" content=\"2020-10-30T13:10:30+00:00\" \/>\n<meta property=\"og:image\" content=\"https:\/\/tribunadapraia.com.br\/wp-content\/uploads\/2020\/10\/IMG-20201030-WA0031.jpg\" \/>\n\t<meta property=\"og:image:width\" content=\"540\" \/>\n\t<meta property=\"og:image:height\" content=\"431\" \/>\n<meta name=\"twitter:card\" content=\"summary_large_image\" \/>\n<meta name=\"twitter:creator\" content=\"@Claudomir21\" \/>\n<meta name=\"twitter:site\" content=\"@Claudomir21\" \/>\n<meta name=\"twitter:label1\" content=\"Est. tempo de leitura\">\n\t<meta name=\"twitter:data1\" content=\"1 minuto\">\n<script type=\"application\/ld+json\" class=\"yoast-schema-graph\">{\"@context\":\"https:\/\/schema.org\",\"@graph\":[{\"@type\":\"Organization\",\"@id\":\"https:\/\/tribunadapraia.com.br\/#organization\",\"name\":\"Tribuna da Praia\",\"url\":\"https:\/\/tribunadapraia.com.br\/\",\"sameAs\":[\"https:\/\/www.facebook.com\/tribunadapraiaonline\/\",\"https:\/\/www.instagram.com\/claudomirtavares\/\",\"https:\/\/www.youtube.com\/channel\/UCwQf80nxiMzCefAyjbp53Rw\",\"https:\/\/twitter.com\/Claudomir21\"],\"logo\":{\"@type\":\"ImageObject\",\"@id\":\"https:\/\/tribunadapraia.com.br\/#logo\",\"inLanguage\":\"pt-BR\",\"url\":\"https:\/\/tribunadapraia.com.br\/wp-content\/uploads\/2020\/02\/logo.png\",\"contentUrl\":\"https:\/\/tribunadapraia.com.br\/wp-content\/uploads\/2020\/02\/logo.png\",\"width\":501,\"height\":121,\"caption\":\"Tribuna da Praia\"},\"image\":{\"@id\":\"https:\/\/tribunadapraia.com.br\/#logo\"}},{\"@type\":\"WebSite\",\"@id\":\"https:\/\/tribunadapraia.com.br\/#website\",\"url\":\"https:\/\/tribunadapraia.com.br\/\",\"name\":\"TRIBUNA DA PRAIA\",\"description\":\"O 1\\u00ba jornal do interior de Sergipe na internet\",\"publisher\":{\"@id\":\"https:\/\/tribunadapraia.com.br\/#organization\"},\"potentialAction\":[{\"@type\":\"SearchAction\",\"target\":\"https:\/\/tribunadapraia.com.br\/?s={search_term_string}\",\"query-input\":\"required name=search_term_string\"}],\"inLanguage\":\"pt-BR\"},{\"@type\":\"ImageObject\",\"@id\":\"https:\/\/tribunadapraia.com.br\/?p=1932#primaryimage\",\"inLanguage\":\"pt-BR\",\"url\":\"https:\/\/tribunadapraia.com.br\/wp-content\/uploads\/2020\/10\/IMG-20201030-WA0031.jpg\",\"contentUrl\":\"https:\/\/tribunadapraia.com.br\/wp-content\/uploads\/2020\/10\/IMG-20201030-WA0031.jpg\",\"width\":540,\"height\":431},{\"@type\":\"WebPage\",\"@id\":\"https:\/\/tribunadapraia.com.br\/?p=1932#webpage\",\"url\":\"https:\/\/tribunadapraia.com.br\/?p=1932\",\"name\":\"Dr Valberto e Rafael Sandes viraram fen\\u00f4meno das Redes Sociais de Propri\\u00e1 - TRIBUNA DA PRAIA\",\"isPartOf\":{\"@id\":\"https:\/\/tribunadapraia.com.br\/#website\"},\"primaryImageOfPage\":{\"@id\":\"https:\/\/tribunadapraia.com.br\/?p=1932#primaryimage\"},\"datePublished\":\"2020-10-30T13:09:49+00:00\",\"dateModified\":\"2020-10-30T13:10:30+00:00\",\"breadcrumb\":{\"@id\":\"https:\/\/tribunadapraia.com.br\/?p=1932#breadcrumb\"},\"inLanguage\":\"pt-BR\",\"potentialAction\":[{\"@type\":\"ReadAction\",\"target\":[\"https:\/\/tribunadapraia.com.br\/?p=1932\"]}]},{\"@type\":\"BreadcrumbList\",\"@id\":\"https:\/\/tribunadapraia.com.br\/?p=1932#breadcrumb\",\"itemListElement\":[{\"@type\":\"ListItem\",\"position\":1,\"item\":{\"@type\":\"WebPage\",\"@id\":\"https:\/\/tribunadapraia.com.br\/\",\"url\":\"https:\/\/tribunadapraia.com.br\/\",\"name\":\"In\\u00edcio\"}},{\"@type\":\"ListItem\",\"position\":2,\"item\":{\"@id\":\"https:\/\/tribunadapraia.com.br\/?p=1932#webpage\"}}]},{\"@type\":\"Article\",\"@id\":\"https:\/\/tribunadapraia.com.br\/?p=1932#article\",\"isPartOf\":{\"@id\":\"https:\/\/tribunadapraia.com.br\/?p=1932#webpage\"},\"author\":{\"@id\":\"https:\/\/tribunadapraia.com.br\/#\/schema\/person\/326b0a9f3163b479142c64eba4928de0\"},\"headline\":\"Dr Valberto e Rafael Sandes viraram fen\\u00f4meno das Redes Sociais de Propri\\u00e1\",\"datePublished\":\"2020-10-30T13:09:49+00:00\",\"dateModified\":\"2020-10-30T13:10:30+00:00\",\"mainEntityOfPage\":{\"@id\":\"https:\/\/tribunadapraia.com.br\/?p=1932#webpage\"},\"wordCount\":242,\"commentCount\":0,\"publisher\":{\"@id\":\"https:\/\/tribunadapraia.com.br\/#organization\"},\"image\":{\"@id\":\"https:\/\/tribunadapraia.com.br\/?p=1932#primaryimage\"},\"thumbnailUrl\":\"https:\/\/tribunadapraia.com.br\/wp-content\/uploads\/2020\/10\/IMG-20201030-WA0031.jpg\",\"articleSection\":[\"Not\\u00edcias\"],\"inLanguage\":\"pt-BR\",\"potentialAction\":[{\"@type\":\"CommentAction\",\"name\":\"Comment\",\"target\":[\"https:\/\/tribunadapraia.com.br\/?p=1932#respond\"]}]},{\"@type\":\"Person\",\"@id\":\"https:\/\/tribunadapraia.com.br\/#\/schema\/person\/326b0a9f3163b479142c64eba4928de0\",\"name\":\"tribunadapraia\",\"image\":{\"@type\":\"ImageObject\",\"@id\":\"https:\/\/tribunadapraia.com.br\/#personlogo\",\"inLanguage\":\"pt-BR\",\"url\":\"https:\/\/secure.gravatar.com\/avatar\/38b019c74762496076b7355024a0dad9?s=96&d=identicon&r=g\",\"contentUrl\":\"https:\/\/secure.gravatar.com\/avatar\/38b019c74762496076b7355024a0dad9?s=96&d=identicon&r=g\",\"caption\":\"tribunadapraia\"}}]}<\/script>\n<!-- \/ Yoast SEO plugin. -->","wps_subtitle":"","_links":{"self":[{"href":"https:\/\/tribunadapraia.com.br\/index.php?rest_route=\/wp\/v2\/posts\/1932"}],"collection":[{"href":"https:\/\/tribunadapraia.com.br\/index.php?rest_route=\/wp\/v2\/posts"}],"about":[{"href":"https:\/\/tribunadapraia.com.br\/index.php?rest_route=\/wp\/v2\/types\/post"}],"author":[{"embeddable":true,"href":"https:\/\/tribunadapraia.com.br\/index.php?rest_route=\/wp\/v2\/users\/1"}],"replies":[{"embeddable":true,"href":"https:\/\/tribunadapraia.com.br\/index.php?rest_route=%2Fwp%2Fv2%2Fcomments&post=1932"}],"version-history":[{"count":1,"href":"https:\/\/tribunadapraia.com.br\/index.php?rest_route=\/wp\/v2\/posts\/1932\/revisions"}],"predecessor-version":[{"id":1934,"href":"https:\/\/tribunadapraia.com.br\/index.php?rest_route=\/wp\/v2\/posts\/1932\/revisions\/1934"}],"wp:featuredmedia":[{"embeddable":true,"href":"https:\/\/tribunadapraia.com.br\/index.php?rest_route=\/wp\/v2\/media\/1933"}],"wp:attachment":[{"href":"https:\/\/tribunadapraia.com.br\/index.php?rest_route=%2Fwp%2Fv2%2Fmedia&parent=1932"}],"wp:term":[{"taxonomy":"category","embeddable":true,"href":"https:\/\/tribunadapraia.com.br\/index.php?rest_route=%2Fwp%2Fv2%2Fcategories&post=1932"},{"taxonomy":"post_tag","embeddable":true,"href":"https:\/\/tribunadapraia.com.br\/index.php?rest_route=%2Fwp%2Fv2%2Ftags&post=1932"}],"curies":[{"name":"wp","href":"https:\/\/api.w.org\/{rel}","templated":true}]}}