{"id":1927,"date":"2020-10-28T13:50:23","date_gmt":"2020-10-28T16:50:23","guid":{"rendered":"https:\/\/tribunadapraia.com.br\/?p=1927"},"modified":"2020-10-28T13:57:59","modified_gmt":"2020-10-28T16:57:59","slug":"e-hoje-consorcio-de-comunicadores-de-propria-realiza-debate-com-candidatos-a-prefeito","status":"publish","type":"post","link":"https:\/\/tribunadapraia.com.br\/?p=1927","title":{"rendered":"\u00a0E HOJE: Cons\u00f3rcio de Comunicadores de Propri\u00e1 realiza Debate com candidatos a prefeito"},"content":{"rendered":"<p>O Plen\u00e1rio da C\u00e2mara de Vereadores ser\u00e1 o cen\u00e1rio do 1\u00b0 Debate com os candidatos a prefeito de Propri\u00e1, uma iniciativa do Cons\u00f3rcio de Comunicadores de Propri\u00e1, com obedi\u00eancia e devo\u00e7\u00e3o a legisla\u00e7\u00e3o eleitoral e pautado nos princ\u00edpios do c\u00f3digo de \u00e9tica dos profissionais da imprensa. Considerado hist\u00f3rico pela grandeza e alcance, j\u00e1 tem dimens\u00f5es e propor\u00e7\u00f5es consolidadas, com uma audi\u00eancia prevista para 17 mil ouvintes, sendo 12 mil deles em Propri\u00e1.<\/p>\n<p>Com regras elaboradas de forma consensuadas, em reuni\u00e3o da qual todas as representa\u00e7\u00f5es foram convidadas, os candidatos deveriam ter credenciado suas equipes para acompanh\u00e1-los, at\u00e9 \u00e0s 20 horas de segunda-feira, 26, mas o espa\u00e7o est\u00e1 assegurado ao candidato que comparecer at\u00e9 15 minutos antes do Debate, neste caso sem a presen\u00e7a da equipe n\u00e3o credenciada.<\/p>\n<p>Al\u00e9m de um pool de ve\u00edculos de comunica\u00e7\u00e3o convencionais (r\u00e1dios, jornais e portais), alternativos (web r\u00e1dios), e perfis consolidados (p\u00e1ginas e canais de diferentes plataformas), um &#8220;arsenal&#8221; de seguran\u00e7a (patrimonial, policial, tr\u00e2nsito e sanit\u00e1ria) est\u00e1 confirmado, uma vez que no espa\u00e7o estar\u00e3o aqueles que se prop\u00f5em administrar o munic\u00edpio pelos pr\u00f3ximos quatro anos, numa prova inequ\u00edvoca da isen\u00e7\u00e3o, isonomia e responsabilidade com que est\u00e1 sendo pensado, planejado e realizado este espa\u00e7o democr\u00e1tico para debater o futuro de Propri\u00e1.<\/p>\n<p>Aos membros do Cons\u00f3rcio t\u00eam sido feito questionamentos sobre quais candidato j\u00e1 confirmaram presen\u00e7a e por raz\u00f5es \u00e9ticas e em respeito aos mesmos, esta resposta n\u00e3o deve ser dada, cabendo aos candidatos declinar do desinteresse, o que em car\u00e1ter informal s\u00f3 o fizeram interlocutores do candidato Iokanaan Santana, sem informar os motivos, mas pedindo compreens\u00e3o, no que foi feito pelo Cons\u00f3rcio.<\/p>\n<p>Outro questionamento \u00e9 sobre a liga\u00e7\u00e3o pol\u00edtica dos membros do Cons\u00f3rcio, em n\u00famero limitado a 6, o que \u00e0 luz dos prop\u00f3sitos e objetivos do coletivo, n\u00e3o pedimos atestado de nenhum deles, apenas que permanecessem os que se julgassem isentos para integra-lo, condi\u00e7\u00e3o em que todos se enquadram. O Cons\u00f3rcio e um organismo colegiado sendo suas decis\u00f5es tomadas de forma coletiva, ainda que para efeito de Comunica\u00e7\u00e3o com \u00e0s institui\u00e7\u00f5es e candidatos, destacamos um dos nossos para faz\u00ea-lo.<\/p>\n<p>Ent\u00e3o fica o convite para logo mais \u00e0s 20 horas nos no dar a honra da audi\u00eancia:<\/p>\n<p>\u25a0 R\u00e1dios:<\/p>\n<p>&#8211; R\u00e1dio ATALAINHA<br \/>\n&#8211; R\u00e1dio CIDADE<br \/>\n&#8211; R\u00e1dio MUSICSOM<br \/>\n&#8211; R\u00e1dio POMONGA<br \/>\n&#8211; R\u00e1dio PROPRI\u00c1 FM<br \/>\n&#8211; R\u00e1dio SINTONIA<br \/>\n&#8211; R\u00e1dio XOD\u00d3 FM<br \/>\n&#8211; R\u00e1dio VOZ DO S\u00c3O FRANCISCO<\/p>\n<p>\u25a0 Jormais\/portais:<\/p>\n<p>&#8211; Folha de Sergipe<br \/>\n&#8211; Propri\u00e1 News<br \/>\n-Tribuna da Praia<\/p>\n<p>\u25a0 IInstagran:<\/p>\n<p>Tribuna de S\u00e3o Miguel<\/p>\n<p>\u25a0 FaceBook:<\/p>\n<p>&#8211; Propri\u00e1 como ela \u00e9 (p\u00e1gina).<br \/>\n&#8211; Propri\u00e1 como ela \u00e9 (grupo de not\u00edcias).<\/p>\n<p>\u25a0 E mais:<\/p>\n<p>&#8211; R\u00e1dio C\u00e2mara.<br \/>\n&#8211; TV C\u00e2mara.<\/p>\n<p>Cons\u00f3rcio de Comunicadores de Propri\u00e1<\/p>\n","protected":false},"excerpt":{"rendered":"<p>O Plen\u00e1rio da C\u00e2mara de Vereadores ser\u00e1 o cen\u00e1rio do 1\u00b0 Debate com os candidatos a prefeito de Propri\u00e1, uma iniciativa do Cons\u00f3rcio de Comunicadores de Propri\u00e1, com obedi\u00eancia e devo\u00e7\u00e3o a legisla\u00e7\u00e3o eleitoral e pautado nos princ\u00edpios do c\u00f3digo de \u00e9tica dos profissionais da imprensa. Considerado hist\u00f3rico pela grandeza e alcance, j\u00e1 tem dimens\u00f5es e propor\u00e7\u00f5es consolidadas, com uma audi\u00eancia prevista para 17 mil ouvintes, sendo 12 mil deles<\/p>\n","protected":false},"author":3,"featured_media":1931,"comment_status":"open","ping_status":"open","sticky":false,"template":"","format":"standard","meta":[],"categories":[18],"tags":[],"yoast_head":"<!-- This site is optimized with the Yoast SEO plugin v16.3 - https:\/\/yoast.com\/wordpress\/plugins\/seo\/ -->\n<title>\u00a0E HOJE: Cons\u00f3rcio de Comunicadores de Propri\u00e1 realiza Debate com candidatos a prefeito - TRIBUNA DA PRAIA<\/title>\n<meta name=\"robots\" content=\"index, follow, max-snippet:-1, max-image-preview:large, max-video-preview:-1\" \/>\n<link rel=\"canonical\" href=\"https:\/\/tribunadapraia.com.br\/?p=1927\" \/>\n<meta property=\"og:locale\" content=\"pt_BR\" \/>\n<meta property=\"og:type\" content=\"article\" \/>\n<meta property=\"og:title\" content=\"\u00a0E HOJE: Cons\u00f3rcio de Comunicadores de Propri\u00e1 realiza Debate com candidatos a prefeito - TRIBUNA DA PRAIA\" \/>\n<meta property=\"og:description\" content=\"O Plen\u00e1rio da C\u00e2mara de Vereadores ser\u00e1 o cen\u00e1rio do 1\u00b0 Debate com os candidatos a prefeito de Propri\u00e1, uma iniciativa do Cons\u00f3rcio de Comunicadores de Propri\u00e1, com obedi\u00eancia e devo\u00e7\u00e3o a legisla\u00e7\u00e3o eleitoral e pautado nos princ\u00edpios do c\u00f3digo de \u00e9tica dos profissionais da imprensa. Considerado hist\u00f3rico pela grandeza e alcance, j\u00e1 tem dimens\u00f5es e propor\u00e7\u00f5es consolidadas, com uma audi\u00eancia prevista para 17 mil ouvintes, sendo 12 mil deles\" \/>\n<meta property=\"og:url\" content=\"https:\/\/tribunadapraia.com.br\/?p=1927\" \/>\n<meta property=\"og:site_name\" content=\"TRIBUNA DA PRAIA\" \/>\n<meta property=\"article:publisher\" content=\"https:\/\/www.facebook.com\/tribunadapraiaonline\/\" \/>\n<meta property=\"article:published_time\" content=\"2020-10-28T16:50:23+00:00\" \/>\n<meta property=\"article:modified_time\" content=\"2020-10-28T16:57:59+00:00\" \/>\n<meta property=\"og:image\" content=\"https:\/\/tribunadapraia.com.br\/wp-content\/uploads\/2020\/10\/IMG-20201017-WA0032.jpg\" \/>\n\t<meta property=\"og:image:width\" content=\"552\" \/>\n\t<meta property=\"og:image:height\" content=\"391\" \/>\n<meta name=\"twitter:card\" content=\"summary_large_image\" \/>\n<meta name=\"twitter:creator\" content=\"@Claudomir21\" \/>\n<meta name=\"twitter:site\" content=\"@Claudomir21\" \/>\n<meta name=\"twitter:label1\" content=\"Est. tempo de leitura\">\n\t<meta name=\"twitter:data1\" content=\"3 minutos\">\n<script type=\"application\/ld+json\" class=\"yoast-schema-graph\">{\"@context\":\"https:\/\/schema.org\",\"@graph\":[{\"@type\":\"Organization\",\"@id\":\"https:\/\/tribunadapraia.com.br\/#organization\",\"name\":\"Tribuna da Praia\",\"url\":\"https:\/\/tribunadapraia.com.br\/\",\"sameAs\":[\"https:\/\/www.facebook.com\/tribunadapraiaonline\/\",\"https:\/\/www.instagram.com\/claudomirtavares\/\",\"https:\/\/www.youtube.com\/channel\/UCwQf80nxiMzCefAyjbp53Rw\",\"https:\/\/twitter.com\/Claudomir21\"],\"logo\":{\"@type\":\"ImageObject\",\"@id\":\"https:\/\/tribunadapraia.com.br\/#logo\",\"inLanguage\":\"pt-BR\",\"url\":\"https:\/\/tribunadapraia.com.br\/wp-content\/uploads\/2020\/02\/logo.png\",\"contentUrl\":\"https:\/\/tribunadapraia.com.br\/wp-content\/uploads\/2020\/02\/logo.png\",\"width\":501,\"height\":121,\"caption\":\"Tribuna da Praia\"},\"image\":{\"@id\":\"https:\/\/tribunadapraia.com.br\/#logo\"}},{\"@type\":\"WebSite\",\"@id\":\"https:\/\/tribunadapraia.com.br\/#website\",\"url\":\"https:\/\/tribunadapraia.com.br\/\",\"name\":\"TRIBUNA DA PRAIA\",\"description\":\"O 1\\u00ba jornal do interior de Sergipe na internet\",\"publisher\":{\"@id\":\"https:\/\/tribunadapraia.com.br\/#organization\"},\"potentialAction\":[{\"@type\":\"SearchAction\",\"target\":\"https:\/\/tribunadapraia.com.br\/?s={search_term_string}\",\"query-input\":\"required name=search_term_string\"}],\"inLanguage\":\"pt-BR\"},{\"@type\":\"ImageObject\",\"@id\":\"https:\/\/tribunadapraia.com.br\/?p=1927#primaryimage\",\"inLanguage\":\"pt-BR\",\"url\":\"https:\/\/tribunadapraia.com.br\/wp-content\/uploads\/2020\/10\/IMG-20201017-WA0032.jpg\",\"contentUrl\":\"https:\/\/tribunadapraia.com.br\/wp-content\/uploads\/2020\/10\/IMG-20201017-WA0032.jpg\",\"width\":552,\"height\":391},{\"@type\":\"WebPage\",\"@id\":\"https:\/\/tribunadapraia.com.br\/?p=1927#webpage\",\"url\":\"https:\/\/tribunadapraia.com.br\/?p=1927\",\"name\":\"\\u00a0E HOJE: Cons\\u00f3rcio de Comunicadores de Propri\\u00e1 realiza Debate com candidatos a prefeito - TRIBUNA DA PRAIA\",\"isPartOf\":{\"@id\":\"https:\/\/tribunadapraia.com.br\/#website\"},\"primaryImageOfPage\":{\"@id\":\"https:\/\/tribunadapraia.com.br\/?p=1927#primaryimage\"},\"datePublished\":\"2020-10-28T16:50:23+00:00\",\"dateModified\":\"2020-10-28T16:57:59+00:00\",\"breadcrumb\":{\"@id\":\"https:\/\/tribunadapraia.com.br\/?p=1927#breadcrumb\"},\"inLanguage\":\"pt-BR\",\"potentialAction\":[{\"@type\":\"ReadAction\",\"target\":[\"https:\/\/tribunadapraia.com.br\/?p=1927\"]}]},{\"@type\":\"BreadcrumbList\",\"@id\":\"https:\/\/tribunadapraia.com.br\/?p=1927#breadcrumb\",\"itemListElement\":[{\"@type\":\"ListItem\",\"position\":1,\"item\":{\"@type\":\"WebPage\",\"@id\":\"https:\/\/tribunadapraia.com.br\/\",\"url\":\"https:\/\/tribunadapraia.com.br\/\",\"name\":\"In\\u00edcio\"}},{\"@type\":\"ListItem\",\"position\":2,\"item\":{\"@id\":\"https:\/\/tribunadapraia.com.br\/?p=1927#webpage\"}}]},{\"@type\":\"Article\",\"@id\":\"https:\/\/tribunadapraia.com.br\/?p=1927#article\",\"isPartOf\":{\"@id\":\"https:\/\/tribunadapraia.com.br\/?p=1927#webpage\"},\"author\":{\"@id\":\"https:\/\/tribunadapraia.com.br\/#\/schema\/person\/099fbbf59acc5895c0d7d52b4fc46c97\"},\"headline\":\"\\u00a0E HOJE: Cons\\u00f3rcio de Comunicadores de Propri\\u00e1 realiza Debate com candidatos a prefeito\",\"datePublished\":\"2020-10-28T16:50:23+00:00\",\"dateModified\":\"2020-10-28T16:57:59+00:00\",\"mainEntityOfPage\":{\"@id\":\"https:\/\/tribunadapraia.com.br\/?p=1927#webpage\"},\"wordCount\":514,\"commentCount\":1,\"publisher\":{\"@id\":\"https:\/\/tribunadapraia.com.br\/#organization\"},\"image\":{\"@id\":\"https:\/\/tribunadapraia.com.br\/?p=1927#primaryimage\"},\"thumbnailUrl\":\"https:\/\/tribunadapraia.com.br\/wp-content\/uploads\/2020\/10\/IMG-20201017-WA0032.jpg\",\"articleSection\":[\"Not\\u00edcias\"],\"inLanguage\":\"pt-BR\",\"potentialAction\":[{\"@type\":\"CommentAction\",\"name\":\"Comment\",\"target\":[\"https:\/\/tribunadapraia.com.br\/?p=1927#respond\"]}]},{\"@type\":\"Person\",\"@id\":\"https:\/\/tribunadapraia.com.br\/#\/schema\/person\/099fbbf59acc5895c0d7d52b4fc46c97\",\"name\":\"Reda\\u00e7\\u00e3o\",\"image\":{\"@type\":\"ImageObject\",\"@id\":\"https:\/\/tribunadapraia.com.br\/#personlogo\",\"inLanguage\":\"pt-BR\",\"url\":\"https:\/\/secure.gravatar.com\/avatar\/91c8b91d2bfd7784eac5c3e055361f64?s=96&d=identicon&r=g\",\"contentUrl\":\"https:\/\/secure.gravatar.com\/avatar\/91c8b91d2bfd7784eac5c3e055361f64?s=96&d=identicon&r=g\",\"caption\":\"Reda\\u00e7\\u00e3o\"}}]}<\/script>\n<!-- \/ Yoast SEO plugin. -->","wps_subtitle":"","_links":{"self":[{"href":"https:\/\/tribunadapraia.com.br\/index.php?rest_route=\/wp\/v2\/posts\/1927"}],"collection":[{"href":"https:\/\/tribunadapraia.com.br\/index.php?rest_route=\/wp\/v2\/posts"}],"about":[{"href":"https:\/\/tribunadapraia.com.br\/index.php?rest_route=\/wp\/v2\/types\/post"}],"author":[{"embeddable":true,"href":"https:\/\/tribunadapraia.com.br\/index.php?rest_route=\/wp\/v2\/users\/3"}],"replies":[{"embeddable":true,"href":"https:\/\/tribunadapraia.com.br\/index.php?rest_route=%2Fwp%2Fv2%2Fcomments&post=1927"}],"version-history":[{"count":2,"href":"https:\/\/tribunadapraia.com.br\/index.php?rest_route=\/wp\/v2\/posts\/1927\/revisions"}],"predecessor-version":[{"id":1930,"href":"https:\/\/tribunadapraia.com.br\/index.php?rest_route=\/wp\/v2\/posts\/1927\/revisions\/1930"}],"wp:featuredmedia":[{"embeddable":true,"href":"https:\/\/tribunadapraia.com.br\/index.php?rest_route=\/wp\/v2\/media\/1931"}],"wp:attachment":[{"href":"https:\/\/tribunadapraia.com.br\/index.php?rest_route=%2Fwp%2Fv2%2Fmedia&parent=1927"}],"wp:term":[{"taxonomy":"category","embeddable":true,"href":"https:\/\/tribunadapraia.com.br\/index.php?rest_route=%2Fwp%2Fv2%2Fcategories&post=1927"},{"taxonomy":"post_tag","embeddable":true,"href":"https:\/\/tribunadapraia.com.br\/index.php?rest_route=%2Fwp%2Fv2%2Ftags&post=1927"}],"curies":[{"name":"wp","href":"https:\/\/api.w.org\/{rel}","templated":true}]}}