{"id":1925,"date":"2020-10-27T14:57:22","date_gmt":"2020-10-27T17:57:22","guid":{"rendered":"https:\/\/tribunadapraia.com.br\/?p=1925"},"modified":"2020-10-27T14:58:07","modified_gmt":"2020-10-27T17:58:07","slug":"anote-ai-agenda-dos-candidatos-a-prefeito-de-japaratuba","status":"publish","type":"post","link":"https:\/\/tribunadapraia.com.br\/?p=1925","title":{"rendered":"Anote a\u00ed: Agenda dos candidatos a prefeito de Japaratuba"},"content":{"rendered":"<p>Confira a agenda dos candidatos a prefeito de Japaratubs para esta ter\u00e7a-feira, 27 de Outubro de 2020:<\/p>\n<p>\u25a0 Lara Moura (PSC):<\/p>\n<p>19h00 &#8211; Bate papo no Conjunto ArthurvBispo do Ros\u00e1rio.<\/p>\n<p>\u25a0 Rio Brand\u00e3o (PT);<\/p>\n<p>08h00 &#8211; Corpo a corpo nas ruas Elv\u00e9rsio Campos<br \/>\n14h00 &#8211; Corpo a corpo na Rua Marechal Floriano Peixoto.<br \/>\n19h00 &#8211; Reuni\u00e3o p\u00fablica na Mirinduba.<\/p>\n<p>\u25a0 Paulo Afonso (Republicanos);<\/p>\n<p>&#8211; N\u00e3o enviou agenda.<\/p>\n<p>A agenda dos candidatos deve ser enviada at\u00e9 \u00e0s 22 horas do dia anterior pelo WathsApp (079) 999736883 ou pelo e-mail claudomir21@gmail.com<\/p>\n<p>por Reda\u00e7\u00e3o<\/p>\n","protected":false},"excerpt":{"rendered":"<p>Confira a agenda dos candidatos a prefeito de Japaratubs para esta ter\u00e7a-feira, 27 de Outubro de 2020: \u25a0 Lara Moura (PSC): 19h00 &#8211; Bate papo no Conjunto ArthurvBispo do Ros\u00e1rio. \u25a0 Rio Brand\u00e3o (PT); 08h00 &#8211; Corpo a corpo nas ruas Elv\u00e9rsio Campos 14h00 &#8211; Corpo a corpo na Rua Marechal Floriano Peixoto. 19h00 &#8211; Reuni\u00e3o p\u00fablica na Mirinduba. \u25a0 Paulo Afonso (Republicanos); &#8211; N\u00e3o enviou agenda. A agenda dos<\/p>\n","protected":false},"author":1,"featured_media":1907,"comment_status":"open","ping_status":"open","sticky":false,"template":"","format":"standard","meta":[],"categories":[18],"tags":[],"yoast_head":"<!-- This site is optimized with the Yoast SEO plugin v16.3 - https:\/\/yoast.com\/wordpress\/plugins\/seo\/ -->\n<title>Anote a\u00ed: Agenda dos candidatos a prefeito de Japaratuba - TRIBUNA DA PRAIA<\/title>\n<meta name=\"robots\" content=\"index, follow, max-snippet:-1, max-image-preview:large, max-video-preview:-1\" \/>\n<link rel=\"canonical\" href=\"https:\/\/tribunadapraia.com.br\/?p=1925\" \/>\n<meta property=\"og:locale\" content=\"pt_BR\" \/>\n<meta property=\"og:type\" content=\"article\" \/>\n<meta property=\"og:title\" content=\"Anote a\u00ed: Agenda dos candidatos a prefeito de Japaratuba - TRIBUNA DA PRAIA\" \/>\n<meta property=\"og:description\" content=\"Confira a agenda dos candidatos a prefeito de Japaratubs para esta ter\u00e7a-feira, 27 de Outubro de 2020: \u25a0 Lara Moura (PSC): 19h00 &#8211; Bate papo no Conjunto ArthurvBispo do Ros\u00e1rio. \u25a0 Rio Brand\u00e3o (PT); 08h00 &#8211; Corpo a corpo nas ruas Elv\u00e9rsio Campos 14h00 &#8211; Corpo a corpo na Rua Marechal Floriano Peixoto. 19h00 &#8211; Reuni\u00e3o p\u00fablica na Mirinduba. \u25a0 Paulo Afonso (Republicanos); &#8211; N\u00e3o enviou agenda. A agenda dos\" \/>\n<meta property=\"og:url\" content=\"https:\/\/tribunadapraia.com.br\/?p=1925\" \/>\n<meta property=\"og:site_name\" content=\"TRIBUNA DA PRAIA\" \/>\n<meta property=\"article:publisher\" content=\"https:\/\/www.facebook.com\/tribunadapraiaonline\/\" \/>\n<meta property=\"article:published_time\" content=\"2020-10-27T17:57:22+00:00\" \/>\n<meta property=\"article:modified_time\" content=\"2020-10-27T17:58:07+00:00\" \/>\n<meta property=\"og:image\" content=\"https:\/\/tribunadapraia.com.br\/wp-content\/uploads\/2020\/10\/IMG-20201026-WA0031.jpg\" \/>\n\t<meta property=\"og:image:width\" content=\"631\" \/>\n\t<meta property=\"og:image:height\" content=\"422\" \/>\n<meta name=\"twitter:card\" content=\"summary_large_image\" \/>\n<meta name=\"twitter:creator\" content=\"@Claudomir21\" \/>\n<meta name=\"twitter:site\" content=\"@Claudomir21\" \/>\n<script type=\"application\/ld+json\" class=\"yoast-schema-graph\">{\"@context\":\"https:\/\/schema.org\",\"@graph\":[{\"@type\":\"Organization\",\"@id\":\"https:\/\/tribunadapraia.com.br\/#organization\",\"name\":\"Tribuna da Praia\",\"url\":\"https:\/\/tribunadapraia.com.br\/\",\"sameAs\":[\"https:\/\/www.facebook.com\/tribunadapraiaonline\/\",\"https:\/\/www.instagram.com\/claudomirtavares\/\",\"https:\/\/www.youtube.com\/channel\/UCwQf80nxiMzCefAyjbp53Rw\",\"https:\/\/twitter.com\/Claudomir21\"],\"logo\":{\"@type\":\"ImageObject\",\"@id\":\"https:\/\/tribunadapraia.com.br\/#logo\",\"inLanguage\":\"pt-BR\",\"url\":\"https:\/\/tribunadapraia.com.br\/wp-content\/uploads\/2020\/02\/logo.png\",\"contentUrl\":\"https:\/\/tribunadapraia.com.br\/wp-content\/uploads\/2020\/02\/logo.png\",\"width\":501,\"height\":121,\"caption\":\"Tribuna da Praia\"},\"image\":{\"@id\":\"https:\/\/tribunadapraia.com.br\/#logo\"}},{\"@type\":\"WebSite\",\"@id\":\"https:\/\/tribunadapraia.com.br\/#website\",\"url\":\"https:\/\/tribunadapraia.com.br\/\",\"name\":\"TRIBUNA DA PRAIA\",\"description\":\"O 1\\u00ba jornal do interior de Sergipe na internet\",\"publisher\":{\"@id\":\"https:\/\/tribunadapraia.com.br\/#organization\"},\"potentialAction\":[{\"@type\":\"SearchAction\",\"target\":\"https:\/\/tribunadapraia.com.br\/?s={search_term_string}\",\"query-input\":\"required name=search_term_string\"}],\"inLanguage\":\"pt-BR\"},{\"@type\":\"ImageObject\",\"@id\":\"https:\/\/tribunadapraia.com.br\/?p=1925#primaryimage\",\"inLanguage\":\"pt-BR\",\"url\":\"https:\/\/tribunadapraia.com.br\/wp-content\/uploads\/2020\/10\/IMG-20201026-WA0031.jpg\",\"contentUrl\":\"https:\/\/tribunadapraia.com.br\/wp-content\/uploads\/2020\/10\/IMG-20201026-WA0031.jpg\",\"width\":631,\"height\":422},{\"@type\":\"WebPage\",\"@id\":\"https:\/\/tribunadapraia.com.br\/?p=1925#webpage\",\"url\":\"https:\/\/tribunadapraia.com.br\/?p=1925\",\"name\":\"Anote a\\u00ed: Agenda dos candidatos a prefeito de Japaratuba - TRIBUNA DA PRAIA\",\"isPartOf\":{\"@id\":\"https:\/\/tribunadapraia.com.br\/#website\"},\"primaryImageOfPage\":{\"@id\":\"https:\/\/tribunadapraia.com.br\/?p=1925#primaryimage\"},\"datePublished\":\"2020-10-27T17:57:22+00:00\",\"dateModified\":\"2020-10-27T17:58:07+00:00\",\"breadcrumb\":{\"@id\":\"https:\/\/tribunadapraia.com.br\/?p=1925#breadcrumb\"},\"inLanguage\":\"pt-BR\",\"potentialAction\":[{\"@type\":\"ReadAction\",\"target\":[\"https:\/\/tribunadapraia.com.br\/?p=1925\"]}]},{\"@type\":\"BreadcrumbList\",\"@id\":\"https:\/\/tribunadapraia.com.br\/?p=1925#breadcrumb\",\"itemListElement\":[{\"@type\":\"ListItem\",\"position\":1,\"item\":{\"@type\":\"WebPage\",\"@id\":\"https:\/\/tribunadapraia.com.br\/\",\"url\":\"https:\/\/tribunadapraia.com.br\/\",\"name\":\"In\\u00edcio\"}},{\"@type\":\"ListItem\",\"position\":2,\"item\":{\"@id\":\"https:\/\/tribunadapraia.com.br\/?p=1925#webpage\"}}]},{\"@type\":\"Article\",\"@id\":\"https:\/\/tribunadapraia.com.br\/?p=1925#article\",\"isPartOf\":{\"@id\":\"https:\/\/tribunadapraia.com.br\/?p=1925#webpage\"},\"author\":{\"@id\":\"https:\/\/tribunadapraia.com.br\/#\/schema\/person\/326b0a9f3163b479142c64eba4928de0\"},\"headline\":\"Anote a\\u00ed: Agenda dos candidatos a prefeito de Japaratuba\",\"datePublished\":\"2020-10-27T17:57:22+00:00\",\"dateModified\":\"2020-10-27T17:58:07+00:00\",\"mainEntityOfPage\":{\"@id\":\"https:\/\/tribunadapraia.com.br\/?p=1925#webpage\"},\"wordCount\":102,\"commentCount\":0,\"publisher\":{\"@id\":\"https:\/\/tribunadapraia.com.br\/#organization\"},\"image\":{\"@id\":\"https:\/\/tribunadapraia.com.br\/?p=1925#primaryimage\"},\"thumbnailUrl\":\"https:\/\/tribunadapraia.com.br\/wp-content\/uploads\/2020\/10\/IMG-20201026-WA0031.jpg\",\"articleSection\":[\"Not\\u00edcias\"],\"inLanguage\":\"pt-BR\",\"potentialAction\":[{\"@type\":\"CommentAction\",\"name\":\"Comment\",\"target\":[\"https:\/\/tribunadapraia.com.br\/?p=1925#respond\"]}]},{\"@type\":\"Person\",\"@id\":\"https:\/\/tribunadapraia.com.br\/#\/schema\/person\/326b0a9f3163b479142c64eba4928de0\",\"name\":\"tribunadapraia\",\"image\":{\"@type\":\"ImageObject\",\"@id\":\"https:\/\/tribunadapraia.com.br\/#personlogo\",\"inLanguage\":\"pt-BR\",\"url\":\"https:\/\/secure.gravatar.com\/avatar\/38b019c74762496076b7355024a0dad9?s=96&d=identicon&r=g\",\"contentUrl\":\"https:\/\/secure.gravatar.com\/avatar\/38b019c74762496076b7355024a0dad9?s=96&d=identicon&r=g\",\"caption\":\"tribunadapraia\"}}]}<\/script>\n<!-- \/ Yoast SEO plugin. -->","wps_subtitle":"","_links":{"self":[{"href":"https:\/\/tribunadapraia.com.br\/index.php?rest_route=\/wp\/v2\/posts\/1925"}],"collection":[{"href":"https:\/\/tribunadapraia.com.br\/index.php?rest_route=\/wp\/v2\/posts"}],"about":[{"href":"https:\/\/tribunadapraia.com.br\/index.php?rest_route=\/wp\/v2\/types\/post"}],"author":[{"embeddable":true,"href":"https:\/\/tribunadapraia.com.br\/index.php?rest_route=\/wp\/v2\/users\/1"}],"replies":[{"embeddable":true,"href":"https:\/\/tribunadapraia.com.br\/index.php?rest_route=%2Fwp%2Fv2%2Fcomments&post=1925"}],"version-history":[{"count":1,"href":"https:\/\/tribunadapraia.com.br\/index.php?rest_route=\/wp\/v2\/posts\/1925\/revisions"}],"predecessor-version":[{"id":1926,"href":"https:\/\/tribunadapraia.com.br\/index.php?rest_route=\/wp\/v2\/posts\/1925\/revisions\/1926"}],"wp:featuredmedia":[{"embeddable":true,"href":"https:\/\/tribunadapraia.com.br\/index.php?rest_route=\/wp\/v2\/media\/1907"}],"wp:attachment":[{"href":"https:\/\/tribunadapraia.com.br\/index.php?rest_route=%2Fwp%2Fv2%2Fmedia&parent=1925"}],"wp:term":[{"taxonomy":"category","embeddable":true,"href":"https:\/\/tribunadapraia.com.br\/index.php?rest_route=%2Fwp%2Fv2%2Fcategories&post=1925"},{"taxonomy":"post_tag","embeddable":true,"href":"https:\/\/tribunadapraia.com.br\/index.php?rest_route=%2Fwp%2Fv2%2Ftags&post=1925"}],"curies":[{"name":"wp","href":"https:\/\/api.w.org\/{rel}","templated":true}]}}