{"id":1921,"date":"2020-10-27T10:11:01","date_gmt":"2020-10-27T13:11:01","guid":{"rendered":"https:\/\/tribunadapraia.com.br\/?p=1921"},"modified":"2020-10-27T13:21:55","modified_gmt":"2020-10-27T16:21:55","slug":"iokanaan-santana-podera-desistir-para-apoiar-valberto-lima-e-impedir-retorno-de-luciano-nascimento","status":"publish","type":"post","link":"https:\/\/tribunadapraia.com.br\/?p=1921","title":{"rendered":"Iokanaan Santana poder\u00e1 desistir para apoiar Valberto Lima e impedir retorno de Luciano Nascimento?"},"content":{"rendered":"<p>Mesmo com a negativa p\u00fablica de setores ligados ao candidato situacionista Iokanaan Santana (PSB), h\u00e1 SIM uma incis\u00e3o articulada para que este venha a desistir enquanto \u00e9 tempo da disputa e venha a apoiar a candidatura de Valberto Lima (MDB), pois a racionalidade pol\u00edtica de estrategistas antev\u00eaem nessa possibilidade o \u00fanico caminho para barrar uma real possibilidade de retorno do que eles classificam como advers\u00e1rio em comum, o candidato Luciano Nascimento (DEM). Consultada sobre esta possibilidade, o staff de Ioka nega peremptoriamente, mas pondera que a divulga\u00e7\u00e3o de uma pesquisa oficial poder\u00e1 ser o term\u00f4metro para o fim das vaidades e esta uni\u00e3o de \u00e1gua e \u00f3leo se processar. Os detalhes ser\u00e3o revelados por ClaudOmir Herzog no programa Jornal Opar\u00e1 desta quinta-feira, 29, \u00e0s 7 da manh\u00e3 na Voz do S\u00e3o Francisco, a r\u00e1dio que canta Propri\u00e1 e encanta o Brasil.<\/p>\n<p>por Ant\u00f4nio Madeira<\/p>\n","protected":false},"excerpt":{"rendered":"<p>Mesmo com a negativa p\u00fablica de setores ligados ao candidato situacionista Iokanaan Santana (PSB), h\u00e1 SIM uma incis\u00e3o articulada para que este venha a desistir enquanto \u00e9 tempo da disputa e venha a apoiar a candidatura de Valberto Lima (MDB), pois a racionalidade pol\u00edtica de estrategistas antev\u00eaem nessa possibilidade o \u00fanico caminho para barrar uma real possibilidade de retorno do que eles classificam como advers\u00e1rio em comum, o candidato Luciano<\/p>\n","protected":false},"author":1,"featured_media":1026,"comment_status":"open","ping_status":"open","sticky":false,"template":"","format":"standard","meta":[],"categories":[18],"tags":[],"yoast_head":"<!-- This site is optimized with the Yoast SEO plugin v16.3 - https:\/\/yoast.com\/wordpress\/plugins\/seo\/ -->\n<title>Iokanaan Santana poder\u00e1 desistir para apoiar Valberto Lima e impedir retorno de Luciano Nascimento? - TRIBUNA DA PRAIA<\/title>\n<meta name=\"robots\" content=\"index, follow, max-snippet:-1, max-image-preview:large, max-video-preview:-1\" \/>\n<link rel=\"canonical\" href=\"https:\/\/tribunadapraia.com.br\/?p=1921\" \/>\n<meta property=\"og:locale\" content=\"pt_BR\" \/>\n<meta property=\"og:type\" content=\"article\" \/>\n<meta property=\"og:title\" content=\"Iokanaan Santana poder\u00e1 desistir para apoiar Valberto Lima e impedir retorno de Luciano Nascimento? - TRIBUNA DA PRAIA\" \/>\n<meta property=\"og:description\" content=\"Mesmo com a negativa p\u00fablica de setores ligados ao candidato situacionista Iokanaan Santana (PSB), h\u00e1 SIM uma incis\u00e3o articulada para que este venha a desistir enquanto \u00e9 tempo da disputa e venha a apoiar a candidatura de Valberto Lima (MDB), pois a racionalidade pol\u00edtica de estrategistas antev\u00eaem nessa possibilidade o \u00fanico caminho para barrar uma real possibilidade de retorno do que eles classificam como advers\u00e1rio em comum, o candidato Luciano\" \/>\n<meta property=\"og:url\" content=\"https:\/\/tribunadapraia.com.br\/?p=1921\" \/>\n<meta property=\"og:site_name\" content=\"TRIBUNA DA PRAIA\" \/>\n<meta property=\"article:publisher\" content=\"https:\/\/www.facebook.com\/tribunadapraiaonline\/\" \/>\n<meta property=\"article:published_time\" content=\"2020-10-27T13:11:01+00:00\" \/>\n<meta property=\"article:modified_time\" content=\"2020-10-27T16:21:55+00:00\" \/>\n<meta property=\"og:image\" content=\"https:\/\/tribunadapraia.com.br\/wp-content\/uploads\/2020\/04\/IMG-20200404-WA0077.jpg\" \/>\n\t<meta property=\"og:image:width\" content=\"200\" \/>\n\t<meta property=\"og:image:height\" content=\"195\" \/>\n<meta name=\"twitter:card\" content=\"summary_large_image\" \/>\n<meta name=\"twitter:creator\" content=\"@Claudomir21\" \/>\n<meta name=\"twitter:site\" content=\"@Claudomir21\" \/>\n<meta name=\"twitter:label1\" content=\"Est. tempo de leitura\">\n\t<meta name=\"twitter:data1\" content=\"1 minuto\">\n<script type=\"application\/ld+json\" class=\"yoast-schema-graph\">{\"@context\":\"https:\/\/schema.org\",\"@graph\":[{\"@type\":\"Organization\",\"@id\":\"https:\/\/tribunadapraia.com.br\/#organization\",\"name\":\"Tribuna da Praia\",\"url\":\"https:\/\/tribunadapraia.com.br\/\",\"sameAs\":[\"https:\/\/www.facebook.com\/tribunadapraiaonline\/\",\"https:\/\/www.instagram.com\/claudomirtavares\/\",\"https:\/\/www.youtube.com\/channel\/UCwQf80nxiMzCefAyjbp53Rw\",\"https:\/\/twitter.com\/Claudomir21\"],\"logo\":{\"@type\":\"ImageObject\",\"@id\":\"https:\/\/tribunadapraia.com.br\/#logo\",\"inLanguage\":\"pt-BR\",\"url\":\"https:\/\/tribunadapraia.com.br\/wp-content\/uploads\/2020\/02\/logo.png\",\"contentUrl\":\"https:\/\/tribunadapraia.com.br\/wp-content\/uploads\/2020\/02\/logo.png\",\"width\":501,\"height\":121,\"caption\":\"Tribuna da Praia\"},\"image\":{\"@id\":\"https:\/\/tribunadapraia.com.br\/#logo\"}},{\"@type\":\"WebSite\",\"@id\":\"https:\/\/tribunadapraia.com.br\/#website\",\"url\":\"https:\/\/tribunadapraia.com.br\/\",\"name\":\"TRIBUNA DA PRAIA\",\"description\":\"O 1\\u00ba jornal do interior de Sergipe na internet\",\"publisher\":{\"@id\":\"https:\/\/tribunadapraia.com.br\/#organization\"},\"potentialAction\":[{\"@type\":\"SearchAction\",\"target\":\"https:\/\/tribunadapraia.com.br\/?s={search_term_string}\",\"query-input\":\"required name=search_term_string\"}],\"inLanguage\":\"pt-BR\"},{\"@type\":\"ImageObject\",\"@id\":\"https:\/\/tribunadapraia.com.br\/?p=1921#primaryimage\",\"inLanguage\":\"pt-BR\",\"url\":\"https:\/\/tribunadapraia.com.br\/wp-content\/uploads\/2020\/04\/IMG-20200404-WA0077.jpg\",\"contentUrl\":\"https:\/\/tribunadapraia.com.br\/wp-content\/uploads\/2020\/04\/IMG-20200404-WA0077.jpg\",\"width\":200,\"height\":195},{\"@type\":\"WebPage\",\"@id\":\"https:\/\/tribunadapraia.com.br\/?p=1921#webpage\",\"url\":\"https:\/\/tribunadapraia.com.br\/?p=1921\",\"name\":\"Iokanaan Santana poder\\u00e1 desistir para apoiar Valberto Lima e impedir retorno de Luciano Nascimento? - TRIBUNA DA PRAIA\",\"isPartOf\":{\"@id\":\"https:\/\/tribunadapraia.com.br\/#website\"},\"primaryImageOfPage\":{\"@id\":\"https:\/\/tribunadapraia.com.br\/?p=1921#primaryimage\"},\"datePublished\":\"2020-10-27T13:11:01+00:00\",\"dateModified\":\"2020-10-27T16:21:55+00:00\",\"breadcrumb\":{\"@id\":\"https:\/\/tribunadapraia.com.br\/?p=1921#breadcrumb\"},\"inLanguage\":\"pt-BR\",\"potentialAction\":[{\"@type\":\"ReadAction\",\"target\":[\"https:\/\/tribunadapraia.com.br\/?p=1921\"]}]},{\"@type\":\"BreadcrumbList\",\"@id\":\"https:\/\/tribunadapraia.com.br\/?p=1921#breadcrumb\",\"itemListElement\":[{\"@type\":\"ListItem\",\"position\":1,\"item\":{\"@type\":\"WebPage\",\"@id\":\"https:\/\/tribunadapraia.com.br\/\",\"url\":\"https:\/\/tribunadapraia.com.br\/\",\"name\":\"In\\u00edcio\"}},{\"@type\":\"ListItem\",\"position\":2,\"item\":{\"@id\":\"https:\/\/tribunadapraia.com.br\/?p=1921#webpage\"}}]},{\"@type\":\"Article\",\"@id\":\"https:\/\/tribunadapraia.com.br\/?p=1921#article\",\"isPartOf\":{\"@id\":\"https:\/\/tribunadapraia.com.br\/?p=1921#webpage\"},\"author\":{\"@id\":\"https:\/\/tribunadapraia.com.br\/#\/schema\/person\/326b0a9f3163b479142c64eba4928de0\"},\"headline\":\"Iokanaan Santana poder\\u00e1 desistir para apoiar Valberto Lima e impedir retorno de Luciano Nascimento?\",\"datePublished\":\"2020-10-27T13:11:01+00:00\",\"dateModified\":\"2020-10-27T16:21:55+00:00\",\"mainEntityOfPage\":{\"@id\":\"https:\/\/tribunadapraia.com.br\/?p=1921#webpage\"},\"wordCount\":167,\"commentCount\":0,\"publisher\":{\"@id\":\"https:\/\/tribunadapraia.com.br\/#organization\"},\"image\":{\"@id\":\"https:\/\/tribunadapraia.com.br\/?p=1921#primaryimage\"},\"thumbnailUrl\":\"https:\/\/tribunadapraia.com.br\/wp-content\/uploads\/2020\/04\/IMG-20200404-WA0077.jpg\",\"articleSection\":[\"Not\\u00edcias\"],\"inLanguage\":\"pt-BR\",\"potentialAction\":[{\"@type\":\"CommentAction\",\"name\":\"Comment\",\"target\":[\"https:\/\/tribunadapraia.com.br\/?p=1921#respond\"]}]},{\"@type\":\"Person\",\"@id\":\"https:\/\/tribunadapraia.com.br\/#\/schema\/person\/326b0a9f3163b479142c64eba4928de0\",\"name\":\"tribunadapraia\",\"image\":{\"@type\":\"ImageObject\",\"@id\":\"https:\/\/tribunadapraia.com.br\/#personlogo\",\"inLanguage\":\"pt-BR\",\"url\":\"https:\/\/secure.gravatar.com\/avatar\/38b019c74762496076b7355024a0dad9?s=96&d=identicon&r=g\",\"contentUrl\":\"https:\/\/secure.gravatar.com\/avatar\/38b019c74762496076b7355024a0dad9?s=96&d=identicon&r=g\",\"caption\":\"tribunadapraia\"}}]}<\/script>\n<!-- \/ Yoast SEO plugin. -->","wps_subtitle":"","_links":{"self":[{"href":"https:\/\/tribunadapraia.com.br\/index.php?rest_route=\/wp\/v2\/posts\/1921"}],"collection":[{"href":"https:\/\/tribunadapraia.com.br\/index.php?rest_route=\/wp\/v2\/posts"}],"about":[{"href":"https:\/\/tribunadapraia.com.br\/index.php?rest_route=\/wp\/v2\/types\/post"}],"author":[{"embeddable":true,"href":"https:\/\/tribunadapraia.com.br\/index.php?rest_route=\/wp\/v2\/users\/1"}],"replies":[{"embeddable":true,"href":"https:\/\/tribunadapraia.com.br\/index.php?rest_route=%2Fwp%2Fv2%2Fcomments&post=1921"}],"version-history":[{"count":2,"href":"https:\/\/tribunadapraia.com.br\/index.php?rest_route=\/wp\/v2\/posts\/1921\/revisions"}],"predecessor-version":[{"id":1923,"href":"https:\/\/tribunadapraia.com.br\/index.php?rest_route=\/wp\/v2\/posts\/1921\/revisions\/1923"}],"wp:featuredmedia":[{"embeddable":true,"href":"https:\/\/tribunadapraia.com.br\/index.php?rest_route=\/wp\/v2\/media\/1026"}],"wp:attachment":[{"href":"https:\/\/tribunadapraia.com.br\/index.php?rest_route=%2Fwp%2Fv2%2Fmedia&parent=1921"}],"wp:term":[{"taxonomy":"category","embeddable":true,"href":"https:\/\/tribunadapraia.com.br\/index.php?rest_route=%2Fwp%2Fv2%2Fcategories&post=1921"},{"taxonomy":"post_tag","embeddable":true,"href":"https:\/\/tribunadapraia.com.br\/index.php?rest_route=%2Fwp%2Fv2%2Ftags&post=1921"}],"curies":[{"name":"wp","href":"https:\/\/api.w.org\/{rel}","templated":true}]}}