{"id":1912,"date":"2020-10-26T18:11:21","date_gmt":"2020-10-26T21:11:21","guid":{"rendered":"https:\/\/tribunadapraia.com.br\/?p=1912"},"modified":"2020-10-26T18:38:52","modified_gmt":"2020-10-26T21:38:52","slug":"sobre-duas-rodas-candidato-clebio-gomes-faz-campanha-eleitoral-pelas-ruas-de-pirambu","status":"publish","type":"post","link":"https:\/\/tribunadapraia.com.br\/?p=1912","title":{"rendered":"SOBRE DUAS RODAS CANDIDATO CLEBIO GOMES FAZ CAMPANHA ELEITORAL PELAS RUAS DE PIRAMBU"},"content":{"rendered":"<p>O candidato a Prefeito, Clebio Gomes (PSD), participou na manh\u00e3 deste domingo (25) de uma pedalada por alguns bairros de Pirambu. A ocasi\u00e3o contou com a presen\u00e7a de diversas lideran\u00e7as partid\u00e1rias, apoiadores e candidatos a vereador da coliga\u00e7\u00e3o Pirambu nas m\u00e3os do Povo. A pedalada durou pouco mais de uma hora, com o ritmo suave crian\u00e7as e idosos tamb\u00e9m puderam acompanhar a onda azul durante todo o percurso. O ponto de partida foi o comit\u00ea do povo na pra\u00e7a das Palmeiras.<\/p>\n<p><img loading=\"lazy\" src=\"https:\/\/tribunadapraia.com.br\/wp-content\/uploads\/2020\/10\/IMG-20201026-WA0023-300x200.jpg\" alt=\"\" width=\"300\" height=\"200\" \/><\/p>\n<p>A iniciativa foi com o objetivo de incentivar o p\u00fablico jovem a participar ainda mais das discuss\u00f5es pol\u00edticas da cidade, bem como o de alertar esses eleitores sobre a import\u00e2ncia do voto consciente. Na pedalada, que contou em sua maioria com o p\u00fablico jovem, durante todo o percurso propostas do plano de governo da turma cinquenta e cinco foram apresentadas.<\/p>\n<p>\u201cA participa\u00e7\u00e3o dos jovens na vida p\u00fablica \u00e9 um dos fatores que contribuem para fortalecer a democracia e aumentar a riqueza dos debates sobre os desafios e problemas que Pirambu tem. Pensando nisso, eu atendi a esse pedido da juventude de promover um momento gostoso como o que acabamos de ter, no qual toda a fam\u00edlia p\u00f4de participar\u201d. Disse o candidato.<br \/>\nClebio Gomes falou tamb\u00e9m sobre o triste epis\u00f3dio ocorrido no munic\u00edpio envolvendo crian\u00e7as. \u201c\u00c9 lament\u00e1vel a falta de responsabilidade com o que se conduziu o evento da juventude de um outro candidato. Crian\u00e7a tem que ser crian\u00e7a e n\u00e3o dan\u00e7ar na noite daquele jeito ao som de uma m\u00fasica que traz conte\u00fados explicitamente er\u00f3ticos. Isso \u00e9 muito grave\u201d. Desabafou o candidato.<\/p>\n<p>por Licia Moura, jornalista<\/p>\n","protected":false},"excerpt":{"rendered":"<p>O candidato a Prefeito, Clebio Gomes (PSD), participou na manh\u00e3 deste domingo (25) de uma pedalada por alguns bairros de Pirambu. A ocasi\u00e3o contou com a presen\u00e7a de diversas lideran\u00e7as partid\u00e1rias, apoiadores e candidatos a vereador da coliga\u00e7\u00e3o Pirambu nas m\u00e3os do Povo. A pedalada durou pouco mais de uma hora, com o ritmo suave crian\u00e7as e idosos tamb\u00e9m puderam acompanhar a onda azul durante todo o percurso. O ponto<\/p>\n","protected":false},"author":1,"featured_media":1913,"comment_status":"open","ping_status":"open","sticky":false,"template":"","format":"standard","meta":[],"categories":[18],"tags":[],"yoast_head":"<!-- This site is optimized with the Yoast SEO plugin v16.3 - https:\/\/yoast.com\/wordpress\/plugins\/seo\/ -->\n<title>SOBRE DUAS RODAS CANDIDATO CLEBIO GOMES FAZ CAMPANHA ELEITORAL PELAS RUAS DE PIRAMBU - TRIBUNA DA PRAIA<\/title>\n<meta name=\"robots\" content=\"index, follow, max-snippet:-1, max-image-preview:large, max-video-preview:-1\" \/>\n<link rel=\"canonical\" href=\"https:\/\/tribunadapraia.com.br\/?p=1912\" \/>\n<meta property=\"og:locale\" content=\"pt_BR\" \/>\n<meta property=\"og:type\" content=\"article\" \/>\n<meta property=\"og:title\" content=\"SOBRE DUAS RODAS CANDIDATO CLEBIO GOMES FAZ CAMPANHA ELEITORAL PELAS RUAS DE PIRAMBU - TRIBUNA DA PRAIA\" \/>\n<meta property=\"og:description\" content=\"O candidato a Prefeito, Clebio Gomes (PSD), participou na manh\u00e3 deste domingo (25) de uma pedalada por alguns bairros de Pirambu. A ocasi\u00e3o contou com a presen\u00e7a de diversas lideran\u00e7as partid\u00e1rias, apoiadores e candidatos a vereador da coliga\u00e7\u00e3o Pirambu nas m\u00e3os do Povo. A pedalada durou pouco mais de uma hora, com o ritmo suave crian\u00e7as e idosos tamb\u00e9m puderam acompanhar a onda azul durante todo o percurso. O ponto\" \/>\n<meta property=\"og:url\" content=\"https:\/\/tribunadapraia.com.br\/?p=1912\" \/>\n<meta property=\"og:site_name\" content=\"TRIBUNA DA PRAIA\" \/>\n<meta property=\"article:publisher\" content=\"https:\/\/www.facebook.com\/tribunadapraiaonline\/\" \/>\n<meta property=\"article:published_time\" content=\"2020-10-26T21:11:21+00:00\" \/>\n<meta property=\"article:modified_time\" content=\"2020-10-26T21:38:52+00:00\" \/>\n<meta property=\"og:image\" content=\"https:\/\/tribunadapraia.com.br\/wp-content\/uploads\/2020\/10\/IMG-20201026-WA0019.jpg\" \/>\n\t<meta property=\"og:image:width\" content=\"745\" \/>\n\t<meta property=\"og:image:height\" content=\"1024\" \/>\n<meta name=\"twitter:card\" content=\"summary_large_image\" \/>\n<meta name=\"twitter:creator\" content=\"@Claudomir21\" \/>\n<meta name=\"twitter:site\" content=\"@Claudomir21\" \/>\n<meta name=\"twitter:label1\" content=\"Est. tempo de leitura\">\n\t<meta name=\"twitter:data1\" content=\"1 minuto\">\n<script type=\"application\/ld+json\" class=\"yoast-schema-graph\">{\"@context\":\"https:\/\/schema.org\",\"@graph\":[{\"@type\":\"Organization\",\"@id\":\"https:\/\/tribunadapraia.com.br\/#organization\",\"name\":\"Tribuna da Praia\",\"url\":\"https:\/\/tribunadapraia.com.br\/\",\"sameAs\":[\"https:\/\/www.facebook.com\/tribunadapraiaonline\/\",\"https:\/\/www.instagram.com\/claudomirtavares\/\",\"https:\/\/www.youtube.com\/channel\/UCwQf80nxiMzCefAyjbp53Rw\",\"https:\/\/twitter.com\/Claudomir21\"],\"logo\":{\"@type\":\"ImageObject\",\"@id\":\"https:\/\/tribunadapraia.com.br\/#logo\",\"inLanguage\":\"pt-BR\",\"url\":\"https:\/\/tribunadapraia.com.br\/wp-content\/uploads\/2020\/02\/logo.png\",\"contentUrl\":\"https:\/\/tribunadapraia.com.br\/wp-content\/uploads\/2020\/02\/logo.png\",\"width\":501,\"height\":121,\"caption\":\"Tribuna da Praia\"},\"image\":{\"@id\":\"https:\/\/tribunadapraia.com.br\/#logo\"}},{\"@type\":\"WebSite\",\"@id\":\"https:\/\/tribunadapraia.com.br\/#website\",\"url\":\"https:\/\/tribunadapraia.com.br\/\",\"name\":\"TRIBUNA DA PRAIA\",\"description\":\"O 1\\u00ba jornal do interior de Sergipe na internet\",\"publisher\":{\"@id\":\"https:\/\/tribunadapraia.com.br\/#organization\"},\"potentialAction\":[{\"@type\":\"SearchAction\",\"target\":\"https:\/\/tribunadapraia.com.br\/?s={search_term_string}\",\"query-input\":\"required name=search_term_string\"}],\"inLanguage\":\"pt-BR\"},{\"@type\":\"ImageObject\",\"@id\":\"https:\/\/tribunadapraia.com.br\/?p=1912#primaryimage\",\"inLanguage\":\"pt-BR\",\"url\":\"https:\/\/tribunadapraia.com.br\/wp-content\/uploads\/2020\/10\/IMG-20201026-WA0019.jpg\",\"contentUrl\":\"https:\/\/tribunadapraia.com.br\/wp-content\/uploads\/2020\/10\/IMG-20201026-WA0019.jpg\",\"width\":745,\"height\":1024},{\"@type\":\"WebPage\",\"@id\":\"https:\/\/tribunadapraia.com.br\/?p=1912#webpage\",\"url\":\"https:\/\/tribunadapraia.com.br\/?p=1912\",\"name\":\"SOBRE DUAS RODAS CANDIDATO CLEBIO GOMES FAZ CAMPANHA ELEITORAL PELAS RUAS DE PIRAMBU - TRIBUNA DA PRAIA\",\"isPartOf\":{\"@id\":\"https:\/\/tribunadapraia.com.br\/#website\"},\"primaryImageOfPage\":{\"@id\":\"https:\/\/tribunadapraia.com.br\/?p=1912#primaryimage\"},\"datePublished\":\"2020-10-26T21:11:21+00:00\",\"dateModified\":\"2020-10-26T21:38:52+00:00\",\"breadcrumb\":{\"@id\":\"https:\/\/tribunadapraia.com.br\/?p=1912#breadcrumb\"},\"inLanguage\":\"pt-BR\",\"potentialAction\":[{\"@type\":\"ReadAction\",\"target\":[\"https:\/\/tribunadapraia.com.br\/?p=1912\"]}]},{\"@type\":\"BreadcrumbList\",\"@id\":\"https:\/\/tribunadapraia.com.br\/?p=1912#breadcrumb\",\"itemListElement\":[{\"@type\":\"ListItem\",\"position\":1,\"item\":{\"@type\":\"WebPage\",\"@id\":\"https:\/\/tribunadapraia.com.br\/\",\"url\":\"https:\/\/tribunadapraia.com.br\/\",\"name\":\"In\\u00edcio\"}},{\"@type\":\"ListItem\",\"position\":2,\"item\":{\"@id\":\"https:\/\/tribunadapraia.com.br\/?p=1912#webpage\"}}]},{\"@type\":\"Article\",\"@id\":\"https:\/\/tribunadapraia.com.br\/?p=1912#article\",\"isPartOf\":{\"@id\":\"https:\/\/tribunadapraia.com.br\/?p=1912#webpage\"},\"author\":{\"@id\":\"https:\/\/tribunadapraia.com.br\/#\/schema\/person\/326b0a9f3163b479142c64eba4928de0\"},\"headline\":\"SOBRE DUAS RODAS CANDIDATO CLEBIO GOMES FAZ CAMPANHA ELEITORAL PELAS RUAS DE PIRAMBU\",\"datePublished\":\"2020-10-26T21:11:21+00:00\",\"dateModified\":\"2020-10-26T21:38:52+00:00\",\"mainEntityOfPage\":{\"@id\":\"https:\/\/tribunadapraia.com.br\/?p=1912#webpage\"},\"wordCount\":306,\"commentCount\":0,\"publisher\":{\"@id\":\"https:\/\/tribunadapraia.com.br\/#organization\"},\"image\":{\"@id\":\"https:\/\/tribunadapraia.com.br\/?p=1912#primaryimage\"},\"thumbnailUrl\":\"https:\/\/tribunadapraia.com.br\/wp-content\/uploads\/2020\/10\/IMG-20201026-WA0019.jpg\",\"articleSection\":[\"Not\\u00edcias\"],\"inLanguage\":\"pt-BR\",\"potentialAction\":[{\"@type\":\"CommentAction\",\"name\":\"Comment\",\"target\":[\"https:\/\/tribunadapraia.com.br\/?p=1912#respond\"]}]},{\"@type\":\"Person\",\"@id\":\"https:\/\/tribunadapraia.com.br\/#\/schema\/person\/326b0a9f3163b479142c64eba4928de0\",\"name\":\"tribunadapraia\",\"image\":{\"@type\":\"ImageObject\",\"@id\":\"https:\/\/tribunadapraia.com.br\/#personlogo\",\"inLanguage\":\"pt-BR\",\"url\":\"https:\/\/secure.gravatar.com\/avatar\/38b019c74762496076b7355024a0dad9?s=96&d=identicon&r=g\",\"contentUrl\":\"https:\/\/secure.gravatar.com\/avatar\/38b019c74762496076b7355024a0dad9?s=96&d=identicon&r=g\",\"caption\":\"tribunadapraia\"}}]}<\/script>\n<!-- \/ Yoast SEO plugin. -->","wps_subtitle":"","_links":{"self":[{"href":"https:\/\/tribunadapraia.com.br\/index.php?rest_route=\/wp\/v2\/posts\/1912"}],"collection":[{"href":"https:\/\/tribunadapraia.com.br\/index.php?rest_route=\/wp\/v2\/posts"}],"about":[{"href":"https:\/\/tribunadapraia.com.br\/index.php?rest_route=\/wp\/v2\/types\/post"}],"author":[{"embeddable":true,"href":"https:\/\/tribunadapraia.com.br\/index.php?rest_route=\/wp\/v2\/users\/1"}],"replies":[{"embeddable":true,"href":"https:\/\/tribunadapraia.com.br\/index.php?rest_route=%2Fwp%2Fv2%2Fcomments&post=1912"}],"version-history":[{"count":4,"href":"https:\/\/tribunadapraia.com.br\/index.php?rest_route=\/wp\/v2\/posts\/1912\/revisions"}],"predecessor-version":[{"id":1918,"href":"https:\/\/tribunadapraia.com.br\/index.php?rest_route=\/wp\/v2\/posts\/1912\/revisions\/1918"}],"wp:featuredmedia":[{"embeddable":true,"href":"https:\/\/tribunadapraia.com.br\/index.php?rest_route=\/wp\/v2\/media\/1913"}],"wp:attachment":[{"href":"https:\/\/tribunadapraia.com.br\/index.php?rest_route=%2Fwp%2Fv2%2Fmedia&parent=1912"}],"wp:term":[{"taxonomy":"category","embeddable":true,"href":"https:\/\/tribunadapraia.com.br\/index.php?rest_route=%2Fwp%2Fv2%2Fcategories&post=1912"},{"taxonomy":"post_tag","embeddable":true,"href":"https:\/\/tribunadapraia.com.br\/index.php?rest_route=%2Fwp%2Fv2%2Ftags&post=1912"}],"curies":[{"name":"wp","href":"https:\/\/api.w.org\/{rel}","templated":true}]}}