{"id":1892,"date":"2020-10-25T20:36:22","date_gmt":"2020-10-25T23:36:22","guid":{"rendered":"https:\/\/tribunadapraia.com.br\/?p=1892"},"modified":"2020-10-25T21:21:20","modified_gmt":"2020-10-26T00:21:20","slug":"racismo-estrutural-mostra-suas-garras-apos-manifestacao-da-negritude-de-pirambu","status":"publish","type":"post","link":"https:\/\/tribunadapraia.com.br\/?p=1892","title":{"rendered":"Racismo estrutural mostra suas garras ap\u00f3s manifesta\u00e7\u00e3o da negritude de Pirambu"},"content":{"rendered":"<p>Neste s\u00e1bado (24), o munic\u00edpio de Pirambu, localizado a 30 km da capital sergipana, foi palco da maior manifesta\u00e7\u00e3o da juventude que a cidade j\u00e1 presenciou. Os jovens organizaram o primeiro torneiro de brega-funk do Estado.<\/p>\n<p>Movimentos desse tipo t\u00eam crescido em todo o Nordeste, desde a pujan\u00e7a do ritmo brega-funk ao n\u00edvel nacional, mas aqui em Sergipe a iniciativa da juventude sofreu severas retalia\u00e7\u00f5es na internet. O assunto virou at\u00e9 caso de pol\u00edcia, quando um perfil policial do Instagram reportou o ocorrido como crime e ainda informou que provocaria o Minist\u00e9rio P\u00fablico Estadual (MPE) e Conselho Tutelar para intervir no caso, incitando a revolta dos internautas, sem abrir espa\u00e7o para explica\u00e7\u00f5es do outro lado.<\/p>\n<p>Ao ver seus filhos nas p\u00e1ginas policiais, os pais procuraram a \u201cTribuna da Praia\u201d a fim de requerer o direito de resposta negado pelos paladinos da moral e dos bons costumes da internet.<\/p>\n<div style=\"width: 480px;\" class=\"wp-video\"><!--[if lt IE 9]><script>document.createElement('video');<\/script><![endif]-->\n<video class=\"wp-video-shortcode\" id=\"video-1892-1\" width=\"480\" height=\"848\" preload=\"metadata\" controls=\"controls\"><source type=\"video\/mp4\" src=\"https:\/\/tribunadapraia.com.br\/wp-content\/uploads\/2020\/10\/VID-20201025-WA0190.mp4?_=1\" \/><a href=\"https:\/\/tribunadapraia.com.br\/wp-content\/uploads\/2020\/10\/VID-20201025-WA0190.mp4\">https:\/\/tribunadapraia.com.br\/wp-content\/uploads\/2020\/10\/VID-20201025-WA0190.mp4<\/a><\/video><\/div>\n<p>Apresenta\u00e7\u00e3o da campe\u00e3 da batalha Brega-Funk<\/p>\n<p>A dona de casa, Margareth Lima Alves, diz que ficou chocada ao receber informa\u00e7\u00f5es de que fora recriminada por ter permitido a participa\u00e7\u00e3o da sua filha no evento. \u201cEu n\u00e3o vi nada demais. Esse movimento est\u00e1 ocorrendo em todo canto do Brasil, mas agora querem me transformar em criminosa para tirar proveito pol\u00edtico\u201d, disse.<\/p>\n<p><img loading=\"lazy\" class=\"alignnone size-medium wp-image-1894\" src=\"https:\/\/tribunadapraia.com.br\/wp-content\/uploads\/2020\/10\/IMG-20201025-WA0187-1-300x169.jpg\" alt=\"\" width=\"300\" height=\"169\" srcset=\"https:\/\/tribunadapraia.com.br\/wp-content\/uploads\/2020\/10\/IMG-20201025-WA0187-1-300x169.jpg 300w, https:\/\/tribunadapraia.com.br\/wp-content\/uploads\/2020\/10\/IMG-20201025-WA0187-1-1024x576.jpg 1024w, https:\/\/tribunadapraia.com.br\/wp-content\/uploads\/2020\/10\/IMG-20201025-WA0187-1-768x432.jpg 768w, https:\/\/tribunadapraia.com.br\/wp-content\/uploads\/2020\/10\/IMG-20201025-WA0187-1.jpg 1280w\" sizes=\"(max-width: 300px) 100vw, 300px\" \/><\/p>\n<p>Dona de casa, Margareth Lima Alves<\/p>\n<p>J\u00e1 Jamile Silva, m\u00e3e de uma das crian\u00e7as que estava no palco, relatou que \u201cquando acabou o evento, minha filha subiu no palco para brincar com os amiguinhos e eu permiti. N\u00e3o vejo maldade nisso. Achei at\u00e9 muito fofo. Agora o desrespeito \u00e9 usar a imagem dela sem autoriza\u00e7\u00e3o de forma pejorativa\u201d.<\/p>\n<p>O brega-funk se encontra, hoje, entre os ritmos musicais mais escutados do Brasil. Mais do que m\u00fasica, ele \u00e9 o som de resist\u00eancia dos artistas negros e perif\u00e9ricos da regi\u00e3o Nordeste. A repres\u00e1lia sofrida neste final de semana em Sergipe remete diretamente ao racismo estrutural que assombra outros ritmos e manifesta\u00e7\u00f5es culturais que brotam na periferia e s\u00e3o abra\u00e7ados pela negritude, tais como o funk, o RAP e o candombl\u00e9.<\/p>\n<p>De acordo com o professor, Fernando Israel Fontanella, especialista em cultura digital e cultura pop, em estudo publicado no Reposit\u00f3rio Digital da Universidade Federal de Pernambuco, a condena\u00e7\u00e3o do brega na verdade est\u00e1 ligada a uma resist\u00eancia ao deslocamento de subalternos que tentam sair do lugar que lhes \u00e9 definido pela hegemonia do gosto.<\/p>\n<p>\u25a0 Pronunciamento da organiza\u00e7\u00e3o<\/p>\n<p>O dan\u00e7arino Davidisson Bispo (Dinho), idealizador do evento \u201cBatalha Brega-Funk\u201d, entendeu as cr\u00edticas da internet como mais um exemplo, do que ele chamou de \u201cgarras do racismo estrutural\u201d em Pirambu. \u201cN\u00e3o \u00e9 novidade atos como esse que fizemos acabarem se tornando caso de pol\u00edcia. Na maioria das vezes fica o saldo tr\u00e1gico para centenas de vidas pretas, jovens e pobres. A repress\u00e3o moral que sofremos na internet foi t\u00e3o violenta quanto aquelas batidas policiais nas festas de favela que a gente v\u00ea na TV.\u201d, lamenta.<\/p>\n<p><img loading=\"lazy\" class=\"alignnone size-medium wp-image-1895\" src=\"https:\/\/tribunadapraia.com.br\/wp-content\/uploads\/2020\/10\/IMG-20201025-WA0189-300x169.jpg\" alt=\"\" width=\"300\" height=\"169\" srcset=\"https:\/\/tribunadapraia.com.br\/wp-content\/uploads\/2020\/10\/IMG-20201025-WA0189-300x169.jpg 300w, https:\/\/tribunadapraia.com.br\/wp-content\/uploads\/2020\/10\/IMG-20201025-WA0189-1024x576.jpg 1024w, https:\/\/tribunadapraia.com.br\/wp-content\/uploads\/2020\/10\/IMG-20201025-WA0189-768x432.jpg 768w, https:\/\/tribunadapraia.com.br\/wp-content\/uploads\/2020\/10\/IMG-20201025-WA0189.jpg 1280w\" sizes=\"(max-width: 300px) 100vw, 300px\" \/><\/p>\n<p>Davidisson Bispo (Dinho), dan\u00e7arino e idealizador do evento \u201cBatalha Brega-Funk\u201d.<\/p>\n<p>O artista esclareceu ainda que o torneio foi um evento p\u00fablico, ocorrido no in\u00edcio da noite de s\u00e1bado e direcionado \u00e0 juventude de Pirambu. As fam\u00edlias aderiram ao movimento de forma espont\u00e2nea, levando as crian\u00e7as at\u00e9 l\u00e1.<\/p>\n<p>\u201cA sociedade branca tenta de toda forma nos pregar como marginais e criminosos, quando estamos simplesmente sendo o que somos em um momento de lazer: jovens e pretos. Nenhum pai ou m\u00e3e presente agiu com irresponsabilidade e nenhum de n\u00f3s enxergamos aquelas crian\u00e7as pretas da forma como abordaram. A maldade est\u00e1 no cora\u00e7\u00e3o dessas pessoas que foram l\u00e1 nos hostilizar na internet\u201d, declara.<\/p>\n<p>\u25a0 Nota da coordena\u00e7\u00e3o de campanha da coliga\u00e7\u00e3o \u201cPirambu no Cora\u00e7\u00e3o da Gente\u201d<\/p>\n<p>A coordena\u00e7\u00e3o de campanha \u201cPirambu no Cora\u00e7\u00e3o da Gente\u201d esclarece que n\u00e3o foi respons\u00e1vel pela organiza\u00e7\u00e3o do evento. De acordo com eles, os atos do \u00faltimo s\u00e1bado brotaram do \u00e2mago da juventude e foram organizados por eles pr\u00f3prios. No entanto, a coordena\u00e7\u00e3o concedeu o apoio na divulga\u00e7\u00e3o e cobertura audiovisual do evento; declarou ainda que n\u00e3o abrir\u00e1 m\u00e3o de continuar prestando suporte aos jovens e aos eventos de manifesta\u00e7\u00f5es culturais leg\u00edtimas independente do vi\u00e9s religioso, de g\u00eanero ou ra\u00e7a.<\/p>\n<p><img loading=\"lazy\" class=\"alignnone size-medium wp-image-1896\" src=\"https:\/\/tribunadapraia.com.br\/wp-content\/uploads\/2020\/10\/IMG-20201025-WA0188-300x169.jpg\" alt=\"\" width=\"300\" height=\"169\" srcset=\"https:\/\/tribunadapraia.com.br\/wp-content\/uploads\/2020\/10\/IMG-20201025-WA0188-300x169.jpg 300w, https:\/\/tribunadapraia.com.br\/wp-content\/uploads\/2020\/10\/IMG-20201025-WA0188-1024x576.jpg 1024w, https:\/\/tribunadapraia.com.br\/wp-content\/uploads\/2020\/10\/IMG-20201025-WA0188-768x432.jpg 768w, https:\/\/tribunadapraia.com.br\/wp-content\/uploads\/2020\/10\/IMG-20201025-WA0188.jpg 1280w\" sizes=\"(max-width: 300px) 100vw, 300px\" \/><\/p>\n<p>Jamile Silva, m\u00e3e de uma das crian\u00e7as citadas no v\u00eddeo.<\/p>\n<p>\u25a0 Conselho TutelarEm nota de esclarecimento, o Conselho Tutelar de Pirambu informou que tomar\u00e1 provid\u00eancias a respeito do evento \u201cBatalha Brega-Funk\u201d, e que n\u00e3o foi notificado sobre o evento.<\/p>\n<p>por Andr\u00e9a Rosevell,\u00a0jornalista<\/p>\n","protected":false},"excerpt":{"rendered":"<p>Neste s\u00e1bado (24), o munic\u00edpio de Pirambu, localizado a 30 km da capital sergipana, foi palco da maior manifesta\u00e7\u00e3o da juventude que a cidade j\u00e1 presenciou. Os jovens organizaram o primeiro torneiro de brega-funk do Estado. Movimentos desse tipo t\u00eam crescido em todo o Nordeste, desde a pujan\u00e7a do ritmo brega-funk ao n\u00edvel nacional, mas aqui em Sergipe a iniciativa da juventude sofreu severas retalia\u00e7\u00f5es na internet. O assunto virou<\/p>\n","protected":false},"author":1,"featured_media":1893,"comment_status":"open","ping_status":"open","sticky":false,"template":"","format":"standard","meta":[],"categories":[18],"tags":[],"yoast_head":"<!-- This site is optimized with the Yoast SEO plugin v16.3 - https:\/\/yoast.com\/wordpress\/plugins\/seo\/ -->\n<title>Racismo estrutural mostra suas garras ap\u00f3s manifesta\u00e7\u00e3o da negritude de Pirambu - TRIBUNA DA PRAIA<\/title>\n<meta name=\"robots\" content=\"index, follow, max-snippet:-1, max-image-preview:large, max-video-preview:-1\" \/>\n<link rel=\"canonical\" href=\"https:\/\/tribunadapraia.com.br\/?p=1892\" \/>\n<meta property=\"og:locale\" content=\"pt_BR\" \/>\n<meta property=\"og:type\" content=\"article\" \/>\n<meta property=\"og:title\" content=\"Racismo estrutural mostra suas garras ap\u00f3s manifesta\u00e7\u00e3o da negritude de Pirambu - TRIBUNA DA PRAIA\" \/>\n<meta property=\"og:description\" content=\"Neste s\u00e1bado (24), o munic\u00edpio de Pirambu, localizado a 30 km da capital sergipana, foi palco da maior manifesta\u00e7\u00e3o da juventude que a cidade j\u00e1 presenciou. Os jovens organizaram o primeiro torneiro de brega-funk do Estado. Movimentos desse tipo t\u00eam crescido em todo o Nordeste, desde a pujan\u00e7a do ritmo brega-funk ao n\u00edvel nacional, mas aqui em Sergipe a iniciativa da juventude sofreu severas retalia\u00e7\u00f5es na internet. O assunto virou\" \/>\n<meta property=\"og:url\" content=\"https:\/\/tribunadapraia.com.br\/?p=1892\" \/>\n<meta property=\"og:site_name\" content=\"TRIBUNA DA PRAIA\" \/>\n<meta property=\"article:publisher\" content=\"https:\/\/www.facebook.com\/tribunadapraiaonline\/\" \/>\n<meta property=\"article:published_time\" content=\"2020-10-25T23:36:22+00:00\" \/>\n<meta property=\"article:modified_time\" content=\"2020-10-26T00:21:20+00:00\" \/>\n<meta property=\"og:image\" content=\"https:\/\/tribunadapraia.com.br\/wp-content\/uploads\/2020\/10\/IMG-20201025-WA0187.jpg\" \/>\n\t<meta property=\"og:image:width\" content=\"1280\" \/>\n\t<meta property=\"og:image:height\" content=\"720\" \/>\n<meta name=\"twitter:card\" content=\"summary_large_image\" \/>\n<meta name=\"twitter:creator\" content=\"@Claudomir21\" \/>\n<meta name=\"twitter:site\" content=\"@Claudomir21\" \/>\n<meta name=\"twitter:label1\" content=\"Est. tempo de leitura\">\n\t<meta name=\"twitter:data1\" content=\"4 minutos\">\n<script type=\"application\/ld+json\" class=\"yoast-schema-graph\">{\"@context\":\"https:\/\/schema.org\",\"@graph\":[{\"@type\":\"Organization\",\"@id\":\"https:\/\/tribunadapraia.com.br\/#organization\",\"name\":\"Tribuna da Praia\",\"url\":\"https:\/\/tribunadapraia.com.br\/\",\"sameAs\":[\"https:\/\/www.facebook.com\/tribunadapraiaonline\/\",\"https:\/\/www.instagram.com\/claudomirtavares\/\",\"https:\/\/www.youtube.com\/channel\/UCwQf80nxiMzCefAyjbp53Rw\",\"https:\/\/twitter.com\/Claudomir21\"],\"logo\":{\"@type\":\"ImageObject\",\"@id\":\"https:\/\/tribunadapraia.com.br\/#logo\",\"inLanguage\":\"pt-BR\",\"url\":\"https:\/\/tribunadapraia.com.br\/wp-content\/uploads\/2020\/02\/logo.png\",\"contentUrl\":\"https:\/\/tribunadapraia.com.br\/wp-content\/uploads\/2020\/02\/logo.png\",\"width\":501,\"height\":121,\"caption\":\"Tribuna da Praia\"},\"image\":{\"@id\":\"https:\/\/tribunadapraia.com.br\/#logo\"}},{\"@type\":\"WebSite\",\"@id\":\"https:\/\/tribunadapraia.com.br\/#website\",\"url\":\"https:\/\/tribunadapraia.com.br\/\",\"name\":\"TRIBUNA DA PRAIA\",\"description\":\"O 1\\u00ba jornal do interior de Sergipe na internet\",\"publisher\":{\"@id\":\"https:\/\/tribunadapraia.com.br\/#organization\"},\"potentialAction\":[{\"@type\":\"SearchAction\",\"target\":\"https:\/\/tribunadapraia.com.br\/?s={search_term_string}\",\"query-input\":\"required name=search_term_string\"}],\"inLanguage\":\"pt-BR\"},{\"@type\":\"ImageObject\",\"@id\":\"https:\/\/tribunadapraia.com.br\/?p=1892#primaryimage\",\"inLanguage\":\"pt-BR\",\"url\":\"https:\/\/tribunadapraia.com.br\/wp-content\/uploads\/2020\/10\/IMG-20201025-WA0187.jpg\",\"contentUrl\":\"https:\/\/tribunadapraia.com.br\/wp-content\/uploads\/2020\/10\/IMG-20201025-WA0187.jpg\",\"width\":1280,\"height\":720},{\"@type\":\"WebPage\",\"@id\":\"https:\/\/tribunadapraia.com.br\/?p=1892#webpage\",\"url\":\"https:\/\/tribunadapraia.com.br\/?p=1892\",\"name\":\"Racismo estrutural mostra suas garras ap\\u00f3s manifesta\\u00e7\\u00e3o da negritude de Pirambu - TRIBUNA DA PRAIA\",\"isPartOf\":{\"@id\":\"https:\/\/tribunadapraia.com.br\/#website\"},\"primaryImageOfPage\":{\"@id\":\"https:\/\/tribunadapraia.com.br\/?p=1892#primaryimage\"},\"datePublished\":\"2020-10-25T23:36:22+00:00\",\"dateModified\":\"2020-10-26T00:21:20+00:00\",\"breadcrumb\":{\"@id\":\"https:\/\/tribunadapraia.com.br\/?p=1892#breadcrumb\"},\"inLanguage\":\"pt-BR\",\"potentialAction\":[{\"@type\":\"ReadAction\",\"target\":[\"https:\/\/tribunadapraia.com.br\/?p=1892\"]}]},{\"@type\":\"BreadcrumbList\",\"@id\":\"https:\/\/tribunadapraia.com.br\/?p=1892#breadcrumb\",\"itemListElement\":[{\"@type\":\"ListItem\",\"position\":1,\"item\":{\"@type\":\"WebPage\",\"@id\":\"https:\/\/tribunadapraia.com.br\/\",\"url\":\"https:\/\/tribunadapraia.com.br\/\",\"name\":\"In\\u00edcio\"}},{\"@type\":\"ListItem\",\"position\":2,\"item\":{\"@id\":\"https:\/\/tribunadapraia.com.br\/?p=1892#webpage\"}}]},{\"@type\":\"Article\",\"@id\":\"https:\/\/tribunadapraia.com.br\/?p=1892#article\",\"isPartOf\":{\"@id\":\"https:\/\/tribunadapraia.com.br\/?p=1892#webpage\"},\"author\":{\"@id\":\"https:\/\/tribunadapraia.com.br\/#\/schema\/person\/326b0a9f3163b479142c64eba4928de0\"},\"headline\":\"Racismo estrutural mostra suas garras ap\\u00f3s manifesta\\u00e7\\u00e3o da negritude de Pirambu\",\"datePublished\":\"2020-10-25T23:36:22+00:00\",\"dateModified\":\"2020-10-26T00:21:20+00:00\",\"mainEntityOfPage\":{\"@id\":\"https:\/\/tribunadapraia.com.br\/?p=1892#webpage\"},\"wordCount\":818,\"commentCount\":0,\"publisher\":{\"@id\":\"https:\/\/tribunadapraia.com.br\/#organization\"},\"image\":{\"@id\":\"https:\/\/tribunadapraia.com.br\/?p=1892#primaryimage\"},\"thumbnailUrl\":\"https:\/\/tribunadapraia.com.br\/wp-content\/uploads\/2020\/10\/IMG-20201025-WA0187.jpg\",\"articleSection\":[\"Not\\u00edcias\"],\"inLanguage\":\"pt-BR\",\"potentialAction\":[{\"@type\":\"CommentAction\",\"name\":\"Comment\",\"target\":[\"https:\/\/tribunadapraia.com.br\/?p=1892#respond\"]}]},{\"@type\":\"Person\",\"@id\":\"https:\/\/tribunadapraia.com.br\/#\/schema\/person\/326b0a9f3163b479142c64eba4928de0\",\"name\":\"tribunadapraia\",\"image\":{\"@type\":\"ImageObject\",\"@id\":\"https:\/\/tribunadapraia.com.br\/#personlogo\",\"inLanguage\":\"pt-BR\",\"url\":\"https:\/\/secure.gravatar.com\/avatar\/38b019c74762496076b7355024a0dad9?s=96&d=identicon&r=g\",\"contentUrl\":\"https:\/\/secure.gravatar.com\/avatar\/38b019c74762496076b7355024a0dad9?s=96&d=identicon&r=g\",\"caption\":\"tribunadapraia\"}}]}<\/script>\n<!-- \/ Yoast SEO plugin. -->","wps_subtitle":"","_links":{"self":[{"href":"https:\/\/tribunadapraia.com.br\/index.php?rest_route=\/wp\/v2\/posts\/1892"}],"collection":[{"href":"https:\/\/tribunadapraia.com.br\/index.php?rest_route=\/wp\/v2\/posts"}],"about":[{"href":"https:\/\/tribunadapraia.com.br\/index.php?rest_route=\/wp\/v2\/types\/post"}],"author":[{"embeddable":true,"href":"https:\/\/tribunadapraia.com.br\/index.php?rest_route=\/wp\/v2\/users\/1"}],"replies":[{"embeddable":true,"href":"https:\/\/tribunadapraia.com.br\/index.php?rest_route=%2Fwp%2Fv2%2Fcomments&post=1892"}],"version-history":[{"count":8,"href":"https:\/\/tribunadapraia.com.br\/index.php?rest_route=\/wp\/v2\/posts\/1892\/revisions"}],"predecessor-version":[{"id":1905,"href":"https:\/\/tribunadapraia.com.br\/index.php?rest_route=\/wp\/v2\/posts\/1892\/revisions\/1905"}],"wp:featuredmedia":[{"embeddable":true,"href":"https:\/\/tribunadapraia.com.br\/index.php?rest_route=\/wp\/v2\/media\/1893"}],"wp:attachment":[{"href":"https:\/\/tribunadapraia.com.br\/index.php?rest_route=%2Fwp%2Fv2%2Fmedia&parent=1892"}],"wp:term":[{"taxonomy":"category","embeddable":true,"href":"https:\/\/tribunadapraia.com.br\/index.php?rest_route=%2Fwp%2Fv2%2Fcategories&post=1892"},{"taxonomy":"post_tag","embeddable":true,"href":"https:\/\/tribunadapraia.com.br\/index.php?rest_route=%2Fwp%2Fv2%2Ftags&post=1892"}],"curies":[{"name":"wp","href":"https:\/\/api.w.org\/{rel}","templated":true}]}}