{"id":1887,"date":"2020-10-25T18:30:53","date_gmt":"2020-10-25T21:30:53","guid":{"rendered":"https:\/\/tribunadapraia.com.br\/?p=1887"},"modified":"2020-10-25T19:03:01","modified_gmt":"2020-10-25T22:03:01","slug":"eleicoes-2020-1-debate-com-os-prefeituraveis-em-propria-data-28-de-outubro-de-2020","status":"publish","type":"post","link":"https:\/\/tribunadapraia.com.br\/?p=1887","title":{"rendered":"ELEI\u00c7\u00d5ES 2020: 1\u00b0 Debate com os prefeitur\u00e1veis em Propri\u00e1 &#8211; Data: 28 de Outubro de 2020"},"content":{"rendered":"<p>Extrato de Ata: Aos 19 de outubro de 2020, das 10h20 \u00e0s 11h00, na Avenida Nilo Pe\u00e7anha, 1711, reuniram -se representantes do Cons\u00f3rcio de Comunicadores de Propri\u00e1 com representantes dos candidatos a prefeito, que tomaram ci\u00eancia das regras consensuadas, e que ap\u00f3s sugest\u00f5es, acatadas por unanimidade, seguem transcritas abaixo:<\/p>\n<p>REGRAS CONSENSUADAS<\/p>\n<p>\u25a0 Cap\u00edtulo I &#8211; Preliminares<\/p>\n<p>Art. 1\u00b0 O 1\u00b0 Debate do Cons\u00f3rcio de Comunicadores de Propri\u00e1 com os Candidatos a Prefeito, est\u00e1 previsto para acontecer em 28 de Outubro de 2020, \u00e0s 20 horas, no Plen\u00e1rio da C\u00e2mara de Vereadores.<\/p>\n<p>Art. 2\u00b0 O Debate contar\u00e1 com as presen\u00e7a dos quatro candidatos a prefeito definidos em conven\u00e7\u00f5es eleitorais, aqui dispostos em ordem alfab\u00e9tica: Antony Britto (Republicanos), Iokanaan Santana (PL), Luciano Nascimento (DEM) e Valberto Lima (MDB).<\/p>\n<p>Art. 3\u00b0 Os eleitores de Propri\u00e1 ir\u00e3o ter a oportunidade de acompanhar a realiza\u00e7\u00e3o de um debate entre os candidatos \u00e0 Prefeitura atrav\u00e9s das r\u00e1dios Xod\u00f3 Fm (comercial), Propri\u00e1 Fm (comunit\u00e1ria), 100 Antena, Atalainha, Cidade, MusicSom, Pomonga, Sintonia, Voz do S\u00e3o Francisco (Web), jornais Folha de Sergipe, Tribuna da Praia e portal Propri\u00e1 News, canais no YouTube e FaceBook da C\u00e2mara de Vereadores e Propri\u00e1 como ela \u00e9 (p\u00e1gina e grupo de not\u00edcias), posi\u00e7\u00e3o\/situa\u00e7\u00e3o que ser\u00e1 atualizada diariamente mediante confirma\u00e7\u00e3o.<\/p>\n<p>Art. 4\u00b0 Ter\u00e3o acesso ao Plen\u00e1rio da C\u00e2mara de Vereadores os quatro candidatos, o mediador, quatro profissionais de imprensa, um advogado do Cons\u00f3rcio, al\u00e9m dos profissionais respons\u00e1veis pelo som e gera\u00e7\u00e3o da transmiss\u00e3o &#8230; e retransmiss\u00e3o prim\u00e1ria.<\/p>\n<p>Art. 5\u00b0 Ter\u00e3o acesso as galerias do Parlamento os candidatos ao cargo de vice-prefeito, um coordenador da campanha (assessor pol\u00edtico), um advogado, um cinegrafista, um fot\u00f3grafo e um jornalista\/respons\u00e1vel por redes sociais, n\u00e3o sendo na aus\u00eancia deste, substituir por outro de fun\u00e7\u00e3o diferente, devendo os nomes ser informados at\u00e9 \u00e0s 20 horas de segunda-feira, 26 de Outubro de 2020, anteced\u00eancia m\u00ednima de 48 horas.<\/p>\n<p>\u00a7 \u00danico: O acesso ao Plen\u00e1rio e \u00e0s galerias ser\u00e1 permitido at\u00e9 15 minutos antes do in\u00edcio do debate, ao final deste prazo as portas ser\u00e3o fechadas e passadas \u00e0s orienta\u00e7\u00f5es aos que estiverem no recinto.<\/p>\n<p>\u25a0 Cap\u00edtulo II &#8211; O debate<\/p>\n<p>Art. 6\u00b0 O debate ter\u00e1 cinco blocos que se completam e um tempo previsto de 2 horas de dura\u00e7\u00e3o, podendo ser encerrado antes ou se estender dentro da din\u00e2mica administr\u00e1vel.<\/p>\n<p>a) No Primeiro Bloco, cada candidato far\u00e1 sua sauda\u00e7\u00e3o inicial e responder\u00e1 a uma \u00fanica pergunta formulada pelo mediador: \u201cPor que deseja governar Propri\u00e1?\u201d. Ter\u00e1 3 (tr\u00eas) minutos improrrog\u00e1veis.<\/p>\n<p>b) No Segundo Bloco, profissionais credenciados pelo Cons\u00f3rcio de Comunicadores de Propri\u00e1 far\u00e3o perguntas (em 1 minuto) a um candidato (3 minutos para resposta) que ser\u00e1 comentada por outro (em 2 minutos) com r\u00e9plica de outro candidato (em 2 minutos) e consequente tr\u00e9plica do candidato inicial (em um minuto).<\/p>\n<p>c) Nos Terceiro e Quarto Blocos est\u00e3o previstas perguntas (ping-pong) entre os pr\u00f3prios candidatos, com 1 (um) minuto para formular, 3 (tr\u00eas) minutos para resposta, 2 (dois) minutos para r\u00e9plica e 1 (um) minuto para tr\u00e9plica.<\/p>\n<p>d) No \u00daltimo Bloco, cada candidato far\u00e1 suas considera\u00e7\u00f5es finais em 3 (tr\u00eas) minutos improrrog\u00e1veis.<\/p>\n<p>\u00a7 \u00danico: A ordem de quem formular\u00e1, responder\u00e1, comentar\u00e1, far\u00e1 a r\u00e9plica ser\u00e1 definida em sorteio, bem como a ordem de quem pergunta e responde nos blocos seguintes, dentro de um rod\u00edzio, de forma a contemplar a todos de forma equ\u00e2nime.<\/p>\n<p>Art. 7\u00b0 Entre os blocos, durante os intervalos cronometrados de 2 (dois) minutos, os candidatos podem dialogar com suas equipes, devendo estes retornarem para \u00e0s seus assentos ao som da vinheta.<\/p>\n<p>\u00a7 \u00danico: Ao t\u00e9rmino do tempo fixado e devidamente cronometrado, os microfones ser\u00e3o desligados, devendo os candidatos se atentarem para este detalhe.<\/p>\n<p>Art. 8\u00b0 Os candidatos n\u00e3o poder\u00e3o fazer uso de equipamentos eletr\u00f4nicos, tais como celulares, tablet&#8217;s, ipad&#8217;s, pontos, etc., sendo permitido apenas o uso rel\u00f3gio de pulso.<\/p>\n<p>\u25a0 Cap\u00edtulo III &#8211; Disposi\u00e7\u00f5es Finais e Transit\u00f3rias<\/p>\n<p>Art. 9\u00b0 A n\u00e3o participa\u00e7\u00e3o de candidatos e ou seus representantes em qualquer das etapas de sua elabora\u00e7\u00e3o, n\u00e3o o excluir\u00e1 das etapas seguintes, sendo o prazo limite para a confirma\u00e7\u00e3o, os dispostos no Art&#8217;s. 4\u00b0 e 5\u00b0 destas regras para candidatos e equipes.<\/p>\n<p>Art. 10\u00b0 Os casos omissos e ou que requerem re-interpreta\u00e7\u00f5es nestes termos, ser\u00e3o apreciados pelo Cons\u00f3rcio de Comunicadores de Propri\u00e1, seguido de comunicado aos coordenadores das campanhas.<\/p>\n<p>Propri\u00e1 (SE), 19 de Outubro de 2020.<\/p>\n<p>Elder Santos<br \/>\nCons\u00f3rcio de Comunicadores de Propri\u00e1<\/p>\n<p>ClaudOmir Tavares da Silva<br \/>\nCons\u00f3rcio de Comunicadores de Propri\u00e1<\/p>\n","protected":false},"excerpt":{"rendered":"<p>Extrato de Ata: Aos 19 de outubro de 2020, das 10h20 \u00e0s 11h00, na Avenida Nilo Pe\u00e7anha, 1711, reuniram -se representantes do Cons\u00f3rcio de Comunicadores de Propri\u00e1 com representantes dos candidatos a prefeito, que tomaram ci\u00eancia das regras consensuadas, e que ap\u00f3s sugest\u00f5es, acatadas por unanimidade, seguem transcritas abaixo: REGRAS CONSENSUADAS \u25a0 Cap\u00edtulo I &#8211; Preliminares Art. 1\u00b0 O 1\u00b0 Debate do Cons\u00f3rcio de Comunicadores de Propri\u00e1 com os Candidatos<\/p>\n","protected":false},"author":1,"featured_media":1888,"comment_status":"open","ping_status":"open","sticky":false,"template":"","format":"standard","meta":[],"categories":[18],"tags":[],"yoast_head":"<!-- This site is optimized with the Yoast SEO plugin v16.3 - https:\/\/yoast.com\/wordpress\/plugins\/seo\/ -->\n<title>ELEI\u00c7\u00d5ES 2020: 1\u00b0 Debate com os prefeitur\u00e1veis em Propri\u00e1 - Data: 28 de Outubro de 2020 - TRIBUNA DA PRAIA<\/title>\n<meta name=\"robots\" content=\"index, follow, max-snippet:-1, max-image-preview:large, max-video-preview:-1\" \/>\n<link rel=\"canonical\" href=\"https:\/\/tribunadapraia.com.br\/?p=1887\" \/>\n<meta property=\"og:locale\" content=\"pt_BR\" \/>\n<meta property=\"og:type\" content=\"article\" \/>\n<meta property=\"og:title\" content=\"ELEI\u00c7\u00d5ES 2020: 1\u00b0 Debate com os prefeitur\u00e1veis em Propri\u00e1 - Data: 28 de Outubro de 2020 - TRIBUNA DA PRAIA\" \/>\n<meta property=\"og:description\" content=\"Extrato de Ata: Aos 19 de outubro de 2020, das 10h20 \u00e0s 11h00, na Avenida Nilo Pe\u00e7anha, 1711, reuniram -se representantes do Cons\u00f3rcio de Comunicadores de Propri\u00e1 com representantes dos candidatos a prefeito, que tomaram ci\u00eancia das regras consensuadas, e que ap\u00f3s sugest\u00f5es, acatadas por unanimidade, seguem transcritas abaixo: REGRAS CONSENSUADAS \u25a0 Cap\u00edtulo I &#8211; Preliminares Art. 1\u00b0 O 1\u00b0 Debate do Cons\u00f3rcio de Comunicadores de Propri\u00e1 com os Candidatos\" \/>\n<meta property=\"og:url\" content=\"https:\/\/tribunadapraia.com.br\/?p=1887\" \/>\n<meta property=\"og:site_name\" content=\"TRIBUNA DA PRAIA\" \/>\n<meta property=\"article:publisher\" content=\"https:\/\/www.facebook.com\/tribunadapraiaonline\/\" \/>\n<meta property=\"article:published_time\" content=\"2020-10-25T21:30:53+00:00\" \/>\n<meta property=\"article:modified_time\" content=\"2020-10-25T22:03:01+00:00\" \/>\n<meta property=\"og:image\" content=\"https:\/\/tribunadapraia.com.br\/wp-content\/uploads\/2020\/10\/IMG-20201025-WA0125.jpg\" \/>\n\t<meta property=\"og:image:width\" content=\"465\" \/>\n\t<meta property=\"og:image:height\" content=\"465\" \/>\n<meta name=\"twitter:card\" content=\"summary_large_image\" \/>\n<meta name=\"twitter:creator\" content=\"@Claudomir21\" \/>\n<meta name=\"twitter:site\" content=\"@Claudomir21\" \/>\n<meta name=\"twitter:label1\" content=\"Est. tempo de leitura\">\n\t<meta name=\"twitter:data1\" content=\"4 minutos\">\n<script type=\"application\/ld+json\" class=\"yoast-schema-graph\">{\"@context\":\"https:\/\/schema.org\",\"@graph\":[{\"@type\":\"Organization\",\"@id\":\"https:\/\/tribunadapraia.com.br\/#organization\",\"name\":\"Tribuna da Praia\",\"url\":\"https:\/\/tribunadapraia.com.br\/\",\"sameAs\":[\"https:\/\/www.facebook.com\/tribunadapraiaonline\/\",\"https:\/\/www.instagram.com\/claudomirtavares\/\",\"https:\/\/www.youtube.com\/channel\/UCwQf80nxiMzCefAyjbp53Rw\",\"https:\/\/twitter.com\/Claudomir21\"],\"logo\":{\"@type\":\"ImageObject\",\"@id\":\"https:\/\/tribunadapraia.com.br\/#logo\",\"inLanguage\":\"pt-BR\",\"url\":\"https:\/\/tribunadapraia.com.br\/wp-content\/uploads\/2020\/02\/logo.png\",\"contentUrl\":\"https:\/\/tribunadapraia.com.br\/wp-content\/uploads\/2020\/02\/logo.png\",\"width\":501,\"height\":121,\"caption\":\"Tribuna da Praia\"},\"image\":{\"@id\":\"https:\/\/tribunadapraia.com.br\/#logo\"}},{\"@type\":\"WebSite\",\"@id\":\"https:\/\/tribunadapraia.com.br\/#website\",\"url\":\"https:\/\/tribunadapraia.com.br\/\",\"name\":\"TRIBUNA DA PRAIA\",\"description\":\"O 1\\u00ba jornal do interior de Sergipe na internet\",\"publisher\":{\"@id\":\"https:\/\/tribunadapraia.com.br\/#organization\"},\"potentialAction\":[{\"@type\":\"SearchAction\",\"target\":\"https:\/\/tribunadapraia.com.br\/?s={search_term_string}\",\"query-input\":\"required name=search_term_string\"}],\"inLanguage\":\"pt-BR\"},{\"@type\":\"ImageObject\",\"@id\":\"https:\/\/tribunadapraia.com.br\/?p=1887#primaryimage\",\"inLanguage\":\"pt-BR\",\"url\":\"https:\/\/tribunadapraia.com.br\/wp-content\/uploads\/2020\/10\/IMG-20201025-WA0125.jpg\",\"contentUrl\":\"https:\/\/tribunadapraia.com.br\/wp-content\/uploads\/2020\/10\/IMG-20201025-WA0125.jpg\",\"width\":465,\"height\":465},{\"@type\":\"WebPage\",\"@id\":\"https:\/\/tribunadapraia.com.br\/?p=1887#webpage\",\"url\":\"https:\/\/tribunadapraia.com.br\/?p=1887\",\"name\":\"ELEI\\u00c7\\u00d5ES 2020: 1\\u00b0 Debate com os prefeitur\\u00e1veis em Propri\\u00e1 - Data: 28 de Outubro de 2020 - TRIBUNA DA PRAIA\",\"isPartOf\":{\"@id\":\"https:\/\/tribunadapraia.com.br\/#website\"},\"primaryImageOfPage\":{\"@id\":\"https:\/\/tribunadapraia.com.br\/?p=1887#primaryimage\"},\"datePublished\":\"2020-10-25T21:30:53+00:00\",\"dateModified\":\"2020-10-25T22:03:01+00:00\",\"breadcrumb\":{\"@id\":\"https:\/\/tribunadapraia.com.br\/?p=1887#breadcrumb\"},\"inLanguage\":\"pt-BR\",\"potentialAction\":[{\"@type\":\"ReadAction\",\"target\":[\"https:\/\/tribunadapraia.com.br\/?p=1887\"]}]},{\"@type\":\"BreadcrumbList\",\"@id\":\"https:\/\/tribunadapraia.com.br\/?p=1887#breadcrumb\",\"itemListElement\":[{\"@type\":\"ListItem\",\"position\":1,\"item\":{\"@type\":\"WebPage\",\"@id\":\"https:\/\/tribunadapraia.com.br\/\",\"url\":\"https:\/\/tribunadapraia.com.br\/\",\"name\":\"In\\u00edcio\"}},{\"@type\":\"ListItem\",\"position\":2,\"item\":{\"@id\":\"https:\/\/tribunadapraia.com.br\/?p=1887#webpage\"}}]},{\"@type\":\"Article\",\"@id\":\"https:\/\/tribunadapraia.com.br\/?p=1887#article\",\"isPartOf\":{\"@id\":\"https:\/\/tribunadapraia.com.br\/?p=1887#webpage\"},\"author\":{\"@id\":\"https:\/\/tribunadapraia.com.br\/#\/schema\/person\/326b0a9f3163b479142c64eba4928de0\"},\"headline\":\"ELEI\\u00c7\\u00d5ES 2020: 1\\u00b0 Debate com os prefeitur\\u00e1veis em Propri\\u00e1 &#8211; Data: 28 de Outubro de 2020\",\"datePublished\":\"2020-10-25T21:30:53+00:00\",\"dateModified\":\"2020-10-25T22:03:01+00:00\",\"mainEntityOfPage\":{\"@id\":\"https:\/\/tribunadapraia.com.br\/?p=1887#webpage\"},\"wordCount\":786,\"commentCount\":0,\"publisher\":{\"@id\":\"https:\/\/tribunadapraia.com.br\/#organization\"},\"image\":{\"@id\":\"https:\/\/tribunadapraia.com.br\/?p=1887#primaryimage\"},\"thumbnailUrl\":\"https:\/\/tribunadapraia.com.br\/wp-content\/uploads\/2020\/10\/IMG-20201025-WA0125.jpg\",\"articleSection\":[\"Not\\u00edcias\"],\"inLanguage\":\"pt-BR\",\"potentialAction\":[{\"@type\":\"CommentAction\",\"name\":\"Comment\",\"target\":[\"https:\/\/tribunadapraia.com.br\/?p=1887#respond\"]}]},{\"@type\":\"Person\",\"@id\":\"https:\/\/tribunadapraia.com.br\/#\/schema\/person\/326b0a9f3163b479142c64eba4928de0\",\"name\":\"tribunadapraia\",\"image\":{\"@type\":\"ImageObject\",\"@id\":\"https:\/\/tribunadapraia.com.br\/#personlogo\",\"inLanguage\":\"pt-BR\",\"url\":\"https:\/\/secure.gravatar.com\/avatar\/38b019c74762496076b7355024a0dad9?s=96&d=identicon&r=g\",\"contentUrl\":\"https:\/\/secure.gravatar.com\/avatar\/38b019c74762496076b7355024a0dad9?s=96&d=identicon&r=g\",\"caption\":\"tribunadapraia\"}}]}<\/script>\n<!-- \/ Yoast SEO plugin. -->","wps_subtitle":"","_links":{"self":[{"href":"https:\/\/tribunadapraia.com.br\/index.php?rest_route=\/wp\/v2\/posts\/1887"}],"collection":[{"href":"https:\/\/tribunadapraia.com.br\/index.php?rest_route=\/wp\/v2\/posts"}],"about":[{"href":"https:\/\/tribunadapraia.com.br\/index.php?rest_route=\/wp\/v2\/types\/post"}],"author":[{"embeddable":true,"href":"https:\/\/tribunadapraia.com.br\/index.php?rest_route=\/wp\/v2\/users\/1"}],"replies":[{"embeddable":true,"href":"https:\/\/tribunadapraia.com.br\/index.php?rest_route=%2Fwp%2Fv2%2Fcomments&post=1887"}],"version-history":[{"count":3,"href":"https:\/\/tribunadapraia.com.br\/index.php?rest_route=\/wp\/v2\/posts\/1887\/revisions"}],"predecessor-version":[{"id":1891,"href":"https:\/\/tribunadapraia.com.br\/index.php?rest_route=\/wp\/v2\/posts\/1887\/revisions\/1891"}],"wp:featuredmedia":[{"embeddable":true,"href":"https:\/\/tribunadapraia.com.br\/index.php?rest_route=\/wp\/v2\/media\/1888"}],"wp:attachment":[{"href":"https:\/\/tribunadapraia.com.br\/index.php?rest_route=%2Fwp%2Fv2%2Fmedia&parent=1887"}],"wp:term":[{"taxonomy":"category","embeddable":true,"href":"https:\/\/tribunadapraia.com.br\/index.php?rest_route=%2Fwp%2Fv2%2Fcategories&post=1887"},{"taxonomy":"post_tag","embeddable":true,"href":"https:\/\/tribunadapraia.com.br\/index.php?rest_route=%2Fwp%2Fv2%2Ftags&post=1887"}],"curies":[{"name":"wp","href":"https:\/\/api.w.org\/{rel}","templated":true}]}}