{"id":1880,"date":"2020-10-25T07:41:19","date_gmt":"2020-10-25T10:41:19","guid":{"rendered":"https:\/\/tribunadapraia.com.br\/?p=1880"},"modified":"2020-10-25T07:45:21","modified_gmt":"2020-10-25T10:45:21","slug":"a-luta-pela-terra-o-primeiro-debate-foi-com-a-candidata-silvia-cruz","status":"publish","type":"post","link":"https:\/\/tribunadapraia.com.br\/?p=1880","title":{"rendered":"A LUTA PELA TERRA: O primeiro debate foi com a candidata S\u00edlvia Cruz"},"content":{"rendered":"<p>A expectativa \u00e9 que todos os candidatos a prefeito participem<\/p>\n<p>A Associa\u00e7\u00e3o dos Trabalhadores Rurais de Pirambu (ASPRUP,) criada oficialmente h\u00e1 dois anos, com membros agricultores que atuam na atividades da agricultura de subsist\u00eancia, localidade popularmente chamada Bugiu, ora organizados.<\/p>\n<p>Realizaram assembleia, na qual decidiram promover um bate papo como os candidatos a prefeito para ouvir democraticamente as propostas que eles t\u00eam para a localidade e para as fam\u00edlias pirambuenses, que dal\u00ed tiram o seu sustento.<\/p>\n<p><img loading=\"lazy\" class=\"alignnone size-medium wp-image-1885\" src=\"https:\/\/tribunadapraia.com.br\/wp-content\/uploads\/2020\/10\/IMG-20201025-WA0012-300x225.jpg\" alt=\"\" width=\"300\" height=\"225\" srcset=\"https:\/\/tribunadapraia.com.br\/wp-content\/uploads\/2020\/10\/IMG-20201025-WA0012-300x225.jpg 300w, https:\/\/tribunadapraia.com.br\/wp-content\/uploads\/2020\/10\/IMG-20201025-WA0012-1024x768.jpg 1024w, https:\/\/tribunadapraia.com.br\/wp-content\/uploads\/2020\/10\/IMG-20201025-WA0012-768x576.jpg 768w, https:\/\/tribunadapraia.com.br\/wp-content\/uploads\/2020\/10\/IMG-20201025-WA0012.jpg 1040w\" sizes=\"(max-width: 300px) 100vw, 300px\" \/><\/p>\n<p>O primeiro debate foi com a candidata S\u00edlvia Cruz, e nos pr\u00f3ximos dias ser\u00e1 com os demais candidatos, seguindo a ordem de sorteio. A expectativa \u00e9 que todos os candidatos a prefeito participem.<\/p>\n<p>por ASPRUP<\/p>\n","protected":false},"excerpt":{"rendered":"<p>A expectativa \u00e9 que todos os candidatos a prefeito participem A Associa\u00e7\u00e3o dos Trabalhadores Rurais de Pirambu (ASPRUP,) criada oficialmente h\u00e1 dois anos, com membros agricultores que atuam na atividades da agricultura de subsist\u00eancia, localidade popularmente chamada Bugiu, ora organizados. Realizaram assembleia, na qual decidiram promover um bate papo como os candidatos a prefeito para ouvir democraticamente as propostas que eles t\u00eam para a localidade e para as fam\u00edlias pirambuenses,<\/p>\n","protected":false},"author":1,"featured_media":1881,"comment_status":"open","ping_status":"open","sticky":false,"template":"","format":"standard","meta":[],"categories":[18],"tags":[],"yoast_head":"<!-- This site is optimized with the Yoast SEO plugin v16.3 - https:\/\/yoast.com\/wordpress\/plugins\/seo\/ -->\n<title>A LUTA PELA TERRA: O primeiro debate foi com a candidata S\u00edlvia Cruz - TRIBUNA DA PRAIA<\/title>\n<meta name=\"robots\" content=\"index, follow, max-snippet:-1, max-image-preview:large, max-video-preview:-1\" \/>\n<link rel=\"canonical\" href=\"https:\/\/tribunadapraia.com.br\/?p=1880\" \/>\n<meta property=\"og:locale\" content=\"pt_BR\" \/>\n<meta property=\"og:type\" content=\"article\" \/>\n<meta property=\"og:title\" content=\"A LUTA PELA TERRA: O primeiro debate foi com a candidata S\u00edlvia Cruz - TRIBUNA DA PRAIA\" \/>\n<meta property=\"og:description\" content=\"A expectativa \u00e9 que todos os candidatos a prefeito participem A Associa\u00e7\u00e3o dos Trabalhadores Rurais de Pirambu (ASPRUP,) criada oficialmente h\u00e1 dois anos, com membros agricultores que atuam na atividades da agricultura de subsist\u00eancia, localidade popularmente chamada Bugiu, ora organizados. Realizaram assembleia, na qual decidiram promover um bate papo como os candidatos a prefeito para ouvir democraticamente as propostas que eles t\u00eam para a localidade e para as fam\u00edlias pirambuenses,\" \/>\n<meta property=\"og:url\" content=\"https:\/\/tribunadapraia.com.br\/?p=1880\" \/>\n<meta property=\"og:site_name\" content=\"TRIBUNA DA PRAIA\" \/>\n<meta property=\"article:publisher\" content=\"https:\/\/www.facebook.com\/tribunadapraiaonline\/\" \/>\n<meta property=\"article:published_time\" content=\"2020-10-25T10:41:19+00:00\" \/>\n<meta property=\"article:modified_time\" content=\"2020-10-25T10:45:21+00:00\" \/>\n<meta property=\"og:image\" content=\"https:\/\/tribunadapraia.com.br\/wp-content\/uploads\/2020\/10\/IMG-20201025-WA0013.jpg\" \/>\n\t<meta property=\"og:image:width\" content=\"1040\" \/>\n\t<meta property=\"og:image:height\" content=\"780\" \/>\n<meta name=\"twitter:card\" content=\"summary_large_image\" \/>\n<meta name=\"twitter:creator\" content=\"@Claudomir21\" \/>\n<meta name=\"twitter:site\" content=\"@Claudomir21\" \/>\n<meta name=\"twitter:label1\" content=\"Est. tempo de leitura\">\n\t<meta name=\"twitter:data1\" content=\"1 minuto\">\n<script type=\"application\/ld+json\" class=\"yoast-schema-graph\">{\"@context\":\"https:\/\/schema.org\",\"@graph\":[{\"@type\":\"Organization\",\"@id\":\"https:\/\/tribunadapraia.com.br\/#organization\",\"name\":\"Tribuna da Praia\",\"url\":\"https:\/\/tribunadapraia.com.br\/\",\"sameAs\":[\"https:\/\/www.facebook.com\/tribunadapraiaonline\/\",\"https:\/\/www.instagram.com\/claudomirtavares\/\",\"https:\/\/www.youtube.com\/channel\/UCwQf80nxiMzCefAyjbp53Rw\",\"https:\/\/twitter.com\/Claudomir21\"],\"logo\":{\"@type\":\"ImageObject\",\"@id\":\"https:\/\/tribunadapraia.com.br\/#logo\",\"inLanguage\":\"pt-BR\",\"url\":\"https:\/\/tribunadapraia.com.br\/wp-content\/uploads\/2020\/02\/logo.png\",\"contentUrl\":\"https:\/\/tribunadapraia.com.br\/wp-content\/uploads\/2020\/02\/logo.png\",\"width\":501,\"height\":121,\"caption\":\"Tribuna da Praia\"},\"image\":{\"@id\":\"https:\/\/tribunadapraia.com.br\/#logo\"}},{\"@type\":\"WebSite\",\"@id\":\"https:\/\/tribunadapraia.com.br\/#website\",\"url\":\"https:\/\/tribunadapraia.com.br\/\",\"name\":\"TRIBUNA DA PRAIA\",\"description\":\"O 1\\u00ba jornal do interior de Sergipe na internet\",\"publisher\":{\"@id\":\"https:\/\/tribunadapraia.com.br\/#organization\"},\"potentialAction\":[{\"@type\":\"SearchAction\",\"target\":\"https:\/\/tribunadapraia.com.br\/?s={search_term_string}\",\"query-input\":\"required name=search_term_string\"}],\"inLanguage\":\"pt-BR\"},{\"@type\":\"ImageObject\",\"@id\":\"https:\/\/tribunadapraia.com.br\/?p=1880#primaryimage\",\"inLanguage\":\"pt-BR\",\"url\":\"https:\/\/tribunadapraia.com.br\/wp-content\/uploads\/2020\/10\/IMG-20201025-WA0013.jpg\",\"contentUrl\":\"https:\/\/tribunadapraia.com.br\/wp-content\/uploads\/2020\/10\/IMG-20201025-WA0013.jpg\",\"width\":1040,\"height\":780},{\"@type\":\"WebPage\",\"@id\":\"https:\/\/tribunadapraia.com.br\/?p=1880#webpage\",\"url\":\"https:\/\/tribunadapraia.com.br\/?p=1880\",\"name\":\"A LUTA PELA TERRA: O primeiro debate foi com a candidata S\\u00edlvia Cruz - TRIBUNA DA PRAIA\",\"isPartOf\":{\"@id\":\"https:\/\/tribunadapraia.com.br\/#website\"},\"primaryImageOfPage\":{\"@id\":\"https:\/\/tribunadapraia.com.br\/?p=1880#primaryimage\"},\"datePublished\":\"2020-10-25T10:41:19+00:00\",\"dateModified\":\"2020-10-25T10:45:21+00:00\",\"breadcrumb\":{\"@id\":\"https:\/\/tribunadapraia.com.br\/?p=1880#breadcrumb\"},\"inLanguage\":\"pt-BR\",\"potentialAction\":[{\"@type\":\"ReadAction\",\"target\":[\"https:\/\/tribunadapraia.com.br\/?p=1880\"]}]},{\"@type\":\"BreadcrumbList\",\"@id\":\"https:\/\/tribunadapraia.com.br\/?p=1880#breadcrumb\",\"itemListElement\":[{\"@type\":\"ListItem\",\"position\":1,\"item\":{\"@type\":\"WebPage\",\"@id\":\"https:\/\/tribunadapraia.com.br\/\",\"url\":\"https:\/\/tribunadapraia.com.br\/\",\"name\":\"In\\u00edcio\"}},{\"@type\":\"ListItem\",\"position\":2,\"item\":{\"@id\":\"https:\/\/tribunadapraia.com.br\/?p=1880#webpage\"}}]},{\"@type\":\"Article\",\"@id\":\"https:\/\/tribunadapraia.com.br\/?p=1880#article\",\"isPartOf\":{\"@id\":\"https:\/\/tribunadapraia.com.br\/?p=1880#webpage\"},\"author\":{\"@id\":\"https:\/\/tribunadapraia.com.br\/#\/schema\/person\/326b0a9f3163b479142c64eba4928de0\"},\"headline\":\"A LUTA PELA TERRA: O primeiro debate foi com a candidata S\\u00edlvia Cruz\",\"datePublished\":\"2020-10-25T10:41:19+00:00\",\"dateModified\":\"2020-10-25T10:45:21+00:00\",\"mainEntityOfPage\":{\"@id\":\"https:\/\/tribunadapraia.com.br\/?p=1880#webpage\"},\"wordCount\":129,\"commentCount\":0,\"publisher\":{\"@id\":\"https:\/\/tribunadapraia.com.br\/#organization\"},\"image\":{\"@id\":\"https:\/\/tribunadapraia.com.br\/?p=1880#primaryimage\"},\"thumbnailUrl\":\"https:\/\/tribunadapraia.com.br\/wp-content\/uploads\/2020\/10\/IMG-20201025-WA0013.jpg\",\"articleSection\":[\"Not\\u00edcias\"],\"inLanguage\":\"pt-BR\",\"potentialAction\":[{\"@type\":\"CommentAction\",\"name\":\"Comment\",\"target\":[\"https:\/\/tribunadapraia.com.br\/?p=1880#respond\"]}]},{\"@type\":\"Person\",\"@id\":\"https:\/\/tribunadapraia.com.br\/#\/schema\/person\/326b0a9f3163b479142c64eba4928de0\",\"name\":\"tribunadapraia\",\"image\":{\"@type\":\"ImageObject\",\"@id\":\"https:\/\/tribunadapraia.com.br\/#personlogo\",\"inLanguage\":\"pt-BR\",\"url\":\"https:\/\/secure.gravatar.com\/avatar\/38b019c74762496076b7355024a0dad9?s=96&d=identicon&r=g\",\"contentUrl\":\"https:\/\/secure.gravatar.com\/avatar\/38b019c74762496076b7355024a0dad9?s=96&d=identicon&r=g\",\"caption\":\"tribunadapraia\"}}]}<\/script>\n<!-- \/ Yoast SEO plugin. -->","wps_subtitle":"","_links":{"self":[{"href":"https:\/\/tribunadapraia.com.br\/index.php?rest_route=\/wp\/v2\/posts\/1880"}],"collection":[{"href":"https:\/\/tribunadapraia.com.br\/index.php?rest_route=\/wp\/v2\/posts"}],"about":[{"href":"https:\/\/tribunadapraia.com.br\/index.php?rest_route=\/wp\/v2\/types\/post"}],"author":[{"embeddable":true,"href":"https:\/\/tribunadapraia.com.br\/index.php?rest_route=\/wp\/v2\/users\/1"}],"replies":[{"embeddable":true,"href":"https:\/\/tribunadapraia.com.br\/index.php?rest_route=%2Fwp%2Fv2%2Fcomments&post=1880"}],"version-history":[{"count":3,"href":"https:\/\/tribunadapraia.com.br\/index.php?rest_route=\/wp\/v2\/posts\/1880\/revisions"}],"predecessor-version":[{"id":1886,"href":"https:\/\/tribunadapraia.com.br\/index.php?rest_route=\/wp\/v2\/posts\/1880\/revisions\/1886"}],"wp:featuredmedia":[{"embeddable":true,"href":"https:\/\/tribunadapraia.com.br\/index.php?rest_route=\/wp\/v2\/media\/1881"}],"wp:attachment":[{"href":"https:\/\/tribunadapraia.com.br\/index.php?rest_route=%2Fwp%2Fv2%2Fmedia&parent=1880"}],"wp:term":[{"taxonomy":"category","embeddable":true,"href":"https:\/\/tribunadapraia.com.br\/index.php?rest_route=%2Fwp%2Fv2%2Fcategories&post=1880"},{"taxonomy":"post_tag","embeddable":true,"href":"https:\/\/tribunadapraia.com.br\/index.php?rest_route=%2Fwp%2Fv2%2Ftags&post=1880"}],"curies":[{"name":"wp","href":"https:\/\/api.w.org\/{rel}","templated":true}]}}