{"id":1873,"date":"2020-10-20T20:34:05","date_gmt":"2020-10-20T23:34:05","guid":{"rendered":"https:\/\/tribunadapraia.com.br\/?p=1873"},"modified":"2020-10-20T20:34:52","modified_gmt":"2020-10-20T23:34:52","slug":"dr-valberto-ira-implantar-o-programa-planifica-propria","status":"publish","type":"post","link":"https:\/\/tribunadapraia.com.br\/?p=1873","title":{"rendered":"Dr Valberto ir\u00e1 implantar o Programa Planifica Propri\u00e1"},"content":{"rendered":"<p>O candidato a prefeito de Propri\u00e1 Dr Valberto (MDB) e seu vice Rafael Sandes (PDT) tem como proposta de governo a cria\u00e7\u00e3o do Programa Planifica Propri\u00e1, que ir\u00e1 possibilitar solu\u00e7\u00e3o r\u00e1pida \u00e0s demandas da Aten\u00e7\u00e3o B\u00e1sica, de forma que as necessidades de M\u00e9dia e Alta Complexidade sejam agendadas ap\u00f3s o t\u00e9rmino da consulta, o que ir\u00e1 gerar mais rapidez no diagn\u00f3stico e como consequ\u00eancia melhorar as chances de cura do paciente.<\/p>\n<p>\u201cO Projeto tem como finalidade a reorganiza\u00e7\u00e3o da Aten\u00e7\u00e3o Prim\u00e1ria em conjunto com a Aten\u00e7\u00e3o Especializada, diminuindo assim o tempo de espera para a realiza\u00e7\u00e3o dos exames que ir\u00e3o ajudar no diagn\u00f3stico do paciente\u201d, explicou Dr. Valberto.<\/p>\n<p>Dr Valberto conhece intimamente esse projeto, pois quando era secret\u00e1rio do Estado da Sa\u00fade de Sergipe implantou esse mesmo sistema na cidade de Lagarto, na \u00e9poca ele n\u00e3o conseguiu implantar esse mesmo sistema em Propri\u00e1, pois o munic\u00edpio n\u00e3o atendia os pr\u00e9-requisitos. Ele afirma categoricamente que essa realidade ir\u00e1 mudar, pois, o servi\u00e7o de sa\u00fade ofertado a popula\u00e7\u00e3o \u00e9 uma das suas prioridades. Como m\u00e9dico ele sabe a import\u00e2ncia de um diagn\u00f3stico r\u00e1pido e preciso para melhorar as chances de cura do paciente.<\/p>\n<p>por Assessoria de Imprensa<\/p>\n","protected":false},"excerpt":{"rendered":"<p>O candidato a prefeito de Propri\u00e1 Dr Valberto (MDB) e seu vice Rafael Sandes (PDT) tem como proposta de governo a cria\u00e7\u00e3o do Programa Planifica Propri\u00e1, que ir\u00e1 possibilitar solu\u00e7\u00e3o r\u00e1pida \u00e0s demandas da Aten\u00e7\u00e3o B\u00e1sica, de forma que as necessidades de M\u00e9dia e Alta Complexidade sejam agendadas ap\u00f3s o t\u00e9rmino da consulta, o que ir\u00e1 gerar mais rapidez no diagn\u00f3stico e como consequ\u00eancia melhorar as chances de cura do<\/p>\n","protected":false},"author":1,"featured_media":1874,"comment_status":"open","ping_status":"open","sticky":false,"template":"","format":"standard","meta":[],"categories":[18],"tags":[],"yoast_head":"<!-- This site is optimized with the Yoast SEO plugin v16.3 - https:\/\/yoast.com\/wordpress\/plugins\/seo\/ -->\n<title>Dr Valberto ir\u00e1 implantar o Programa Planifica Propri\u00e1 - TRIBUNA DA PRAIA<\/title>\n<meta name=\"robots\" content=\"index, follow, max-snippet:-1, max-image-preview:large, max-video-preview:-1\" \/>\n<link rel=\"canonical\" href=\"https:\/\/tribunadapraia.com.br\/?p=1873\" \/>\n<meta property=\"og:locale\" content=\"pt_BR\" \/>\n<meta property=\"og:type\" content=\"article\" \/>\n<meta property=\"og:title\" content=\"Dr Valberto ir\u00e1 implantar o Programa Planifica Propri\u00e1 - TRIBUNA DA PRAIA\" \/>\n<meta property=\"og:description\" content=\"O candidato a prefeito de Propri\u00e1 Dr Valberto (MDB) e seu vice Rafael Sandes (PDT) tem como proposta de governo a cria\u00e7\u00e3o do Programa Planifica Propri\u00e1, que ir\u00e1 possibilitar solu\u00e7\u00e3o r\u00e1pida \u00e0s demandas da Aten\u00e7\u00e3o B\u00e1sica, de forma que as necessidades de M\u00e9dia e Alta Complexidade sejam agendadas ap\u00f3s o t\u00e9rmino da consulta, o que ir\u00e1 gerar mais rapidez no diagn\u00f3stico e como consequ\u00eancia melhorar as chances de cura do\" \/>\n<meta property=\"og:url\" content=\"https:\/\/tribunadapraia.com.br\/?p=1873\" \/>\n<meta property=\"og:site_name\" content=\"TRIBUNA DA PRAIA\" \/>\n<meta property=\"article:publisher\" content=\"https:\/\/www.facebook.com\/tribunadapraiaonline\/\" \/>\n<meta property=\"article:published_time\" content=\"2020-10-20T23:34:05+00:00\" \/>\n<meta property=\"article:modified_time\" content=\"2020-10-20T23:34:52+00:00\" \/>\n<meta property=\"og:image\" content=\"https:\/\/tribunadapraia.com.br\/wp-content\/uploads\/2020\/10\/IMG-20201020-WA0124.jpg\" \/>\n\t<meta property=\"og:image:width\" content=\"720\" \/>\n\t<meta property=\"og:image:height\" content=\"715\" \/>\n<meta name=\"twitter:card\" content=\"summary_large_image\" \/>\n<meta name=\"twitter:creator\" content=\"@Claudomir21\" \/>\n<meta name=\"twitter:site\" content=\"@Claudomir21\" \/>\n<meta name=\"twitter:label1\" content=\"Est. tempo de leitura\">\n\t<meta name=\"twitter:data1\" content=\"1 minuto\">\n<script type=\"application\/ld+json\" class=\"yoast-schema-graph\">{\"@context\":\"https:\/\/schema.org\",\"@graph\":[{\"@type\":\"Organization\",\"@id\":\"https:\/\/tribunadapraia.com.br\/#organization\",\"name\":\"Tribuna da Praia\",\"url\":\"https:\/\/tribunadapraia.com.br\/\",\"sameAs\":[\"https:\/\/www.facebook.com\/tribunadapraiaonline\/\",\"https:\/\/www.instagram.com\/claudomirtavares\/\",\"https:\/\/www.youtube.com\/channel\/UCwQf80nxiMzCefAyjbp53Rw\",\"https:\/\/twitter.com\/Claudomir21\"],\"logo\":{\"@type\":\"ImageObject\",\"@id\":\"https:\/\/tribunadapraia.com.br\/#logo\",\"inLanguage\":\"pt-BR\",\"url\":\"https:\/\/tribunadapraia.com.br\/wp-content\/uploads\/2020\/02\/logo.png\",\"contentUrl\":\"https:\/\/tribunadapraia.com.br\/wp-content\/uploads\/2020\/02\/logo.png\",\"width\":501,\"height\":121,\"caption\":\"Tribuna da Praia\"},\"image\":{\"@id\":\"https:\/\/tribunadapraia.com.br\/#logo\"}},{\"@type\":\"WebSite\",\"@id\":\"https:\/\/tribunadapraia.com.br\/#website\",\"url\":\"https:\/\/tribunadapraia.com.br\/\",\"name\":\"TRIBUNA DA PRAIA\",\"description\":\"O 1\\u00ba jornal do interior de Sergipe na internet\",\"publisher\":{\"@id\":\"https:\/\/tribunadapraia.com.br\/#organization\"},\"potentialAction\":[{\"@type\":\"SearchAction\",\"target\":\"https:\/\/tribunadapraia.com.br\/?s={search_term_string}\",\"query-input\":\"required name=search_term_string\"}],\"inLanguage\":\"pt-BR\"},{\"@type\":\"ImageObject\",\"@id\":\"https:\/\/tribunadapraia.com.br\/?p=1873#primaryimage\",\"inLanguage\":\"pt-BR\",\"url\":\"https:\/\/tribunadapraia.com.br\/wp-content\/uploads\/2020\/10\/IMG-20201020-WA0124.jpg\",\"contentUrl\":\"https:\/\/tribunadapraia.com.br\/wp-content\/uploads\/2020\/10\/IMG-20201020-WA0124.jpg\",\"width\":720,\"height\":715},{\"@type\":\"WebPage\",\"@id\":\"https:\/\/tribunadapraia.com.br\/?p=1873#webpage\",\"url\":\"https:\/\/tribunadapraia.com.br\/?p=1873\",\"name\":\"Dr Valberto ir\\u00e1 implantar o Programa Planifica Propri\\u00e1 - TRIBUNA DA PRAIA\",\"isPartOf\":{\"@id\":\"https:\/\/tribunadapraia.com.br\/#website\"},\"primaryImageOfPage\":{\"@id\":\"https:\/\/tribunadapraia.com.br\/?p=1873#primaryimage\"},\"datePublished\":\"2020-10-20T23:34:05+00:00\",\"dateModified\":\"2020-10-20T23:34:52+00:00\",\"breadcrumb\":{\"@id\":\"https:\/\/tribunadapraia.com.br\/?p=1873#breadcrumb\"},\"inLanguage\":\"pt-BR\",\"potentialAction\":[{\"@type\":\"ReadAction\",\"target\":[\"https:\/\/tribunadapraia.com.br\/?p=1873\"]}]},{\"@type\":\"BreadcrumbList\",\"@id\":\"https:\/\/tribunadapraia.com.br\/?p=1873#breadcrumb\",\"itemListElement\":[{\"@type\":\"ListItem\",\"position\":1,\"item\":{\"@type\":\"WebPage\",\"@id\":\"https:\/\/tribunadapraia.com.br\/\",\"url\":\"https:\/\/tribunadapraia.com.br\/\",\"name\":\"In\\u00edcio\"}},{\"@type\":\"ListItem\",\"position\":2,\"item\":{\"@id\":\"https:\/\/tribunadapraia.com.br\/?p=1873#webpage\"}}]},{\"@type\":\"Article\",\"@id\":\"https:\/\/tribunadapraia.com.br\/?p=1873#article\",\"isPartOf\":{\"@id\":\"https:\/\/tribunadapraia.com.br\/?p=1873#webpage\"},\"author\":{\"@id\":\"https:\/\/tribunadapraia.com.br\/#\/schema\/person\/326b0a9f3163b479142c64eba4928de0\"},\"headline\":\"Dr Valberto ir\\u00e1 implantar o Programa Planifica Propri\\u00e1\",\"datePublished\":\"2020-10-20T23:34:05+00:00\",\"dateModified\":\"2020-10-20T23:34:52+00:00\",\"mainEntityOfPage\":{\"@id\":\"https:\/\/tribunadapraia.com.br\/?p=1873#webpage\"},\"wordCount\":232,\"commentCount\":0,\"publisher\":{\"@id\":\"https:\/\/tribunadapraia.com.br\/#organization\"},\"image\":{\"@id\":\"https:\/\/tribunadapraia.com.br\/?p=1873#primaryimage\"},\"thumbnailUrl\":\"https:\/\/tribunadapraia.com.br\/wp-content\/uploads\/2020\/10\/IMG-20201020-WA0124.jpg\",\"articleSection\":[\"Not\\u00edcias\"],\"inLanguage\":\"pt-BR\",\"potentialAction\":[{\"@type\":\"CommentAction\",\"name\":\"Comment\",\"target\":[\"https:\/\/tribunadapraia.com.br\/?p=1873#respond\"]}]},{\"@type\":\"Person\",\"@id\":\"https:\/\/tribunadapraia.com.br\/#\/schema\/person\/326b0a9f3163b479142c64eba4928de0\",\"name\":\"tribunadapraia\",\"image\":{\"@type\":\"ImageObject\",\"@id\":\"https:\/\/tribunadapraia.com.br\/#personlogo\",\"inLanguage\":\"pt-BR\",\"url\":\"https:\/\/secure.gravatar.com\/avatar\/38b019c74762496076b7355024a0dad9?s=96&d=identicon&r=g\",\"contentUrl\":\"https:\/\/secure.gravatar.com\/avatar\/38b019c74762496076b7355024a0dad9?s=96&d=identicon&r=g\",\"caption\":\"tribunadapraia\"}}]}<\/script>\n<!-- \/ Yoast SEO plugin. -->","wps_subtitle":"","_links":{"self":[{"href":"https:\/\/tribunadapraia.com.br\/index.php?rest_route=\/wp\/v2\/posts\/1873"}],"collection":[{"href":"https:\/\/tribunadapraia.com.br\/index.php?rest_route=\/wp\/v2\/posts"}],"about":[{"href":"https:\/\/tribunadapraia.com.br\/index.php?rest_route=\/wp\/v2\/types\/post"}],"author":[{"embeddable":true,"href":"https:\/\/tribunadapraia.com.br\/index.php?rest_route=\/wp\/v2\/users\/1"}],"replies":[{"embeddable":true,"href":"https:\/\/tribunadapraia.com.br\/index.php?rest_route=%2Fwp%2Fv2%2Fcomments&post=1873"}],"version-history":[{"count":1,"href":"https:\/\/tribunadapraia.com.br\/index.php?rest_route=\/wp\/v2\/posts\/1873\/revisions"}],"predecessor-version":[{"id":1875,"href":"https:\/\/tribunadapraia.com.br\/index.php?rest_route=\/wp\/v2\/posts\/1873\/revisions\/1875"}],"wp:featuredmedia":[{"embeddable":true,"href":"https:\/\/tribunadapraia.com.br\/index.php?rest_route=\/wp\/v2\/media\/1874"}],"wp:attachment":[{"href":"https:\/\/tribunadapraia.com.br\/index.php?rest_route=%2Fwp%2Fv2%2Fmedia&parent=1873"}],"wp:term":[{"taxonomy":"category","embeddable":true,"href":"https:\/\/tribunadapraia.com.br\/index.php?rest_route=%2Fwp%2Fv2%2Fcategories&post=1873"},{"taxonomy":"post_tag","embeddable":true,"href":"https:\/\/tribunadapraia.com.br\/index.php?rest_route=%2Fwp%2Fv2%2Ftags&post=1873"}],"curies":[{"name":"wp","href":"https:\/\/api.w.org\/{rel}","templated":true}]}}