{"id":1868,"date":"2020-10-18T12:34:19","date_gmt":"2020-10-18T15:34:19","guid":{"rendered":"https:\/\/tribunadapraia.com.br\/?p=1868"},"modified":"2020-10-18T12:34:19","modified_gmt":"2020-10-18T15:34:19","slug":"propria-em-debate-candidatos-prefeito-ja-foram-devidamente-comunicados-e-oficialmente-convidados-para-reuniao","status":"publish","type":"post","link":"https:\/\/tribunadapraia.com.br\/?p=1868","title":{"rendered":"Propri\u00e1 em Debate: Candidatos prefeito j\u00e1 foram devidamente comunicados e oficialmente convidados para reuni\u00e3o"},"content":{"rendered":"<p>Atrav\u00e9s de Jos\u00e9 Am\u00e9rico Luma, Noyberts Lucas Dantas, Djalma Santos de Castro e Glaedson Novais Pinto, os candidatos a prefeito de Propri\u00e1 Antony Britto (Republicanos), Iokanaan Santana (PL), Luciano Nascimento (DEM) e Valberto Lima (MDB) j\u00e1 est\u00e3o oficialmente comunicados e oficialmente convidados parav a Reuni\u00e3o que o Cons\u00f3rcio de Comunicadores realizar\u00e1 nesta segunda-feira, 19, \u00e0s 10 da manh\u00e3 para apresentar \u00e0s bases do Debate Hist\u00f3rico sobre \u00e0s elei\u00e7\u00f5es 2020 em 28 de Outubro, \u00e0s 20 horas e que ser\u00e1 retransmitido por um pool de emissoras de r\u00e1dio, strainings, portais e plataformas digitais, estando previsto o alcan\u00e7e entre 7 a 10 mil perfis\/ips (pessoas).<\/p>\n<p>por ClaudOmir Herzog | C.C. de Pripri\u00e1<\/p>\n","protected":false},"excerpt":{"rendered":"<p>Atrav\u00e9s de Jos\u00e9 Am\u00e9rico Luma, Noyberts Lucas Dantas, Djalma Santos de Castro e Glaedson Novais Pinto, os candidatos a prefeito de Propri\u00e1 Antony Britto (Republicanos), Iokanaan Santana (PL), Luciano Nascimento (DEM) e Valberto Lima (MDB) j\u00e1 est\u00e3o oficialmente comunicados e oficialmente convidados parav a Reuni\u00e3o que o Cons\u00f3rcio de Comunicadores realizar\u00e1 nesta segunda-feira, 19, \u00e0s 10 da manh\u00e3 para apresentar \u00e0s bases do Debate Hist\u00f3rico sobre \u00e0s elei\u00e7\u00f5es 2020 em<\/p>\n","protected":false},"author":3,"featured_media":1869,"comment_status":"open","ping_status":"open","sticky":false,"template":"","format":"standard","meta":[],"categories":[18],"tags":[],"yoast_head":"<!-- This site is optimized with the Yoast SEO plugin v16.3 - https:\/\/yoast.com\/wordpress\/plugins\/seo\/ -->\n<title>Propri\u00e1 em Debate: Candidatos prefeito j\u00e1 foram devidamente comunicados e oficialmente convidados para reuni\u00e3o - TRIBUNA DA PRAIA<\/title>\n<meta name=\"robots\" content=\"index, follow, max-snippet:-1, max-image-preview:large, max-video-preview:-1\" \/>\n<link rel=\"canonical\" href=\"https:\/\/tribunadapraia.com.br\/?p=1868\" \/>\n<meta property=\"og:locale\" content=\"pt_BR\" \/>\n<meta property=\"og:type\" content=\"article\" \/>\n<meta property=\"og:title\" content=\"Propri\u00e1 em Debate: Candidatos prefeito j\u00e1 foram devidamente comunicados e oficialmente convidados para reuni\u00e3o - TRIBUNA DA PRAIA\" \/>\n<meta property=\"og:description\" content=\"Atrav\u00e9s de Jos\u00e9 Am\u00e9rico Luma, Noyberts Lucas Dantas, Djalma Santos de Castro e Glaedson Novais Pinto, os candidatos a prefeito de Propri\u00e1 Antony Britto (Republicanos), Iokanaan Santana (PL), Luciano Nascimento (DEM) e Valberto Lima (MDB) j\u00e1 est\u00e3o oficialmente comunicados e oficialmente convidados parav a Reuni\u00e3o que o Cons\u00f3rcio de Comunicadores realizar\u00e1 nesta segunda-feira, 19, \u00e0s 10 da manh\u00e3 para apresentar \u00e0s bases do Debate Hist\u00f3rico sobre \u00e0s elei\u00e7\u00f5es 2020 em\" \/>\n<meta property=\"og:url\" content=\"https:\/\/tribunadapraia.com.br\/?p=1868\" \/>\n<meta property=\"og:site_name\" content=\"TRIBUNA DA PRAIA\" \/>\n<meta property=\"article:publisher\" content=\"https:\/\/www.facebook.com\/tribunadapraiaonline\/\" \/>\n<meta property=\"article:published_time\" content=\"2020-10-18T15:34:19+00:00\" \/>\n<meta property=\"og:image\" content=\"https:\/\/tribunadapraia.com.br\/wp-content\/uploads\/2020\/10\/IMG-20201018-WA0007.jpg\" \/>\n\t<meta property=\"og:image:width\" content=\"720\" \/>\n\t<meta property=\"og:image:height\" content=\"529\" \/>\n<meta name=\"twitter:card\" content=\"summary_large_image\" \/>\n<meta name=\"twitter:creator\" content=\"@Claudomir21\" \/>\n<meta name=\"twitter:site\" content=\"@Claudomir21\" \/>\n<meta name=\"twitter:label1\" content=\"Est. tempo de leitura\">\n\t<meta name=\"twitter:data1\" content=\"1 minuto\">\n<script type=\"application\/ld+json\" class=\"yoast-schema-graph\">{\"@context\":\"https:\/\/schema.org\",\"@graph\":[{\"@type\":\"Organization\",\"@id\":\"https:\/\/tribunadapraia.com.br\/#organization\",\"name\":\"Tribuna da Praia\",\"url\":\"https:\/\/tribunadapraia.com.br\/\",\"sameAs\":[\"https:\/\/www.facebook.com\/tribunadapraiaonline\/\",\"https:\/\/www.instagram.com\/claudomirtavares\/\",\"https:\/\/www.youtube.com\/channel\/UCwQf80nxiMzCefAyjbp53Rw\",\"https:\/\/twitter.com\/Claudomir21\"],\"logo\":{\"@type\":\"ImageObject\",\"@id\":\"https:\/\/tribunadapraia.com.br\/#logo\",\"inLanguage\":\"pt-BR\",\"url\":\"https:\/\/tribunadapraia.com.br\/wp-content\/uploads\/2020\/02\/logo.png\",\"contentUrl\":\"https:\/\/tribunadapraia.com.br\/wp-content\/uploads\/2020\/02\/logo.png\",\"width\":501,\"height\":121,\"caption\":\"Tribuna da Praia\"},\"image\":{\"@id\":\"https:\/\/tribunadapraia.com.br\/#logo\"}},{\"@type\":\"WebSite\",\"@id\":\"https:\/\/tribunadapraia.com.br\/#website\",\"url\":\"https:\/\/tribunadapraia.com.br\/\",\"name\":\"TRIBUNA DA PRAIA\",\"description\":\"O 1\\u00ba jornal do interior de Sergipe na internet\",\"publisher\":{\"@id\":\"https:\/\/tribunadapraia.com.br\/#organization\"},\"potentialAction\":[{\"@type\":\"SearchAction\",\"target\":\"https:\/\/tribunadapraia.com.br\/?s={search_term_string}\",\"query-input\":\"required name=search_term_string\"}],\"inLanguage\":\"pt-BR\"},{\"@type\":\"ImageObject\",\"@id\":\"https:\/\/tribunadapraia.com.br\/?p=1868#primaryimage\",\"inLanguage\":\"pt-BR\",\"url\":\"https:\/\/tribunadapraia.com.br\/wp-content\/uploads\/2020\/10\/IMG-20201018-WA0007.jpg\",\"contentUrl\":\"https:\/\/tribunadapraia.com.br\/wp-content\/uploads\/2020\/10\/IMG-20201018-WA0007.jpg\",\"width\":720,\"height\":529},{\"@type\":\"WebPage\",\"@id\":\"https:\/\/tribunadapraia.com.br\/?p=1868#webpage\",\"url\":\"https:\/\/tribunadapraia.com.br\/?p=1868\",\"name\":\"Propri\\u00e1 em Debate: Candidatos prefeito j\\u00e1 foram devidamente comunicados e oficialmente convidados para reuni\\u00e3o - TRIBUNA DA PRAIA\",\"isPartOf\":{\"@id\":\"https:\/\/tribunadapraia.com.br\/#website\"},\"primaryImageOfPage\":{\"@id\":\"https:\/\/tribunadapraia.com.br\/?p=1868#primaryimage\"},\"datePublished\":\"2020-10-18T15:34:19+00:00\",\"dateModified\":\"2020-10-18T15:34:19+00:00\",\"breadcrumb\":{\"@id\":\"https:\/\/tribunadapraia.com.br\/?p=1868#breadcrumb\"},\"inLanguage\":\"pt-BR\",\"potentialAction\":[{\"@type\":\"ReadAction\",\"target\":[\"https:\/\/tribunadapraia.com.br\/?p=1868\"]}]},{\"@type\":\"BreadcrumbList\",\"@id\":\"https:\/\/tribunadapraia.com.br\/?p=1868#breadcrumb\",\"itemListElement\":[{\"@type\":\"ListItem\",\"position\":1,\"item\":{\"@type\":\"WebPage\",\"@id\":\"https:\/\/tribunadapraia.com.br\/\",\"url\":\"https:\/\/tribunadapraia.com.br\/\",\"name\":\"In\\u00edcio\"}},{\"@type\":\"ListItem\",\"position\":2,\"item\":{\"@id\":\"https:\/\/tribunadapraia.com.br\/?p=1868#webpage\"}}]},{\"@type\":\"Article\",\"@id\":\"https:\/\/tribunadapraia.com.br\/?p=1868#article\",\"isPartOf\":{\"@id\":\"https:\/\/tribunadapraia.com.br\/?p=1868#webpage\"},\"author\":{\"@id\":\"https:\/\/tribunadapraia.com.br\/#\/schema\/person\/099fbbf59acc5895c0d7d52b4fc46c97\"},\"headline\":\"Propri\\u00e1 em Debate: Candidatos prefeito j\\u00e1 foram devidamente comunicados e oficialmente convidados para reuni\\u00e3o\",\"datePublished\":\"2020-10-18T15:34:19+00:00\",\"dateModified\":\"2020-10-18T15:34:19+00:00\",\"mainEntityOfPage\":{\"@id\":\"https:\/\/tribunadapraia.com.br\/?p=1868#webpage\"},\"wordCount\":128,\"commentCount\":0,\"publisher\":{\"@id\":\"https:\/\/tribunadapraia.com.br\/#organization\"},\"image\":{\"@id\":\"https:\/\/tribunadapraia.com.br\/?p=1868#primaryimage\"},\"thumbnailUrl\":\"https:\/\/tribunadapraia.com.br\/wp-content\/uploads\/2020\/10\/IMG-20201018-WA0007.jpg\",\"articleSection\":[\"Not\\u00edcias\"],\"inLanguage\":\"pt-BR\",\"potentialAction\":[{\"@type\":\"CommentAction\",\"name\":\"Comment\",\"target\":[\"https:\/\/tribunadapraia.com.br\/?p=1868#respond\"]}]},{\"@type\":\"Person\",\"@id\":\"https:\/\/tribunadapraia.com.br\/#\/schema\/person\/099fbbf59acc5895c0d7d52b4fc46c97\",\"name\":\"Reda\\u00e7\\u00e3o\",\"image\":{\"@type\":\"ImageObject\",\"@id\":\"https:\/\/tribunadapraia.com.br\/#personlogo\",\"inLanguage\":\"pt-BR\",\"url\":\"https:\/\/secure.gravatar.com\/avatar\/91c8b91d2bfd7784eac5c3e055361f64?s=96&d=identicon&r=g\",\"contentUrl\":\"https:\/\/secure.gravatar.com\/avatar\/91c8b91d2bfd7784eac5c3e055361f64?s=96&d=identicon&r=g\",\"caption\":\"Reda\\u00e7\\u00e3o\"}}]}<\/script>\n<!-- \/ Yoast SEO plugin. -->","wps_subtitle":"","_links":{"self":[{"href":"https:\/\/tribunadapraia.com.br\/index.php?rest_route=\/wp\/v2\/posts\/1868"}],"collection":[{"href":"https:\/\/tribunadapraia.com.br\/index.php?rest_route=\/wp\/v2\/posts"}],"about":[{"href":"https:\/\/tribunadapraia.com.br\/index.php?rest_route=\/wp\/v2\/types\/post"}],"author":[{"embeddable":true,"href":"https:\/\/tribunadapraia.com.br\/index.php?rest_route=\/wp\/v2\/users\/3"}],"replies":[{"embeddable":true,"href":"https:\/\/tribunadapraia.com.br\/index.php?rest_route=%2Fwp%2Fv2%2Fcomments&post=1868"}],"version-history":[{"count":1,"href":"https:\/\/tribunadapraia.com.br\/index.php?rest_route=\/wp\/v2\/posts\/1868\/revisions"}],"predecessor-version":[{"id":1870,"href":"https:\/\/tribunadapraia.com.br\/index.php?rest_route=\/wp\/v2\/posts\/1868\/revisions\/1870"}],"wp:featuredmedia":[{"embeddable":true,"href":"https:\/\/tribunadapraia.com.br\/index.php?rest_route=\/wp\/v2\/media\/1869"}],"wp:attachment":[{"href":"https:\/\/tribunadapraia.com.br\/index.php?rest_route=%2Fwp%2Fv2%2Fmedia&parent=1868"}],"wp:term":[{"taxonomy":"category","embeddable":true,"href":"https:\/\/tribunadapraia.com.br\/index.php?rest_route=%2Fwp%2Fv2%2Fcategories&post=1868"},{"taxonomy":"post_tag","embeddable":true,"href":"https:\/\/tribunadapraia.com.br\/index.php?rest_route=%2Fwp%2Fv2%2Ftags&post=1868"}],"curies":[{"name":"wp","href":"https:\/\/api.w.org\/{rel}","templated":true}]}}